{"id":74089,"date":"2023-10-27T15:49:57","date_gmt":"2023-10-27T21:49:57","guid":{"rendered":"https:\/\/elmetropolitano.com.gt\/es\/?p=74089"},"modified":"2023-10-27T15:49:58","modified_gmt":"2023-10-27T21:49:58","slug":"congresistas-norteamericanos-piden-alentar-transicion-pacifica-en-guatemala","status":"publish","type":"post","link":"https:\/\/elmetropolitano.com.gt\/es\/congresistas-norteamericanos-piden-alentar-transicion-pacifica-en-guatemala\/","title":{"rendered":"Congresistas norteamericanos piden alentar transici\u00f3n pac\u00edfica en Guatemala"},"content":{"rendered":"\n<p>Los congresistas, entre ellos Norma Torres de origen guatemalteca, enviaron una carta al secretario de Estado de EE. UU., Antony Blinken, solicitando a la administraci\u00f3n del presidente Joe Biden alentar una transici\u00f3n pac\u00edfica del poder en Guatemala, debido a la coyuntura que se vive en Guatemala marcada por manifestaciones y bloqueos que se mantienen desde hace 26 d\u00edas para exigir el respeto de los resultados electorales.<\/p>\n\n\n\n<p>En una carta enviada al secretario de Estado, Antony Blinken, expusieron que la petici\u00f3n al gobierno estadounidense va enfocada en que exprese su apoyo a la legitimidad del presidente electo, Bernardo Ar\u00e9valo, y el partido Movimiento Semilla, con el cual se postul\u00f3, antes de que finalice el periodo electoral, lo cual est\u00e1 previsto para el 31 de octubre.<\/p><div class=\"elmet-contenido\" id=\"elmet-1050383246\"><div class=\"elmet-adlabel\">Anuncios<\/div><div style=\"margin-top: 20px;margin-right: 20px;margin-bottom: 20px;margin-left: 20px;\" id=\"elmet-749271176\"><a href=\"https:\/\/www.facebook.com\/arrincuanantigua\/\" aria-label=\"cintillo-arrin-cual\"><img loading=\"lazy\" decoding=\"async\" src=\"https:\/\/elmetropolitano.com.gt\/es\/wp-content\/uploads\/2021\/11\/cintillo-arrin-cual-1.jpg\" alt=\"\"  srcset=\"https:\/\/elmetropolitano.com.gt\/es\/wp-content\/uploads\/2021\/11\/cintillo-arrin-cual-1.jpg 750w, https:\/\/elmetropolitano.com.gt\/es\/wp-content\/uploads\/2021\/11\/cintillo-arrin-cual-1-300x36.jpg 300w, https:\/\/elmetropolitano.com.gt\/es\/wp-content\/uploads\/2021\/11\/cintillo-arrin-cual-1-600x72.jpg 600w\" sizes=\"(max-width: 750px) 100vw, 750px\" width=\"750\" height=\"90\"   \/><\/a><\/div><\/div>\n\n\n\n<p>Adem\u00e1s, los congresistas Norma Torres, Vern Buchanan y Dina Titus plantean tambi\u00e9n la de trabajar con socios internacionales para evitar m\u00e1s reincidencia en la naci\u00f3n centroamericana.<\/p>\n\n\n\n<p>\u201cComo socio desde hace mucho tiempo del Congreso de Guatemala, la House Democracy Partnership, defiende firmemente el estado de derecho y en apoyo a los procesos democr\u00e1ticos en Guatemala\u201d, se\u00f1alan en la carta enviada al alto funcionario norteamericano. #metroredes <a href=\"http:\/\/www.metroredes.com\">www.metroredes.com<\/a><a href=\"http:\/\/www.elescuintleco.com\">www.elescuintleco.com<\/a><a href=\"http:\/\/www.elmetropolitano.com.gt\">www.elmetropolitano.com.gt<\/a><\/p>\n","protected":false},"excerpt":{"rendered":"<p>Los congresistas, entre ellos Norma Torres de origen guatemalteca, enviaron una carta al secretario de Estado de EE. UU., Antony Blinken, solicitando a la administraci\u00f3n del presidente Joe Biden alentar una transici\u00f3n pac\u00edfica del poder en Guatemala, debido a la coyuntura que se vive en Guatemala marcada por manifestaciones y bloqueos que se mantienen desde <a class=\"read-more\" href=\"https:\/\/elmetropolitano.com.gt\/es\/congresistas-norteamericanos-piden-alentar-transicion-pacifica-en-guatemala\/\">Leer m\u00e1s<\/a><\/p>\n","protected":false},"author":1,"featured_media":74090,"comment_status":"open","ping_status":"closed","sticky":false,"template":"","format":"standard","meta":{"footnotes":""},"categories":[14],"tags":[15],"class_list":["post-74089","post","type-post","status-publish","format-standard","has-post-thumbnail","hentry","category-internacionales","tag-internacionales"],"_links":{"self":[{"href":"https:\/\/elmetropolitano.com.gt\/es\/wp-json\/wp\/v2\/posts\/74089","targetHints":{"allow":["GET"]}}],"collection":[{"href":"https:\/\/elmetropolitano.com.gt\/es\/wp-json\/wp\/v2\/posts"}],"about":[{"href":"https:\/\/elmetropolitano.com.gt\/es\/wp-json\/wp\/v2\/types\/post"}],"author":[{"embeddable":true,"href":"https:\/\/elmetropolitano.com.gt\/es\/wp-json\/wp\/v2\/users\/1"}],"replies":[{"embeddable":true,"href":"https:\/\/elmetropolitano.com.gt\/es\/wp-json\/wp\/v2\/comments?post=74089"}],"version-history":[{"count":1,"href":"https:\/\/elmetropolitano.com.gt\/es\/wp-json\/wp\/v2\/posts\/74089\/revisions"}],"predecessor-version":[{"id":74091,"href":"https:\/\/elmetropolitano.com.gt\/es\/wp-json\/wp\/v2\/posts\/74089\/revisions\/74091"}],"wp:featuredmedia":[{"embeddable":true,"href":"https:\/\/elmetropolitano.com.gt\/es\/wp-json\/wp\/v2\/media\/74090"}],"wp:attachment":[{"href":"https:\/\/elmetropolitano.com.gt\/es\/wp-json\/wp\/v2\/media?parent=74089"}],"wp:term":[{"taxonomy":"category","embeddable":true,"href":"https:\/\/elmetropolitano.com.gt\/es\/wp-json\/wp\/v2\/categories?post=74089"},{"taxonomy":"post_tag","embeddable":true,"href":"https:\/\/elmetropolitano.com.gt\/es\/wp-json\/wp\/v2\/tags?post=74089"}],"curies":[{"name":"wp","href":"https:\/\/api.w.org\/{rel}","templated":true}]}}