{"id":74101,"date":"2023-10-28T19:45:48","date_gmt":"2023-10-29T01:45:48","guid":{"rendered":"https:\/\/elmetropolitano.com.gt\/es\/?p=74101"},"modified":"2023-10-28T19:45:49","modified_gmt":"2023-10-29T01:45:49","slug":"insivumeh-pronostica-nublados-y-lluvias-para-este-sabado","status":"publish","type":"post","link":"https:\/\/elmetropolitano.com.gt\/es\/insivumeh-pronostica-nublados-y-lluvias-para-este-sabado\/","title":{"rendered":"Insivumeh pronostica nublados y lluvias para este s\u00e1bado"},"content":{"rendered":"\n<p>Debido al ingreso de humedad desde el Oc\u00e9ano Pac\u00edfico, este s\u00e1bado persisten los nublados y lluvias con actividad el\u00e9ctrica en el pa\u00eds, de acuerdo con el pron\u00f3stico del Instituto Nacional de Sismolog\u00eda, Vulcanolog\u00eda, Meteorolog\u00eda e Hidrolog\u00eda (Insivumeh).<\/p>\n\n\n\n<p><a><\/a>Asimismo, contin\u00faa influencia de baja presi\u00f3n al sur del territorio nacional.<\/p><div class=\"elmet-contenido\" id=\"elmet-3871228746\"><div class=\"elmet-adlabel\">Anuncios<\/div><div style=\"margin-top: 20px;margin-right: 20px;margin-bottom: 20px;margin-left: 20px;\" id=\"elmet-2227482102\"><a href=\"https:\/\/www.facebook.com\/arrincuanantigua\/\" aria-label=\"cintillo-arrin-cual\"><img loading=\"lazy\" decoding=\"async\" src=\"https:\/\/elmetropolitano.com.gt\/es\/wp-content\/uploads\/2021\/11\/cintillo-arrin-cual-1.jpg\" alt=\"\"  srcset=\"https:\/\/elmetropolitano.com.gt\/es\/wp-content\/uploads\/2021\/11\/cintillo-arrin-cual-1.jpg 750w, https:\/\/elmetropolitano.com.gt\/es\/wp-content\/uploads\/2021\/11\/cintillo-arrin-cual-1-300x36.jpg 300w, https:\/\/elmetropolitano.com.gt\/es\/wp-content\/uploads\/2021\/11\/cintillo-arrin-cual-1-600x72.jpg 600w\" sizes=\"(max-width: 750px) 100vw, 750px\" width=\"750\" height=\"90\"   \/><\/a><\/div><\/div>\n\n\n\n<p>Nublados<\/p>\n\n\n\n<p>Tambi\u00e9n se presentan nublados al amanecer sin descartar lloviznas. Adem\u00e1s, habr\u00e1 nubosidad dispersa alternando con nublados parciales en todo el per\u00edodo.<\/p>\n\n\n\n<p>Lluvias<\/p>\n\n\n\n<p>Los mayores acumulados de lluvia podr\u00edan presentarse sobre:<\/p>\n\n\n\n<p>costa sur<\/p>\n\n\n\n<p>valle de oriente<\/p>\n\n\n\n<p>franja transversal del norte<\/p>\n\n\n\n<p>\u00e1rea del Caribe<\/p>\n\n\n\n<p>Bolet\u00edn vulcanol\u00f3gico<\/p>\n\n\n\n<p>Volc\u00e1n Pacaya<\/p>\n\n\n\n<p>Altura 2552 msnm<\/p>\n\n\n\n<p>En el cr\u00e1ter Mackenney se observa fumarola blanca y azul que se desplaza al sur a baja altura. El Insivumeh y sus estaciones s\u00edsmicas registran eventos asociados a desgasificaci\u00f3n y derrumbes internos.<\/p>\n\n\n\n<p>Volc\u00e1n de Fuego<\/p>\n\n\n\n<p>Altura 3763 msnm<\/p>\n\n\n\n<p>De acuerdo con la informaci\u00f3n, se observaron explosiones d\u00e9biles y moderadas. Tambi\u00e9n algunas explosiones con retumbos y ondas de choque, as\u00ed como sonidos de desgasificaci\u00f3n.<\/p>\n\n\n\n<p>Por la tarde y noche se pronostican lluvias sobre el \u00e1rea volc\u00e1nica, por lo que existe la probabilidad de que se desarrollen lahares en \u00e1reas aleda\u00f1as.<\/p>\n\n\n\n<p>Volc\u00e1n Santiaguito<\/p>\n\n\n\n<p>Altura 2500 msnm<\/p>\n\n\n\n<p>Se observ\u00f3 una fumarola blanca y azul sobre el cr\u00e1ter del domo. Adem\u00e1s, se producen explosiones d\u00e9biles y moderadas acompa\u00f1adas de columnas de ceniza, con desplazamiento al oeste y sureste. Por esa raz\u00f3n se sugiere no acercarse al \u00e1rea de los domos y del flujo de lava.<\/p>\n\n\n\n<p>Recomendaciones<\/p>\n\n\n\n<p>El Insivumeh recomienda mantener las precauciones necesarias ante las lluvias previstas, ya que podr\u00edan provocar crecidas repentinas de r\u00edos, inundaciones. Tambi\u00e9n podr\u00edan producirse movimientos en masa o da\u00f1os en la red vial e infraestructura del pa\u00eds, as\u00ed como mantenerse abrigados en horas de noche y madrugada.<\/p>\n\n\n\n<p>Adem\u00e1s, la Secretar\u00eda Ejecutiva de la Conred recomienda tener mochilas de las 72 horas en varios lugares, como el autom\u00f3vil, hogar y trabajo.<\/p>\n\n\n\n<p>N\u00fameros en caso de emergencia<\/p>\n\n\n\n<p>Tambi\u00e9n se recomienda mantener presentes los n\u00fameros de emergencia:<\/p>\n\n\n\n<p>Conred, 119<\/p>\n\n\n\n<p>Bomberos Voluntarios, 122<\/p>\n\n\n\n<p>Bomberos Municipales, 123<\/p>\n\n\n\n<p>Cruz Roja, 125<\/p>\n\n\n\n<p>Bomberos Municipales Departamentales, 1554<\/p>\n\n\n\n<p>Texto: Jenny Herrera<\/p>\n\n\n\n<p><a href=\"https:\/\/www.facebook.com\/hashtag\/metroredes?__eep__=6&amp;__cft__[0]=AZUcXNKDIry-GVcCdlFF6ANhb2GCC7_spv8I33XV3QKoLBZDFtuXWH49yzC8m9HMxocZJpNtB5XFxxpWcZewrvRae8F8dBuiULa_DwVTpglNOsKXdmAMrm2xJL1_3LpVGVDlQC9MFe2CzWEHdlkZzrI36AhMEJNjUswszA_8HArVCiga84cThdHa-nUPW2N5I54&amp;__tn__=*NK-R\">#metroredes<\/a><a href=\"https:\/\/www.facebook.com\/hashtag\/climagt?__eep__=6&amp;__cft__[0]=AZUcXNKDIry-GVcCdlFF6ANhb2GCC7_spv8I33XV3QKoLBZDFtuXWH49yzC8m9HMxocZJpNtB5XFxxpWcZewrvRae8F8dBuiULa_DwVTpglNOsKXdmAMrm2xJL1_3LpVGVDlQC9MFe2CzWEHdlkZzrI36AhMEJNjUswszA_8HArVCiga84cThdHa-nUPW2N5I54&amp;__tn__=*NK-R\">#ClimaGT<\/a><a href=\"https:\/\/www.facebook.com\/hashtag\/eltempogt?__eep__=6&amp;__cft__[0]=AZUcXNKDIry-GVcCdlFF6ANhb2GCC7_spv8I33XV3QKoLBZDFtuXWH49yzC8m9HMxocZJpNtB5XFxxpWcZewrvRae8F8dBuiULa_DwVTpglNOsKXdmAMrm2xJL1_3LpVGVDlQC9MFe2CzWEHdlkZzrI36AhMEJNjUswszA_8HArVCiga84cThdHa-nUPW2N5I54&amp;__tn__=*NK-R\">#eltempogt<\/a><\/p>\n\n\n\n<figure class=\"wp-block-gallery has-nested-images columns-default is-cropped wp-block-gallery-1 is-layout-flex wp-block-gallery-is-layout-flex\">\n<figure class=\"wp-block-image size-large\"><img loading=\"lazy\" decoding=\"async\" width=\"1024\" height=\"512\" data-id=\"74103\" src=\"https:\/\/elmetropolitano.com.gt\/es\/wp-content\/uploads\/2023\/10\/395620942_810171031108982_4658237100058441953_n-1-1024x512.jpg\" alt=\"\" class=\"wp-image-74103\" srcset=\"https:\/\/elmetropolitano.com.gt\/es\/wp-content\/uploads\/2023\/10\/395620942_810171031108982_4658237100058441953_n-1-1024x512.jpg 1024w, https:\/\/elmetropolitano.com.gt\/es\/wp-content\/uploads\/2023\/10\/395620942_810171031108982_4658237100058441953_n-1-300x150.jpg 300w, https:\/\/elmetropolitano.com.gt\/es\/wp-content\/uploads\/2023\/10\/395620942_810171031108982_4658237100058441953_n-1-768x384.jpg 768w, https:\/\/elmetropolitano.com.gt\/es\/wp-content\/uploads\/2023\/10\/395620942_810171031108982_4658237100058441953_n-1-600x300.jpg 600w, https:\/\/elmetropolitano.com.gt\/es\/wp-content\/uploads\/2023\/10\/395620942_810171031108982_4658237100058441953_n-1.jpg 1140w\" sizes=\"auto, (max-width: 1024px) 100vw, 1024px\" \/><\/figure>\n\n\n\n<figure class=\"wp-block-image size-large\"><img loading=\"lazy\" decoding=\"async\" width=\"680\" height=\"383\" data-id=\"74104\" src=\"https:\/\/elmetropolitano.com.gt\/es\/wp-content\/uploads\/2023\/10\/396705359_810170957775656_3448250018143585558_n.jpg\" alt=\"\" class=\"wp-image-74104\" srcset=\"https:\/\/elmetropolitano.com.gt\/es\/wp-content\/uploads\/2023\/10\/396705359_810170957775656_3448250018143585558_n.jpg 680w, https:\/\/elmetropolitano.com.gt\/es\/wp-content\/uploads\/2023\/10\/396705359_810170957775656_3448250018143585558_n-300x169.jpg 300w, https:\/\/elmetropolitano.com.gt\/es\/wp-content\/uploads\/2023\/10\/396705359_810170957775656_3448250018143585558_n-600x338.jpg 600w\" sizes=\"auto, (max-width: 680px) 100vw, 680px\" \/><\/figure>\n<\/figure>\n","protected":false},"excerpt":{"rendered":"<p>Debido al ingreso de humedad desde el Oc\u00e9ano Pac\u00edfico, este s\u00e1bado persisten los nublados y lluvias con actividad el\u00e9ctrica en el pa\u00eds, de acuerdo con el pron\u00f3stico del Instituto Nacional de Sismolog\u00eda, Vulcanolog\u00eda, Meteorolog\u00eda e Hidrolog\u00eda (Insivumeh). Asimismo, contin\u00faa influencia de baja presi\u00f3n al sur del territorio nacional. Nublados Tambi\u00e9n se presentan nublados al amanecer <a class=\"read-more\" href=\"https:\/\/elmetropolitano.com.gt\/es\/insivumeh-pronostica-nublados-y-lluvias-para-este-sabado\/\">Leer m\u00e1s<\/a><\/p>\n","protected":false},"author":1,"featured_media":74102,"comment_status":"open","ping_status":"closed","sticky":false,"template":"","format":"standard","meta":{"footnotes":""},"categories":[2],"tags":[12],"class_list":["post-74101","post","type-post","status-publish","format-standard","has-post-thumbnail","hentry","category-nacionales","tag-nacionales"],"_links":{"self":[{"href":"https:\/\/elmetropolitano.com.gt\/es\/wp-json\/wp\/v2\/posts\/74101","targetHints":{"allow":["GET"]}}],"collection":[{"href":"https:\/\/elmetropolitano.com.gt\/es\/wp-json\/wp\/v2\/posts"}],"about":[{"href":"https:\/\/elmetropolitano.com.gt\/es\/wp-json\/wp\/v2\/types\/post"}],"author":[{"embeddable":true,"href":"https:\/\/elmetropolitano.com.gt\/es\/wp-json\/wp\/v2\/users\/1"}],"replies":[{"embeddable":true,"href":"https:\/\/elmetropolitano.com.gt\/es\/wp-json\/wp\/v2\/comments?post=74101"}],"version-history":[{"count":1,"href":"https:\/\/elmetropolitano.com.gt\/es\/wp-json\/wp\/v2\/posts\/74101\/revisions"}],"predecessor-version":[{"id":74105,"href":"https:\/\/elmetropolitano.com.gt\/es\/wp-json\/wp\/v2\/posts\/74101\/revisions\/74105"}],"wp:featuredmedia":[{"embeddable":true,"href":"https:\/\/elmetropolitano.com.gt\/es\/wp-json\/wp\/v2\/media\/74102"}],"wp:attachment":[{"href":"https:\/\/elmetropolitano.com.gt\/es\/wp-json\/wp\/v2\/media?parent=74101"}],"wp:term":[{"taxonomy":"category","embeddable":true,"href":"https:\/\/elmetropolitano.com.gt\/es\/wp-json\/wp\/v2\/categories?post=74101"},{"taxonomy":"post_tag","embeddable":true,"href":"https:\/\/elmetropolitano.com.gt\/es\/wp-json\/wp\/v2\/tags?post=74101"}],"curies":[{"name":"wp","href":"https:\/\/api.w.org\/{rel}","templated":true}]}}