{"id":74132,"date":"2023-10-30T18:05:00","date_gmt":"2023-10-31T00:05:00","guid":{"rendered":"https:\/\/elmetropolitano.com.gt\/es\/?p=74132"},"modified":"2023-10-30T18:05:01","modified_gmt":"2023-10-31T00:05:01","slug":"74132","status":"publish","type":"post","link":"https:\/\/elmetropolitano.com.gt\/es\/74132\/","title":{"rendered":""},"content":{"rendered":"\n<p>La Depresi\u00f3n Tropical 19-E, en el Oc\u00e9ano Pac\u00edfico, se ha intensificado a Tormenta Tropical Pilar, seg\u00fan informaci\u00f3n del Centro Nacional de Huracanes de los Estados Unidos<\/p>\n\n\n\n<p>El <a><\/a>servicio meteorol\u00f3gico de INSIVUMEH indic\u00f3 por su parte esta noche que la tormenta tropical Pilar y se encuentra al sur de las costas del Pac\u00edfico guatemalteco dentro de nuestra Zona de Aviso (\u00e1rea amarilla) del protocolo de alertas de ciclones tropicales.<\/p><div class=\"elmet-contenido\" id=\"elmet-784605853\"><div class=\"elmet-adlabel\">Anuncios<\/div><div style=\"margin-top: 20px;margin-right: 20px;margin-bottom: 20px;margin-left: 20px;\" id=\"elmet-498519713\"><a href=\"https:\/\/www.facebook.com\/arrincuanantigua\/\" aria-label=\"cintillo-arrin-cual\"><img loading=\"lazy\" decoding=\"async\" src=\"https:\/\/elmetropolitano.com.gt\/es\/wp-content\/uploads\/2021\/11\/cintillo-arrin-cual-1.jpg\" alt=\"\"  srcset=\"https:\/\/elmetropolitano.com.gt\/es\/wp-content\/uploads\/2021\/11\/cintillo-arrin-cual-1.jpg 750w, https:\/\/elmetropolitano.com.gt\/es\/wp-content\/uploads\/2021\/11\/cintillo-arrin-cual-1-300x36.jpg 300w, https:\/\/elmetropolitano.com.gt\/es\/wp-content\/uploads\/2021\/11\/cintillo-arrin-cual-1-600x72.jpg 600w\" sizes=\"(max-width: 750px) 100vw, 750px\" width=\"750\" height=\"90\"   \/><\/a><\/div><\/div>\n\n\n\n<p>\u201cEl sistema contin\u00faa con movimiento muy lento hacia el noreste por lo que se prev\u00e9 que se acerque a nuestro pa\u00eds durante las siguientes horas\u201d indica el Insivumeh<\/p>\n\n\n\n<p>As\u00ed mismo un frente fr\u00edo v un sistema de alta presi\u00f3n se acercar\u00e1n al Pais incrementando las lluvias sobre la zona norte del territorio nacional y la velocidad del viento norte a partir del martes.<\/p>\n\n\n\n<p>Trayectoria prevista<\/p>\n\n\n\n<p>Los modelos de lluvia indican que los mavores acumulados pueden presentarse principalmente en las regiones Pac\u00edfico, Bocacosta, Occidente, Altiplano Central, Franja Transversal del Norte y<\/p>\n\n\n\n<p>Caribe, sin descartar nublados con lloviznas o lluvias dispersas sobre el resto del pa\u00eds.<\/p>\n\n\n\n<p>Las recomendaciones<\/p>\n\n\n\n<p>del INSIVUMEH:<\/p>\n\n\n\n<p>&#8211; A la Se-Conred tomar en cuenta los boletines que son emitidos por INSIVUMEH y difundirlos en sus diferentes sedes.<\/p>\n\n\n\n<p>&#8211; A la poblaci\u00f3n en general estar pendientes de la actualizaci\u00f3n de informaci\u00f3n que emite<\/p>\n\n\n\n<p>INSIVUMEH como ente oficial y tomar las precauciones necesarias ante las lluvias previstas ya que debido a ellas pueden presentarse lahares en la cadena volc\u00e1nica, movimientos en masa, crecidas repentinas de r\u00edos, inundaciones o da\u00f1os en la red vial del pa\u00eds.<\/p>\n\n\n\n<p>-A la poblaci\u00f3n en general mantener las precauciones necesarias ante el aceleramiento del viento norte durante mediados de semana principalmente en sectores monta\u00f1osos o con ca\u00f1ones y al descenso de temperaturas especialmente en los lugares m\u00e1s altos del pa\u00eds.<\/p>\n\n\n\n<p><a href=\"https:\/\/www.facebook.com\/hashtag\/tormentatropicalpilar?__eep__=6&amp;__cft__[0]=AZV9h9_qp1IjT12CErAwYuqppw__toBRVV6HlabebvOWgu6GY7MWZMxACJKsXXACl2w8oYqqJ68gwaO7VEm5yKobVF7OBjIuNPYL_Aag-Ko5oSg6o6OQyK1Z_btOTuwq_X3_U7E7t3LRm05QAVH21A1Rmybw5b8IrIfXdxOq2y6AgS2Jm9NrXunCuKwxF_uPKsY&amp;__tn__=*NK-R\">#TormentaTropicalPilar<\/a><a href=\"https:\/\/www.facebook.com\/hashtag\/insivumeh?__eep__=6&amp;__cft__[0]=AZV9h9_qp1IjT12CErAwYuqppw__toBRVV6HlabebvOWgu6GY7MWZMxACJKsXXACl2w8oYqqJ68gwaO7VEm5yKobVF7OBjIuNPYL_Aag-Ko5oSg6o6OQyK1Z_btOTuwq_X3_U7E7t3LRm05QAVH21A1Rmybw5b8IrIfXdxOq2y6AgS2Jm9NrXunCuKwxF_uPKsY&amp;__tn__=*NK-R\">#INSIVUMEH<\/a><a href=\"https:\/\/www.facebook.com\/hashtag\/metroredes?__eep__=6&amp;__cft__[0]=AZV9h9_qp1IjT12CErAwYuqppw__toBRVV6HlabebvOWgu6GY7MWZMxACJKsXXACl2w8oYqqJ68gwaO7VEm5yKobVF7OBjIuNPYL_Aag-Ko5oSg6o6OQyK1Z_btOTuwq_X3_U7E7t3LRm05QAVH21A1Rmybw5b8IrIfXdxOq2y6AgS2Jm9NrXunCuKwxF_uPKsY&amp;__tn__=*NK-R\">#metroredes<\/a> www.metroredes.com <\/p>\n\n\n\n<figure class=\"wp-block-gallery has-nested-images columns-default is-cropped wp-block-gallery-1 is-layout-flex wp-block-gallery-is-layout-flex\">\n<figure class=\"wp-block-image size-large\"><img loading=\"lazy\" decoding=\"async\" width=\"792\" height=\"1024\" data-id=\"74134\" src=\"https:\/\/elmetropolitano.com.gt\/es\/wp-content\/uploads\/2023\/10\/396395443_811027674356651_4119635201639433357_n-1-792x1024.jpg\" alt=\"\" class=\"wp-image-74134\" srcset=\"https:\/\/elmetropolitano.com.gt\/es\/wp-content\/uploads\/2023\/10\/396395443_811027674356651_4119635201639433357_n-1-792x1024.jpg 792w, https:\/\/elmetropolitano.com.gt\/es\/wp-content\/uploads\/2023\/10\/396395443_811027674356651_4119635201639433357_n-1-232x300.jpg 232w, https:\/\/elmetropolitano.com.gt\/es\/wp-content\/uploads\/2023\/10\/396395443_811027674356651_4119635201639433357_n-1-768x994.jpg 768w, https:\/\/elmetropolitano.com.gt\/es\/wp-content\/uploads\/2023\/10\/396395443_811027674356651_4119635201639433357_n-1-1187x1536.jpg 1187w, https:\/\/elmetropolitano.com.gt\/es\/wp-content\/uploads\/2023\/10\/396395443_811027674356651_4119635201639433357_n-1-600x776.jpg 600w, https:\/\/elmetropolitano.com.gt\/es\/wp-content\/uploads\/2023\/10\/396395443_811027674356651_4119635201639433357_n-1.jpg 1583w\" sizes=\"auto, (max-width: 792px) 100vw, 792px\" \/><\/figure>\n<\/figure>\n","protected":false},"excerpt":{"rendered":"<p>La Depresi\u00f3n Tropical 19-E, en el Oc\u00e9ano Pac\u00edfico, se ha intensificado a Tormenta Tropical Pilar, seg\u00fan informaci\u00f3n del Centro Nacional de Huracanes de los Estados Unidos El servicio meteorol\u00f3gico de INSIVUMEH indic\u00f3 por su parte esta noche que la tormenta tropical Pilar y se encuentra al sur de las costas del Pac\u00edfico guatemalteco dentro de <a class=\"read-more\" href=\"https:\/\/elmetropolitano.com.gt\/es\/74132\/\">Leer m\u00e1s<\/a><\/p>\n","protected":false},"author":1,"featured_media":74133,"comment_status":"open","ping_status":"closed","sticky":false,"template":"","format":"standard","meta":{"footnotes":""},"categories":[2],"tags":[12],"class_list":["post-74132","post","type-post","status-publish","format-standard","has-post-thumbnail","hentry","category-nacionales","tag-nacionales"],"_links":{"self":[{"href":"https:\/\/elmetropolitano.com.gt\/es\/wp-json\/wp\/v2\/posts\/74132","targetHints":{"allow":["GET"]}}],"collection":[{"href":"https:\/\/elmetropolitano.com.gt\/es\/wp-json\/wp\/v2\/posts"}],"about":[{"href":"https:\/\/elmetropolitano.com.gt\/es\/wp-json\/wp\/v2\/types\/post"}],"author":[{"embeddable":true,"href":"https:\/\/elmetropolitano.com.gt\/es\/wp-json\/wp\/v2\/users\/1"}],"replies":[{"embeddable":true,"href":"https:\/\/elmetropolitano.com.gt\/es\/wp-json\/wp\/v2\/comments?post=74132"}],"version-history":[{"count":1,"href":"https:\/\/elmetropolitano.com.gt\/es\/wp-json\/wp\/v2\/posts\/74132\/revisions"}],"predecessor-version":[{"id":74135,"href":"https:\/\/elmetropolitano.com.gt\/es\/wp-json\/wp\/v2\/posts\/74132\/revisions\/74135"}],"wp:featuredmedia":[{"embeddable":true,"href":"https:\/\/elmetropolitano.com.gt\/es\/wp-json\/wp\/v2\/media\/74133"}],"wp:attachment":[{"href":"https:\/\/elmetropolitano.com.gt\/es\/wp-json\/wp\/v2\/media?parent=74132"}],"wp:term":[{"taxonomy":"category","embeddable":true,"href":"https:\/\/elmetropolitano.com.gt\/es\/wp-json\/wp\/v2\/categories?post=74132"},{"taxonomy":"post_tag","embeddable":true,"href":"https:\/\/elmetropolitano.com.gt\/es\/wp-json\/wp\/v2\/tags?post=74132"}],"curies":[{"name":"wp","href":"https:\/\/api.w.org\/{rel}","templated":true}]}}