{"id":74202,"date":"2023-10-31T09:40:33","date_gmt":"2023-10-31T15:40:33","guid":{"rendered":"https:\/\/elmetropolitano.com.gt\/es\/?p=74202"},"modified":"2023-10-31T09:40:34","modified_gmt":"2023-10-31T15:40:34","slug":"diputado-jose-alejandro-de-leon-presente-reformas-a-la-ley-organica-del-mp","status":"publish","type":"post","link":"https:\/\/elmetropolitano.com.gt\/es\/diputado-jose-alejandro-de-leon-presente-reformas-a-la-ley-organica-del-mp\/","title":{"rendered":"Diputado Jos\u00e9 Alejandro de Le\u00f3n, presente reformas a la ley org\u00e1nica del MP"},"content":{"rendered":"\n<p>El diputado del Congreso de la Rep\u00fablica por el departamento de Chimaltenango Jos\u00e9 Alejandro de Le\u00f3n, present\u00f3 este lunes a Direcci\u00f3n Legislativa una iniciativa de ley que propone reformas a la Ley Org\u00e1nica del Ministerio P\u00fablico MP de Guatemala, espec\u00edficamente al art\u00edculo 14, referente a la remoci\u00f3n al Jefe del Ministerio P\u00fablico y Fiscal General de la Rep\u00fablica.<\/p>\n\n\n\n<p>#metroredes www.metroredes.com <\/p><div class=\"elmet-contenido\" id=\"elmet-3158835112\"><div class=\"elmet-adlabel\">Anuncios<\/div><div style=\"margin-top: 20px;margin-right: 20px;margin-bottom: 20px;margin-left: 20px;\" id=\"elmet-2490684805\"><a href=\"https:\/\/www.facebook.com\/arrincuanantigua\/\" aria-label=\"cintillo-arrin-cual\"><img loading=\"lazy\" decoding=\"async\" src=\"https:\/\/elmetropolitano.com.gt\/es\/wp-content\/uploads\/2021\/11\/cintillo-arrin-cual-1.jpg\" alt=\"\"  srcset=\"https:\/\/elmetropolitano.com.gt\/es\/wp-content\/uploads\/2021\/11\/cintillo-arrin-cual-1.jpg 750w, https:\/\/elmetropolitano.com.gt\/es\/wp-content\/uploads\/2021\/11\/cintillo-arrin-cual-1-300x36.jpg 300w, https:\/\/elmetropolitano.com.gt\/es\/wp-content\/uploads\/2021\/11\/cintillo-arrin-cual-1-600x72.jpg 600w\" sizes=\"(max-width: 750px) 100vw, 750px\" width=\"750\" height=\"90\"   \/><\/a><\/div><\/div>\n","protected":false},"excerpt":{"rendered":"<p>El diputado del Congreso de la Rep\u00fablica por el departamento de Chimaltenango Jos\u00e9 Alejandro de Le\u00f3n, present\u00f3 este lunes a Direcci\u00f3n Legislativa una iniciativa de ley que propone reformas a la Ley Org\u00e1nica del Ministerio P\u00fablico MP de Guatemala, espec\u00edficamente al art\u00edculo 14, referente a la remoci\u00f3n al Jefe del Ministerio P\u00fablico y Fiscal General <a class=\"read-more\" href=\"https:\/\/elmetropolitano.com.gt\/es\/diputado-jose-alejandro-de-leon-presente-reformas-a-la-ley-organica-del-mp\/\">Leer m\u00e1s<\/a><\/p>\n","protected":false},"author":1,"featured_media":74203,"comment_status":"open","ping_status":"closed","sticky":false,"template":"","format":"standard","meta":{"footnotes":""},"categories":[2],"tags":[12],"class_list":["post-74202","post","type-post","status-publish","format-standard","has-post-thumbnail","hentry","category-nacionales","tag-nacionales"],"_links":{"self":[{"href":"https:\/\/elmetropolitano.com.gt\/es\/wp-json\/wp\/v2\/posts\/74202","targetHints":{"allow":["GET"]}}],"collection":[{"href":"https:\/\/elmetropolitano.com.gt\/es\/wp-json\/wp\/v2\/posts"}],"about":[{"href":"https:\/\/elmetropolitano.com.gt\/es\/wp-json\/wp\/v2\/types\/post"}],"author":[{"embeddable":true,"href":"https:\/\/elmetropolitano.com.gt\/es\/wp-json\/wp\/v2\/users\/1"}],"replies":[{"embeddable":true,"href":"https:\/\/elmetropolitano.com.gt\/es\/wp-json\/wp\/v2\/comments?post=74202"}],"version-history":[{"count":1,"href":"https:\/\/elmetropolitano.com.gt\/es\/wp-json\/wp\/v2\/posts\/74202\/revisions"}],"predecessor-version":[{"id":74204,"href":"https:\/\/elmetropolitano.com.gt\/es\/wp-json\/wp\/v2\/posts\/74202\/revisions\/74204"}],"wp:featuredmedia":[{"embeddable":true,"href":"https:\/\/elmetropolitano.com.gt\/es\/wp-json\/wp\/v2\/media\/74203"}],"wp:attachment":[{"href":"https:\/\/elmetropolitano.com.gt\/es\/wp-json\/wp\/v2\/media?parent=74202"}],"wp:term":[{"taxonomy":"category","embeddable":true,"href":"https:\/\/elmetropolitano.com.gt\/es\/wp-json\/wp\/v2\/categories?post=74202"},{"taxonomy":"post_tag","embeddable":true,"href":"https:\/\/elmetropolitano.com.gt\/es\/wp-json\/wp\/v2\/tags?post=74202"}],"curies":[{"name":"wp","href":"https:\/\/api.w.org\/{rel}","templated":true}]}}