{"id":74213,"date":"2023-10-31T10:58:00","date_gmt":"2023-10-31T16:58:00","guid":{"rendered":"https:\/\/elmetropolitano.com.gt\/es\/?p=74213"},"modified":"2023-10-31T10:58:34","modified_gmt":"2023-10-31T16:58:34","slug":"mario-taracena-guatemala-ya-tiene-presidente-y-los-conspiradores-ya-no-pueden-hacer-nada","status":"publish","type":"post","link":"https:\/\/elmetropolitano.com.gt\/es\/mario-taracena-guatemala-ya-tiene-presidente-y-los-conspiradores-ya-no-pueden-hacer-nada\/","title":{"rendered":"Mario Taracena: Guatemala ya tiene presidente y los conspiradores ya no pueden hacer nada"},"content":{"rendered":"\n<p>Cualquier cosa que los conspiradores quieran hacer a partir de hoy, tendr\u00e1 consecuencias legales en su contra, dice el diputado Mario Taracena, quien se\u00f1al\u00f3 que el Tribunal Supremos Electoral, solo hizo lo que el gobierno les pidi\u00f3 que hicieran, alinearse, pues les tienen la cola machucada, seg\u00fan declaraciones dadas al programa A Primera Hora, de Emisoras Unidas, que dirige el periodista Felipe Valenzuela.<\/p>\n\n\n\n<p>La decisi\u00f3n que se dio a conocer hoy en el pleno de magistrados del TSE era algo que desde anoche ya se sab\u00eda, era alinearse a las peticiones del gobierno, pero lo que los conspiradores deben saber es que, a partir de hoy, Bernardo Ar\u00e9valo es el presidente y lo que se haga en su contra ya es un golpe de estado.<\/p><div class=\"elmet-contenido\" id=\"elmet-2099649092\"><div class=\"elmet-adlabel\">Anuncios<\/div><div style=\"margin-top: 20px;margin-right: 20px;margin-bottom: 20px;margin-left: 20px;\" id=\"elmet-357743258\"><a href=\"https:\/\/www.facebook.com\/arrincuanantigua\/\" aria-label=\"cintillo-arrin-cual\"><img loading=\"lazy\" decoding=\"async\" src=\"https:\/\/elmetropolitano.com.gt\/es\/wp-content\/uploads\/2021\/11\/cintillo-arrin-cual-1.jpg\" alt=\"\"  srcset=\"https:\/\/elmetropolitano.com.gt\/es\/wp-content\/uploads\/2021\/11\/cintillo-arrin-cual-1.jpg 750w, https:\/\/elmetropolitano.com.gt\/es\/wp-content\/uploads\/2021\/11\/cintillo-arrin-cual-1-300x36.jpg 300w, https:\/\/elmetropolitano.com.gt\/es\/wp-content\/uploads\/2021\/11\/cintillo-arrin-cual-1-600x72.jpg 600w\" sizes=\"(max-width: 750px) 100vw, 750px\" width=\"750\" height=\"90\"   \/><\/a><\/div><\/div>\n\n\n\n<p>Con la finalizaci\u00f3n del proceso y la oficializaci\u00f3n legal de las elecciones, queda completamente establecido quien es el presidente y vicepresidente y el pueblo de Guatemala de estar tranquilo, pues los conspiradores ya no pueden hacer nada, dijo.<\/p>\n\n\n\n<p>\u201cHabr\u00e1 patada de ahogados, pero ya todo ser\u00e1 pura fantas\u00eda y lo \u00fanico que Dios no lo quiera suceda es que, entre la desesperaci\u00f3n de los conspiradores, atenten contra la vida del presidente electo, y por esa raz\u00f3n es que los Estados Unidos pidi\u00f3 protecci\u00f3n para el presidente y vicepresidente electo, Bernardo Ar\u00e9valo y Karin Herrera\u201d, a\u00f1adi\u00f3 Taracea.<\/p>\n\n\n\n<p>El legislador agreg\u00f3 que para los conspiradores se les cambia el panorama y ahora la situaci\u00f3n es m\u00e1s delicada para ellos, pues sus acciones pueden traerles consecuencias penales, el sistema es bueno y se defiende solo.<\/p>\n\n\n\n<p>\u201cLos magistrados del TSE tienen mucha cola que les machuquen y por esa raz\u00f3n tuvieron que alinearse al final de cuentas, pero lo que pas\u00f3 hoy, es lo mejor, se cierra el proceso electoral, se oficializan los resultados y el presidente y vicepresidente electo quedan oficialmente establecidos, al igual que los diputados y los alcaldes\u201d, ya nada puede cambiar eso.<\/p>\n\n\n\n<p>Taracena dijo que Ar\u00e9valo y el partido Semilla, ya tienen ganada la batalla, quieren suspender el partido, pues que lo hagan, en seis meses se arregla la situaci\u00f3n administrativa y los problemas se acaban, eso es lo mas normal del mundo, presentan su planilla de firmas y asunto arreglado.<\/p>\n\n\n\n<p>\u201cEsto no es una lucha de izquierda o derecho, es una lucha por el temor, lo dicho por Ar\u00e9valo, de traer a la CICIG, junto a sapos y culebras dentro de una olla y empezaron a defenderse, pues realmente lo que buscan es que no se les persiga por las grandes colas que traen arrastrando\u201d, dijo Taracea.<\/p>\n\n\n\n<p>Habr\u00e1 persecuciones que caer\u00e1n en lo rid\u00edculo como lo que pas\u00f3 recientemente con el diputado Samuel P\u00e9rez de Semilla, pero el sistema se defiende y hay muchos recursos, que sigan haciendo bulla, ya solo eso pueden hacer los conspiradores, nada m\u00e1s, la batalla est\u00e1 ganada por Ar\u00e9valo y el partido Semilla, dijo finalmente.<\/p>\n\n\n\n<p>Lo bueno de todo esto<\/p>\n\n\n\n<p>\u201cSi sacamos lo bueno de todo esto, es ver como los Estados Unidos han puesto atenci\u00f3n a lo que ocurre en Guatemala y nos quieren como sus aleados, le apuestan a la democracia, ya investigaron, no hay fraude y ahora piden el respeto a las elecciones y una transici\u00f3n en orden\u201d.<\/p>\n\n\n\n<p>Lo otro que para mi es algo maravilloso \u201ces ver al pueblo de Guatemala, ind\u00edgenas y ladinos con su familia sus perritos, protestando pac\u00edficamente y cantando el himno nacional, que bello eso, existe mucha madurez democr\u00e1tica, dejaron todo por levantarse y defender su pa\u00eds, la democracia, esos grupos del altiplano, en especial los 48 cantones de Totonicap\u00e1n, les debe cambiar la vida por esa estupenda forma de ser\u201d, dijo finalmente. #metrordes <a href=\"http:\/\/www.metroredes.com\">www.metroredes.com<\/a><a href=\"http:\/\/www.elescuintleco.com\">www.elescuintleco.com<\/a><a href=\"http:\/\/www.elmetropolitano.com.gt\">www.elmetropolitano.com.gt<\/a><\/p>\n\n\n\n<p><\/p>\n","protected":false},"excerpt":{"rendered":"<p>Cualquier cosa que los conspiradores quieran hacer a partir de hoy, tendr\u00e1 consecuencias legales en su contra, dice el diputado Mario Taracena, quien se\u00f1al\u00f3 que el Tribunal Supremos Electoral, solo hizo lo que el gobierno les pidi\u00f3 que hicieran, alinearse, pues les tienen la cola machucada, seg\u00fan declaraciones dadas al programa A Primera Hora, de <a class=\"read-more\" href=\"https:\/\/elmetropolitano.com.gt\/es\/mario-taracena-guatemala-ya-tiene-presidente-y-los-conspiradores-ya-no-pueden-hacer-nada\/\">Leer m\u00e1s<\/a><\/p>\n","protected":false},"author":1,"featured_media":74214,"comment_status":"open","ping_status":"closed","sticky":false,"template":"","format":"standard","meta":{"footnotes":""},"categories":[2],"tags":[12],"class_list":["post-74213","post","type-post","status-publish","format-standard","has-post-thumbnail","hentry","category-nacionales","tag-nacionales"],"_links":{"self":[{"href":"https:\/\/elmetropolitano.com.gt\/es\/wp-json\/wp\/v2\/posts\/74213","targetHints":{"allow":["GET"]}}],"collection":[{"href":"https:\/\/elmetropolitano.com.gt\/es\/wp-json\/wp\/v2\/posts"}],"about":[{"href":"https:\/\/elmetropolitano.com.gt\/es\/wp-json\/wp\/v2\/types\/post"}],"author":[{"embeddable":true,"href":"https:\/\/elmetropolitano.com.gt\/es\/wp-json\/wp\/v2\/users\/1"}],"replies":[{"embeddable":true,"href":"https:\/\/elmetropolitano.com.gt\/es\/wp-json\/wp\/v2\/comments?post=74213"}],"version-history":[{"count":1,"href":"https:\/\/elmetropolitano.com.gt\/es\/wp-json\/wp\/v2\/posts\/74213\/revisions"}],"predecessor-version":[{"id":74215,"href":"https:\/\/elmetropolitano.com.gt\/es\/wp-json\/wp\/v2\/posts\/74213\/revisions\/74215"}],"wp:featuredmedia":[{"embeddable":true,"href":"https:\/\/elmetropolitano.com.gt\/es\/wp-json\/wp\/v2\/media\/74214"}],"wp:attachment":[{"href":"https:\/\/elmetropolitano.com.gt\/es\/wp-json\/wp\/v2\/media?parent=74213"}],"wp:term":[{"taxonomy":"category","embeddable":true,"href":"https:\/\/elmetropolitano.com.gt\/es\/wp-json\/wp\/v2\/categories?post=74213"},{"taxonomy":"post_tag","embeddable":true,"href":"https:\/\/elmetropolitano.com.gt\/es\/wp-json\/wp\/v2\/tags?post=74213"}],"curies":[{"name":"wp","href":"https:\/\/api.w.org\/{rel}","templated":true}]}}