{"id":74223,"date":"2023-10-31T19:30:10","date_gmt":"2023-11-01T01:30:10","guid":{"rendered":"https:\/\/elmetropolitano.com.gt\/es\/?p=74223"},"modified":"2023-10-31T19:30:46","modified_gmt":"2023-11-01T01:30:46","slug":"congreso-confirma-el-antejuicio-del-vice-presidente-castillo","status":"publish","type":"post","link":"https:\/\/elmetropolitano.com.gt\/es\/congreso-confirma-el-antejuicio-del-vice-presidente-castillo\/","title":{"rendered":"Congreso confirma el antejuicio del vice presidente Castillo"},"content":{"rendered":"\n<p>La Junta Directiva del Congreso confirm\u00f3 hoy que los magistrados de la Corte Suprema de Justicia (CSJ) les hicieron llegar el antejuicio contra el vicepresidente de la Rep\u00fablica, Guillermo Castillo.<\/p>\n\n\n\n<p>Hoy <a><\/a>el 2o vicepresidente del Congreso, Sergio Arana, inform\u00f3 que la Presidenta Shirley Rivera le dijo que ya se tiene conocimiento que se encuentra en su despacho la solicitud mencionada.<\/p><div class=\"elmet-contenido\" id=\"elmet-3665956356\"><div class=\"elmet-adlabel\">Anuncios<\/div><div style=\"margin-top: 20px;margin-right: 20px;margin-bottom: 20px;margin-left: 20px;\" id=\"elmet-4078636417\"><a href=\"https:\/\/www.facebook.com\/arrincuanantigua\/\" aria-label=\"cintillo-arrin-cual\"><img loading=\"lazy\" decoding=\"async\" src=\"https:\/\/elmetropolitano.com.gt\/es\/wp-content\/uploads\/2021\/11\/cintillo-arrin-cual-1.jpg\" alt=\"\"  srcset=\"https:\/\/elmetropolitano.com.gt\/es\/wp-content\/uploads\/2021\/11\/cintillo-arrin-cual-1.jpg 750w, https:\/\/elmetropolitano.com.gt\/es\/wp-content\/uploads\/2021\/11\/cintillo-arrin-cual-1-300x36.jpg 300w, https:\/\/elmetropolitano.com.gt\/es\/wp-content\/uploads\/2021\/11\/cintillo-arrin-cual-1-600x72.jpg 600w\" sizes=\"(max-width: 750px) 100vw, 750px\" width=\"750\" height=\"90\"   \/><\/a><\/div><\/div>\n\n\n\n<p>Al funcionario Castillo se le acusa de los delitos de nombramientos ilegales, abuso de autoridad y tr\u00e1fico de influencia. Esto por haber nombrado a \u00c1ngela Marina Figueroa como encargada de la Secretar\u00eda Nacional de Administraci\u00f3n de Bienes de Extinci\u00f3n de Dominio (SENABED), quien no llenaba los requisitos que requiere la ley.<\/p>\n\n\n\n<p>Su caso lleg\u00f3 a la CSJ que lo remiti\u00f3 al Congreso para que lo conozca por medio de una Comisi\u00f3n Pesquisidora. Al respecto Arana dijo que la Presidenta Shirley Rivera ya convoc\u00f3 a Junta Directiva para el pr\u00f3ximo lunes a las 10 horas.<\/p>\n\n\n\n<p>Posteriormente se notifica en la instancia de jefes de bloque y luego en el pleno se usar\u00e1 la t\u00f3mbola para sortear dentro de los 160 diputados los cinco que integrar\u00e1n la Comisi\u00f3n Pesquisidora.<\/p>\n\n\n\n<p>Vuelve Shirley<\/p>\n\n\n\n<p>Hoy se confirm\u00f3 que la Presidenta del Congreso, Shirley Rivera ya se encuentra en funciones; prueba de ello fue que convoc\u00f3 a su Junta Directiva. Y tambi\u00e9n lo confirm\u00f3 Sergio Arana.<\/p>\n\n\n\n<p>No se sabe si el primer vicepresidente, Boris Espa\u00f1a regresa el lunes o sigue con permiso para no estar presente. Otra confirmaci\u00f3n se registra cuando la Presidenta firma la convocatoria para la instancia de jefes de bloque para el pr\u00f3ximo martes 7 de noviembre a las 11 horas.<\/p>\n\n\n\n<p>Texto:Francisco Javier Hurtarte<\/p>\n\n\n\n<p><a href=\"https:\/\/www.facebook.com\/hashtag\/congresodelarepublicagt?__eep__=6&amp;__cft__[0]=AZWjmdavyJAgb-7zNTNNFjspVemTkAdg2ELW5sGFJMEHwzCfgIAY8FbcKmhe5UEadVy-IyU95TjKYrcsSM5sKpEOob3TYHn7Tiv10dWNtN-zRvaTpDbaRlrcQdRpS9dhelnMKt7WLi3wqct4LFFaANMImWFamk3AdEx0y6bbU5yTaENUAgt2Dj-AsqeN39bPgys&amp;__tn__=*NK-R\">#CongresoDeLaRepublicagt<\/a><a href=\"https:\/\/www.facebook.com\/hashtag\/metroredes?__eep__=6&amp;__cft__[0]=AZWjmdavyJAgb-7zNTNNFjspVemTkAdg2ELW5sGFJMEHwzCfgIAY8FbcKmhe5UEadVy-IyU95TjKYrcsSM5sKpEOob3TYHn7Tiv10dWNtN-zRvaTpDbaRlrcQdRpS9dhelnMKt7WLi3wqct4LFFaANMImWFamk3AdEx0y6bbU5yTaENUAgt2Dj-AsqeN39bPgys&amp;__tn__=*NK-R\">#metroredes<\/a><\/p>\n\n\n\n<figure class=\"wp-block-gallery has-nested-images columns-default is-cropped wp-block-gallery-1 is-layout-flex wp-block-gallery-is-layout-flex\">\n<figure class=\"wp-block-image size-large\"><img loading=\"lazy\" decoding=\"async\" width=\"400\" height=\"400\" data-id=\"74225\" src=\"https:\/\/elmetropolitano.com.gt\/es\/wp-content\/uploads\/2023\/10\/395640833_812334417559310_3819716209523138288_n-1.jpg\" alt=\"\" class=\"wp-image-74225\" srcset=\"https:\/\/elmetropolitano.com.gt\/es\/wp-content\/uploads\/2023\/10\/395640833_812334417559310_3819716209523138288_n-1.jpg 400w, https:\/\/elmetropolitano.com.gt\/es\/wp-content\/uploads\/2023\/10\/395640833_812334417559310_3819716209523138288_n-1-300x300.jpg 300w, https:\/\/elmetropolitano.com.gt\/es\/wp-content\/uploads\/2023\/10\/395640833_812334417559310_3819716209523138288_n-1-150x150.jpg 150w, https:\/\/elmetropolitano.com.gt\/es\/wp-content\/uploads\/2023\/10\/395640833_812334417559310_3819716209523138288_n-1-100x100.jpg 100w\" sizes=\"auto, (max-width: 400px) 100vw, 400px\" \/><\/figure>\n\n\n\n<figure class=\"wp-block-image size-large\"><img loading=\"lazy\" decoding=\"async\" width=\"694\" height=\"1024\" data-id=\"74226\" src=\"https:\/\/elmetropolitano.com.gt\/es\/wp-content\/uploads\/2023\/10\/396326321_812334524225966_6990633488053506602_n-694x1024.jpg\" alt=\"\" class=\"wp-image-74226\" srcset=\"https:\/\/elmetropolitano.com.gt\/es\/wp-content\/uploads\/2023\/10\/396326321_812334524225966_6990633488053506602_n-694x1024.jpg 694w, https:\/\/elmetropolitano.com.gt\/es\/wp-content\/uploads\/2023\/10\/396326321_812334524225966_6990633488053506602_n-203x300.jpg 203w, https:\/\/elmetropolitano.com.gt\/es\/wp-content\/uploads\/2023\/10\/396326321_812334524225966_6990633488053506602_n-768x1133.jpg 768w, https:\/\/elmetropolitano.com.gt\/es\/wp-content\/uploads\/2023\/10\/396326321_812334524225966_6990633488053506602_n-1041x1536.jpg 1041w, https:\/\/elmetropolitano.com.gt\/es\/wp-content\/uploads\/2023\/10\/396326321_812334524225966_6990633488053506602_n-600x885.jpg 600w, https:\/\/elmetropolitano.com.gt\/es\/wp-content\/uploads\/2023\/10\/396326321_812334524225966_6990633488053506602_n.jpg 1079w\" sizes=\"auto, (max-width: 694px) 100vw, 694px\" \/><\/figure>\n<\/figure>\n","protected":false},"excerpt":{"rendered":"<p>La Junta Directiva del Congreso confirm\u00f3 hoy que los magistrados de la Corte Suprema de Justicia (CSJ) les hicieron llegar el antejuicio contra el vicepresidente de la Rep\u00fablica, Guillermo Castillo. Hoy el 2o vicepresidente del Congreso, Sergio Arana, inform\u00f3 que la Presidenta Shirley Rivera le dijo que ya se tiene conocimiento que se encuentra en <a class=\"read-more\" href=\"https:\/\/elmetropolitano.com.gt\/es\/congreso-confirma-el-antejuicio-del-vice-presidente-castillo\/\">Leer m\u00e1s<\/a><\/p>\n","protected":false},"author":1,"featured_media":74224,"comment_status":"open","ping_status":"closed","sticky":false,"template":"","format":"standard","meta":{"footnotes":""},"categories":[2],"tags":[12],"class_list":["post-74223","post","type-post","status-publish","format-standard","has-post-thumbnail","hentry","category-nacionales","tag-nacionales"],"_links":{"self":[{"href":"https:\/\/elmetropolitano.com.gt\/es\/wp-json\/wp\/v2\/posts\/74223","targetHints":{"allow":["GET"]}}],"collection":[{"href":"https:\/\/elmetropolitano.com.gt\/es\/wp-json\/wp\/v2\/posts"}],"about":[{"href":"https:\/\/elmetropolitano.com.gt\/es\/wp-json\/wp\/v2\/types\/post"}],"author":[{"embeddable":true,"href":"https:\/\/elmetropolitano.com.gt\/es\/wp-json\/wp\/v2\/users\/1"}],"replies":[{"embeddable":true,"href":"https:\/\/elmetropolitano.com.gt\/es\/wp-json\/wp\/v2\/comments?post=74223"}],"version-history":[{"count":1,"href":"https:\/\/elmetropolitano.com.gt\/es\/wp-json\/wp\/v2\/posts\/74223\/revisions"}],"predecessor-version":[{"id":74227,"href":"https:\/\/elmetropolitano.com.gt\/es\/wp-json\/wp\/v2\/posts\/74223\/revisions\/74227"}],"wp:featuredmedia":[{"embeddable":true,"href":"https:\/\/elmetropolitano.com.gt\/es\/wp-json\/wp\/v2\/media\/74224"}],"wp:attachment":[{"href":"https:\/\/elmetropolitano.com.gt\/es\/wp-json\/wp\/v2\/media?parent=74223"}],"wp:term":[{"taxonomy":"category","embeddable":true,"href":"https:\/\/elmetropolitano.com.gt\/es\/wp-json\/wp\/v2\/categories?post=74223"},{"taxonomy":"post_tag","embeddable":true,"href":"https:\/\/elmetropolitano.com.gt\/es\/wp-json\/wp\/v2\/tags?post=74223"}],"curies":[{"name":"wp","href":"https:\/\/api.w.org\/{rel}","templated":true}]}}