{"id":74233,"date":"2023-11-01T11:32:50","date_gmt":"2023-11-01T17:32:50","guid":{"rendered":"https:\/\/elmetropolitano.com.gt\/es\/?p=74233"},"modified":"2023-11-01T11:32:52","modified_gmt":"2023-11-01T17:32:52","slug":"tormenta-tropical-pilar-genera-lluvias-y-esta-cerca-de-las-costas-guatemaltecas","status":"publish","type":"post","link":"https:\/\/elmetropolitano.com.gt\/es\/tormenta-tropical-pilar-genera-lluvias-y-esta-cerca-de-las-costas-guatemaltecas\/","title":{"rendered":"Tormenta tropical Pilar genera lluvias y est\u00e1 cerca de las costas guatemaltecas"},"content":{"rendered":"\n<p>El servicio meteorol\u00f3gico de Insivumeh informo esta ma\u00f1ana que: Contin\u00faa el monitoreo de la tormenta tropical \u201cPilar\u201d que auque no a ingresado al pa\u00eds genera lluvias<\/p>\n\n\n\n<p>\u00abPilar\u00bb la cual se encuentra cerca de las costas de El Salvador y Guatemala en el Pac\u00edfico con centro en latitud 12.3N y longitud 89.9W. Debido a la cercan\u00eda y el desplazamiento lento de la tormenta se prev\u00e9 que siga ingresando <a><\/a>abundante humedad a nuestro pa\u00eds, por lo que los nublados, lluvias y lloviznas continuar\u00e1n durante el d\u00eda.<\/p><div class=\"elmet-contenido\" id=\"elmet-1636150627\"><div class=\"elmet-adlabel\">Anuncios<\/div><div style=\"margin-top: 20px;margin-right: 20px;margin-bottom: 20px;margin-left: 20px;\" id=\"elmet-1455407326\"><a href=\"https:\/\/www.facebook.com\/arrincuanantigua\/\" aria-label=\"cintillo-arrin-cual\"><img loading=\"lazy\" decoding=\"async\" src=\"https:\/\/elmetropolitano.com.gt\/es\/wp-content\/uploads\/2021\/11\/cintillo-arrin-cual-1.jpg\" alt=\"\"  srcset=\"https:\/\/elmetropolitano.com.gt\/es\/wp-content\/uploads\/2021\/11\/cintillo-arrin-cual-1.jpg 750w, https:\/\/elmetropolitano.com.gt\/es\/wp-content\/uploads\/2021\/11\/cintillo-arrin-cual-1-300x36.jpg 300w, https:\/\/elmetropolitano.com.gt\/es\/wp-content\/uploads\/2021\/11\/cintillo-arrin-cual-1-600x72.jpg 600w\" sizes=\"(max-width: 750px) 100vw, 750px\" width=\"750\" height=\"90\"   \/><\/a><\/div><\/div>\n\n\n\n<p>\u201cSe estima que dicha tormenta se aleje y salga de las zonas de alerta de nuestro plan operativo de ciclones tropicales hacia el d\u00eda jueves en horas de la noche y madrugada. Sin embargo, las lluvias continuar\u00e1n present\u00e1ndose sobre las regiones del norte al centro del pa\u00eds\u201d expresa en su bolet\u00edn metereol\u00f3gico el Insivumeh<\/p>\n\n\n\n<p>Trayectoria pronosticada<\/p>\n\n\n\n<p>El Insivumeh, en cumplimiento de su misi\u00f3n, mantiene monitoreo constante de cualquier sistema hidrometeorol\u00f3gico que se considere de peligro para Guatemala.<\/p>\n\n\n\n<p>Las recomendaciones<\/p>\n\n\n\n<p>del ente metereol\u00f3gico<\/p>\n\n\n\n<p>-A la Se-Conred tomar en cuenta los boletines que son emitidos por Insivumeh y difundirlos en sus<\/p>\n\n\n\n<p>diferentes sedes.<\/p>\n\n\n\n<p>-A la poblaci\u00f3n en general estar pendientes de la actualizaci\u00f3n de informaci\u00f3n que emite Insivumeh<\/p>\n\n\n\n<p>como ente oficial y tomar las precauciones necesarias ante las lluvias previstas ya que debido a ellas pueden presentarse lahares en la cadena volc\u00e1nica, movimientos en masa, crecidas repentinas de r\u00edos, inundaciones o da\u00f1os en la red vial del pa\u00eds.<\/p>\n\n\n\n<p>-A la poblaci\u00f3n en general mantener las precauciones necesarias ante el aceleramiento del viento norte durante mediados de semana principalmente en sectores monta\u00f1osos o con ca\u00f1ones y al descenso de temperaturas especialmente en los lugares m\u00e1s altos del pa\u00eds.<\/p>\n\n\n\n<p><a href=\"https:\/\/www.facebook.com\/hashtag\/climagt?__eep__=6&amp;__cft__[0]=AZVxEnpuyhJWyP-bEFg68-CBPKmNYbblFagdY1EEJoV7NgLLWF2MWQJ5QG0bydkQWm1caoxK5SR0xOk8P8a8-cJea8fd51h1MbKCfihi1qeXOoJzeSeQXGWYymN3fEGircqbLvbYBBg49-SCbPNT3-HwkItwtLDzgYvky-aPZWaInEyC3kufDCoR2dDBBpnNHvo&amp;__tn__=*NK-R\">#ClimaGT<\/a><a href=\"https:\/\/www.facebook.com\/hashtag\/insivumeh?__eep__=6&amp;__cft__[0]=AZVxEnpuyhJWyP-bEFg68-CBPKmNYbblFagdY1EEJoV7NgLLWF2MWQJ5QG0bydkQWm1caoxK5SR0xOk8P8a8-cJea8fd51h1MbKCfihi1qeXOoJzeSeQXGWYymN3fEGircqbLvbYBBg49-SCbPNT3-HwkItwtLDzgYvky-aPZWaInEyC3kufDCoR2dDBBpnNHvo&amp;__tn__=*NK-R\">#insivumeh<\/a><a href=\"https:\/\/www.facebook.com\/hashtag\/metroredes?__eep__=6&amp;__cft__[0]=AZVxEnpuyhJWyP-bEFg68-CBPKmNYbblFagdY1EEJoV7NgLLWF2MWQJ5QG0bydkQWm1caoxK5SR0xOk8P8a8-cJea8fd51h1MbKCfihi1qeXOoJzeSeQXGWYymN3fEGircqbLvbYBBg49-SCbPNT3-HwkItwtLDzgYvky-aPZWaInEyC3kufDCoR2dDBBpnNHvo&amp;__tn__=*NK-R\">#metroredes<\/a> www.metroredes.com <\/p>\n\n\n\n<figure class=\"wp-block-gallery has-nested-images columns-default is-cropped wp-block-gallery-1 is-layout-flex wp-block-gallery-is-layout-flex\">\n<figure class=\"wp-block-image size-large\"><img loading=\"lazy\" decoding=\"async\" width=\"792\" height=\"1024\" data-id=\"74235\" src=\"https:\/\/elmetropolitano.com.gt\/es\/wp-content\/uploads\/2023\/11\/395422954_812732150852870_7158815410074260836_n-1-792x1024.jpg\" alt=\"\" class=\"wp-image-74235\" srcset=\"https:\/\/elmetropolitano.com.gt\/es\/wp-content\/uploads\/2023\/11\/395422954_812732150852870_7158815410074260836_n-1-792x1024.jpg 792w, https:\/\/elmetropolitano.com.gt\/es\/wp-content\/uploads\/2023\/11\/395422954_812732150852870_7158815410074260836_n-1-232x300.jpg 232w, https:\/\/elmetropolitano.com.gt\/es\/wp-content\/uploads\/2023\/11\/395422954_812732150852870_7158815410074260836_n-1-768x994.jpg 768w, https:\/\/elmetropolitano.com.gt\/es\/wp-content\/uploads\/2023\/11\/395422954_812732150852870_7158815410074260836_n-1-1187x1536.jpg 1187w, https:\/\/elmetropolitano.com.gt\/es\/wp-content\/uploads\/2023\/11\/395422954_812732150852870_7158815410074260836_n-1-600x776.jpg 600w, https:\/\/elmetropolitano.com.gt\/es\/wp-content\/uploads\/2023\/11\/395422954_812732150852870_7158815410074260836_n-1.jpg 1583w\" sizes=\"auto, (max-width: 792px) 100vw, 792px\" \/><\/figure>\n<\/figure>\n","protected":false},"excerpt":{"rendered":"<p>El servicio meteorol\u00f3gico de Insivumeh informo esta ma\u00f1ana que: Contin\u00faa el monitoreo de la tormenta tropical \u201cPilar\u201d que auque no a ingresado al pa\u00eds genera lluvias \u00abPilar\u00bb la cual se encuentra cerca de las costas de El Salvador y Guatemala en el Pac\u00edfico con centro en latitud 12.3N y longitud 89.9W. Debido a la cercan\u00eda <a class=\"read-more\" href=\"https:\/\/elmetropolitano.com.gt\/es\/tormenta-tropical-pilar-genera-lluvias-y-esta-cerca-de-las-costas-guatemaltecas\/\">Leer m\u00e1s<\/a><\/p>\n","protected":false},"author":1,"featured_media":74234,"comment_status":"open","ping_status":"closed","sticky":false,"template":"","format":"standard","meta":{"footnotes":""},"categories":[2],"tags":[12],"class_list":["post-74233","post","type-post","status-publish","format-standard","has-post-thumbnail","hentry","category-nacionales","tag-nacionales"],"_links":{"self":[{"href":"https:\/\/elmetropolitano.com.gt\/es\/wp-json\/wp\/v2\/posts\/74233","targetHints":{"allow":["GET"]}}],"collection":[{"href":"https:\/\/elmetropolitano.com.gt\/es\/wp-json\/wp\/v2\/posts"}],"about":[{"href":"https:\/\/elmetropolitano.com.gt\/es\/wp-json\/wp\/v2\/types\/post"}],"author":[{"embeddable":true,"href":"https:\/\/elmetropolitano.com.gt\/es\/wp-json\/wp\/v2\/users\/1"}],"replies":[{"embeddable":true,"href":"https:\/\/elmetropolitano.com.gt\/es\/wp-json\/wp\/v2\/comments?post=74233"}],"version-history":[{"count":1,"href":"https:\/\/elmetropolitano.com.gt\/es\/wp-json\/wp\/v2\/posts\/74233\/revisions"}],"predecessor-version":[{"id":74236,"href":"https:\/\/elmetropolitano.com.gt\/es\/wp-json\/wp\/v2\/posts\/74233\/revisions\/74236"}],"wp:featuredmedia":[{"embeddable":true,"href":"https:\/\/elmetropolitano.com.gt\/es\/wp-json\/wp\/v2\/media\/74234"}],"wp:attachment":[{"href":"https:\/\/elmetropolitano.com.gt\/es\/wp-json\/wp\/v2\/media?parent=74233"}],"wp:term":[{"taxonomy":"category","embeddable":true,"href":"https:\/\/elmetropolitano.com.gt\/es\/wp-json\/wp\/v2\/categories?post=74233"},{"taxonomy":"post_tag","embeddable":true,"href":"https:\/\/elmetropolitano.com.gt\/es\/wp-json\/wp\/v2\/tags?post=74233"}],"curies":[{"name":"wp","href":"https:\/\/api.w.org\/{rel}","templated":true}]}}