{"id":74237,"date":"2023-11-01T12:21:57","date_gmt":"2023-11-01T18:21:57","guid":{"rendered":"https:\/\/elmetropolitano.com.gt\/es\/?p=74237"},"modified":"2023-11-01T12:21:58","modified_gmt":"2023-11-01T18:21:58","slug":"la-lucha-por-la-democracia-es-primordial-para-empresarios-y-lideres-campesinos-en-reunion-historica","status":"publish","type":"post","link":"https:\/\/elmetropolitano.com.gt\/es\/la-lucha-por-la-democracia-es-primordial-para-empresarios-y-lideres-campesinos-en-reunion-historica\/","title":{"rendered":"La lucha por la democracia es primordial para empresarios y l\u00edderes campesinos en reuni\u00f3n hist\u00f3rica"},"content":{"rendered":"\n<p>Buscando como prioridad el respeto a la democracia y el fortalecimiento del estado de derecho, fue la prioridad de la reuni\u00f3n que empresarios y l\u00edderes campesinos sostuvieron con el presidente electo Bernardo Ar\u00e9valo.<\/p>\n\n\n\n<p>El resultado del proceso de di\u00e1logo hist\u00f3rico al que se convoc\u00f3 y facilit\u00f3 desde hace unas semanas, se lanz\u00f3 \u201cAcci\u00f3n para la Democracia\u201d, un acuerdo que une a l\u00edderes ancestrales y l\u00edderes empresariales en la protecci\u00f3n de la democracia, adem\u00e1s que se ir\u00e1n priorizando espacios de consenso y se organizar\u00e1 una ruta de trabajo en el nuevo gobierno.<\/p><div class=\"elmet-contenido\" id=\"elmet-1679037556\"><div class=\"elmet-adlabel\">Anuncios<\/div><div style=\"margin-top: 20px;margin-right: 20px;margin-bottom: 20px;margin-left: 20px;\" id=\"elmet-1071686423\"><a href=\"https:\/\/www.facebook.com\/arrincuanantigua\/\" aria-label=\"cintillo-arrin-cual\"><img loading=\"lazy\" decoding=\"async\" src=\"https:\/\/elmetropolitano.com.gt\/es\/wp-content\/uploads\/2021\/11\/cintillo-arrin-cual-1.jpg\" alt=\"\"  srcset=\"https:\/\/elmetropolitano.com.gt\/es\/wp-content\/uploads\/2021\/11\/cintillo-arrin-cual-1.jpg 750w, https:\/\/elmetropolitano.com.gt\/es\/wp-content\/uploads\/2021\/11\/cintillo-arrin-cual-1-300x36.jpg 300w, https:\/\/elmetropolitano.com.gt\/es\/wp-content\/uploads\/2021\/11\/cintillo-arrin-cual-1-600x72.jpg 600w\" sizes=\"(max-width: 750px) 100vw, 750px\" width=\"750\" height=\"90\"   \/><\/a><\/div><\/div>\n\n\n\n<p>Lo anterior lo dieron a conocer en un comunicado en el que se\u00f1alan que este ser\u00e1 un espacio de encuentro constante y permanente que facilite el di\u00e1logo para as\u00ed lograr acciones coordinadas en defensa de la democracia del pa\u00eds.<\/p>\n\n\n\n<p>Las personas y organizaciones que integran este espacio valoran el di\u00e1logo como herramienta esencial para llegar a acuerdos y establecer los mecanismos de trabajo para que de manera articulada se logren objetivos comunes para el bien de todos.<\/p>\n\n\n\n<p>En la reuni\u00f3n se establecieron mecanismos de trabajo para garantizar el respeto a los resultados electorales definitivos e inalterable oficializados por el Tribunal Supremo Electoral al cierre de este proceso en su decreto 5-2023 de fecha 31 de octubre de 2023, y garantizar la toma de posesi\u00f3n de todas las autoridades electas en el mismo en fecha 14 y 15 de enero de 2024.<\/p>\n\n\n\n<p>En el documento redactado rechazan la criminalizaci\u00f3n y persecuci\u00f3n de quienes participaron en la implementaci\u00f3n del proceso electoral de forma voluntaria, y de quienes act\u00faan en defensa de la democracia en el marco del esfuerzo para garantizar su respeto.<\/p>\n\n\n\n<p>Velar por el respeto de todos los derechos fundamentales de los guatemaltecos establecidos en la constituci\u00f3n pol\u00edtica de la rep\u00fablica, defender la democracia, as\u00ed como trabajar para proteger y fortalecer el sistema democr\u00e1tico del pa\u00eds. Rechazar la violencia y abogar por la soluci\u00f3n de conflictos de manera pac\u00edfica.<\/p>\n\n\n\n<p>\u201cLa colaboraci\u00f3n es un elemento clave en esta acci\u00f3n. Los firmantes se comprometen a trabajar de manera conjunta, aportando sus diferentes recursos y habilidades para lograr los objetivos establecidos\u201d.<\/p>\n\n\n\n<p>\u201cReconociendo las diversas formas en que se pueden abordar los desaf\u00edos democr\u00e1ticos, se buscar\u00e1 la creaci\u00f3n de una estrategia complementaria para abordar estos retos de manera diversa mediante la creaci\u00f3n de una agenda que detallar\u00e1 las acciones concretas que se llevar\u00e1n a cabo.<\/p>\n\n\n\n<p>El documento lo firmaron los representantes de la c\u00e1mara Guatemalteca de Alimentos y Bebidas, C\u00e1mara de Turismo de Guatemala, Consejo Nacional de Empresarios y C\u00e1mara de Comercio de Guatemala, as\u00ed como lideres de comunidades ind\u00edgenas, 48 cantones de Totonicap\u00e1n, parlamento del pueblo xinca, municipalidad ind\u00edgena de Solol\u00e1 y alcald\u00edas ancestrales, en una reuni\u00f3n hist\u00f3rica de mucho beneficio para la democracia y el buen vivir entre hermanos guatemaltecos.<\/p>\n\n\n\n<p>#metroredes\u00a0 <a href=\"http:\/\/www.metroredes.com\">www.metroredes.com<\/a> <a href=\"http:\/\/www.elescuintleco.com\">www.elescuintleco.com<\/a> <a href=\"http:\/\/www.elmetropolitano.com.gt\">www.elmetropolitano.com.gt<\/a><\/p>\n\n\n\n<p><\/p>\n\n\n\n<figure class=\"wp-block-gallery has-nested-images columns-default is-cropped wp-block-gallery-1 is-layout-flex wp-block-gallery-is-layout-flex\">\n<figure class=\"wp-block-image size-large\"><img loading=\"lazy\" decoding=\"async\" width=\"1024\" height=\"344\" data-id=\"74239\" src=\"https:\/\/elmetropolitano.com.gt\/es\/wp-content\/uploads\/2023\/11\/395637655_737162401788534_3291592082907625397_n-1024x344.jpg\" alt=\"\" class=\"wp-image-74239\" srcset=\"https:\/\/elmetropolitano.com.gt\/es\/wp-content\/uploads\/2023\/11\/395637655_737162401788534_3291592082907625397_n-1024x344.jpg 1024w, https:\/\/elmetropolitano.com.gt\/es\/wp-content\/uploads\/2023\/11\/395637655_737162401788534_3291592082907625397_n-300x101.jpg 300w, https:\/\/elmetropolitano.com.gt\/es\/wp-content\/uploads\/2023\/11\/395637655_737162401788534_3291592082907625397_n-768x258.jpg 768w, https:\/\/elmetropolitano.com.gt\/es\/wp-content\/uploads\/2023\/11\/395637655_737162401788534_3291592082907625397_n-1536x516.jpg 1536w, https:\/\/elmetropolitano.com.gt\/es\/wp-content\/uploads\/2023\/11\/395637655_737162401788534_3291592082907625397_n-600x202.jpg 600w, https:\/\/elmetropolitano.com.gt\/es\/wp-content\/uploads\/2023\/11\/395637655_737162401788534_3291592082907625397_n.jpg 1598w\" sizes=\"auto, (max-width: 1024px) 100vw, 1024px\" \/><\/figure>\n\n\n\n<figure class=\"wp-block-image size-large\"><img loading=\"lazy\" decoding=\"async\" width=\"1024\" height=\"369\" data-id=\"74240\" src=\"https:\/\/elmetropolitano.com.gt\/es\/wp-content\/uploads\/2023\/11\/396235546_737162361788538_4304077977300425890_n-1024x369.jpg\" alt=\"\" class=\"wp-image-74240\" srcset=\"https:\/\/elmetropolitano.com.gt\/es\/wp-content\/uploads\/2023\/11\/396235546_737162361788538_4304077977300425890_n-1024x369.jpg 1024w, https:\/\/elmetropolitano.com.gt\/es\/wp-content\/uploads\/2023\/11\/396235546_737162361788538_4304077977300425890_n-300x108.jpg 300w, https:\/\/elmetropolitano.com.gt\/es\/wp-content\/uploads\/2023\/11\/396235546_737162361788538_4304077977300425890_n-768x276.jpg 768w, https:\/\/elmetropolitano.com.gt\/es\/wp-content\/uploads\/2023\/11\/396235546_737162361788538_4304077977300425890_n-1536x553.jpg 1536w, https:\/\/elmetropolitano.com.gt\/es\/wp-content\/uploads\/2023\/11\/396235546_737162361788538_4304077977300425890_n-600x216.jpg 600w, https:\/\/elmetropolitano.com.gt\/es\/wp-content\/uploads\/2023\/11\/396235546_737162361788538_4304077977300425890_n.jpg 1600w\" sizes=\"auto, (max-width: 1024px) 100vw, 1024px\" \/><\/figure>\n\n\n\n<figure class=\"wp-block-image size-large\"><img loading=\"lazy\" decoding=\"async\" width=\"791\" height=\"1024\" data-id=\"74241\" src=\"https:\/\/elmetropolitano.com.gt\/es\/wp-content\/uploads\/2023\/11\/396265960_737146615123446_2790912531456509860_n-791x1024.jpg\" alt=\"\" class=\"wp-image-74241\" srcset=\"https:\/\/elmetropolitano.com.gt\/es\/wp-content\/uploads\/2023\/11\/396265960_737146615123446_2790912531456509860_n-791x1024.jpg 791w, https:\/\/elmetropolitano.com.gt\/es\/wp-content\/uploads\/2023\/11\/396265960_737146615123446_2790912531456509860_n-232x300.jpg 232w, https:\/\/elmetropolitano.com.gt\/es\/wp-content\/uploads\/2023\/11\/396265960_737146615123446_2790912531456509860_n-768x994.jpg 768w, https:\/\/elmetropolitano.com.gt\/es\/wp-content\/uploads\/2023\/11\/396265960_737146615123446_2790912531456509860_n-1187x1536.jpg 1187w, https:\/\/elmetropolitano.com.gt\/es\/wp-content\/uploads\/2023\/11\/396265960_737146615123446_2790912531456509860_n-600x776.jpg 600w, https:\/\/elmetropolitano.com.gt\/es\/wp-content\/uploads\/2023\/11\/396265960_737146615123446_2790912531456509860_n.jpg 1275w\" sizes=\"auto, (max-width: 791px) 100vw, 791px\" \/><\/figure>\n<\/figure>\n","protected":false},"excerpt":{"rendered":"<p>Buscando como prioridad el respeto a la democracia y el fortalecimiento del estado de derecho, fue la prioridad de la reuni\u00f3n que empresarios y l\u00edderes campesinos sostuvieron con el presidente electo Bernardo Ar\u00e9valo. El resultado del proceso de di\u00e1logo hist\u00f3rico al que se convoc\u00f3 y facilit\u00f3 desde hace unas semanas, se lanz\u00f3 \u201cAcci\u00f3n para la <a class=\"read-more\" href=\"https:\/\/elmetropolitano.com.gt\/es\/la-lucha-por-la-democracia-es-primordial-para-empresarios-y-lideres-campesinos-en-reunion-historica\/\">Leer m\u00e1s<\/a><\/p>\n","protected":false},"author":1,"featured_media":74238,"comment_status":"open","ping_status":"closed","sticky":false,"template":"","format":"standard","meta":{"footnotes":""},"categories":[2],"tags":[12],"class_list":["post-74237","post","type-post","status-publish","format-standard","has-post-thumbnail","hentry","category-nacionales","tag-nacionales"],"_links":{"self":[{"href":"https:\/\/elmetropolitano.com.gt\/es\/wp-json\/wp\/v2\/posts\/74237","targetHints":{"allow":["GET"]}}],"collection":[{"href":"https:\/\/elmetropolitano.com.gt\/es\/wp-json\/wp\/v2\/posts"}],"about":[{"href":"https:\/\/elmetropolitano.com.gt\/es\/wp-json\/wp\/v2\/types\/post"}],"author":[{"embeddable":true,"href":"https:\/\/elmetropolitano.com.gt\/es\/wp-json\/wp\/v2\/users\/1"}],"replies":[{"embeddable":true,"href":"https:\/\/elmetropolitano.com.gt\/es\/wp-json\/wp\/v2\/comments?post=74237"}],"version-history":[{"count":1,"href":"https:\/\/elmetropolitano.com.gt\/es\/wp-json\/wp\/v2\/posts\/74237\/revisions"}],"predecessor-version":[{"id":74242,"href":"https:\/\/elmetropolitano.com.gt\/es\/wp-json\/wp\/v2\/posts\/74237\/revisions\/74242"}],"wp:featuredmedia":[{"embeddable":true,"href":"https:\/\/elmetropolitano.com.gt\/es\/wp-json\/wp\/v2\/media\/74238"}],"wp:attachment":[{"href":"https:\/\/elmetropolitano.com.gt\/es\/wp-json\/wp\/v2\/media?parent=74237"}],"wp:term":[{"taxonomy":"category","embeddable":true,"href":"https:\/\/elmetropolitano.com.gt\/es\/wp-json\/wp\/v2\/categories?post=74237"},{"taxonomy":"post_tag","embeddable":true,"href":"https:\/\/elmetropolitano.com.gt\/es\/wp-json\/wp\/v2\/tags?post=74237"}],"curies":[{"name":"wp","href":"https:\/\/api.w.org\/{rel}","templated":true}]}}