{"id":74444,"date":"2023-11-06T13:19:55","date_gmt":"2023-11-06T19:19:55","guid":{"rendered":"https:\/\/elmetropolitano.com.gt\/es\/?p=74444"},"modified":"2023-11-06T13:19:56","modified_gmt":"2023-11-06T19:19:56","slug":"agujero-negro-observado-solo-470-millones-de-anos-tras-el-big-bang","status":"publish","type":"post","link":"https:\/\/elmetropolitano.com.gt\/es\/agujero-negro-observado-solo-470-millones-de-anos-tras-el-big-bang\/","title":{"rendered":"Agujero negro observado solo 470 millones de a\u00f1os tras el Big Bang"},"content":{"rendered":"\n<p>Telescopios de la NASA han revelado el agujero negro m\u00e1s distante jam\u00e1s visto en rayos X, en una etapa tan temprana de crecimiento que su masa es similar a la de su galaxia anfitriona.<\/p>\n\n\n\n<p>Combinando datos del Observatorio de rayos X Chandra de la NASA y el Telescopio Espacial James Webb de la NASA, un equipo de investigadores pudo encontrar la firma reveladora de un agujero negro en crecimiento s\u00f3lo 470 millones de a\u00f1os despu\u00e9s del Big Bang.<\/p><div class=\"elmet-contenido\" id=\"elmet-898398598\"><div class=\"elmet-adlabel\">Anuncios<\/div><div style=\"margin-top: 20px;margin-right: 20px;margin-bottom: 20px;margin-left: 20px;\" id=\"elmet-2009093934\"><a href=\"https:\/\/www.facebook.com\/arrincuanantigua\/\" aria-label=\"cintillo-arrin-cual\"><img loading=\"lazy\" decoding=\"async\" src=\"https:\/\/elmetropolitano.com.gt\/es\/wp-content\/uploads\/2021\/11\/cintillo-arrin-cual-1.jpg\" alt=\"\"  srcset=\"https:\/\/elmetropolitano.com.gt\/es\/wp-content\/uploads\/2021\/11\/cintillo-arrin-cual-1.jpg 750w, https:\/\/elmetropolitano.com.gt\/es\/wp-content\/uploads\/2021\/11\/cintillo-arrin-cual-1-300x36.jpg 300w, https:\/\/elmetropolitano.com.gt\/es\/wp-content\/uploads\/2021\/11\/cintillo-arrin-cual-1-600x72.jpg 600w\" sizes=\"(max-width: 750px) 100vw, 750px\" width=\"750\" height=\"90\"   \/><\/a><\/div><\/div>\n\n\n\n<p>\u00abNecesit\u00e1bamos a Webb para encontrar esta galaxia notablemente distante y a Chandra para encontrar su agujero negro supermasivo\u00bb, dijo en un comunicado Akos Bogdan del Centro de Astrof\u00edsica.<\/p>\n\n\n\n<p>MADRID, 6 Nov. (EUROPA PRESS) &#8211;<\/p>\n\n\n\n<p>#metroredes www.metroredes.com <\/p>\n\n\n\n<figure class=\"wp-block-gallery has-nested-images columns-default is-cropped wp-block-gallery-1 is-layout-flex wp-block-gallery-is-layout-flex\">\n<figure class=\"wp-block-image size-large\"><img loading=\"lazy\" decoding=\"async\" width=\"1024\" height=\"615\" data-id=\"74446\" src=\"https:\/\/elmetropolitano.com.gt\/es\/wp-content\/uploads\/2023\/11\/fotonoticia_20231106182850_1920-1-1024x615.jpg\" alt=\"\" class=\"wp-image-74446\" srcset=\"https:\/\/elmetropolitano.com.gt\/es\/wp-content\/uploads\/2023\/11\/fotonoticia_20231106182850_1920-1-1024x615.jpg 1024w, https:\/\/elmetropolitano.com.gt\/es\/wp-content\/uploads\/2023\/11\/fotonoticia_20231106182850_1920-1-300x180.jpg 300w, https:\/\/elmetropolitano.com.gt\/es\/wp-content\/uploads\/2023\/11\/fotonoticia_20231106182850_1920-1-768x462.jpg 768w, https:\/\/elmetropolitano.com.gt\/es\/wp-content\/uploads\/2023\/11\/fotonoticia_20231106182850_1920-1-1536x923.jpg 1536w, https:\/\/elmetropolitano.com.gt\/es\/wp-content\/uploads\/2023\/11\/fotonoticia_20231106182850_1920-1-600x361.jpg 600w, https:\/\/elmetropolitano.com.gt\/es\/wp-content\/uploads\/2023\/11\/fotonoticia_20231106182850_1920-1.jpg 1920w\" sizes=\"auto, (max-width: 1024px) 100vw, 1024px\" \/><figcaption class=\"wp-element-caption\">06\/11\/2023 Estas im\u00e1genes muestran el c\u00famulo de galaxias Abell 2744 detr\u00e1s del cual se encuentra UHZ1, en rayos X de Chandra y datos infrarrojos de Webb, as\u00ed como primeros planos de la galaxia anfitriona del agujero negro UHZ1.\r\nPOLITICA INVESTIGACI\u00d3N Y TECNOLOG\u00cdA\r\nNASA\/CXC\/SAO\/\u00c1KOS BOGD\u00c1N<\/figcaption><\/figure>\n<\/figure>\n\n\n\n<p>Estas im\u00e1genes muestran el c\u00famulo de galaxias Abell 2744 detr\u00e1s del cual se encuentra UHZ1, en rayos X de Chandra y datos infrarrojos de Webb, as\u00ed como primeros planos de la galaxia anfitriona del agujero negro UHZ1.\u00a0&#8211; NASA\/CXC\/SAO\/\u00c1KOS BOGD\u00c1N<\/p>\n","protected":false},"excerpt":{"rendered":"<p>Telescopios de la NASA han revelado el agujero negro m\u00e1s distante jam\u00e1s visto en rayos X, en una etapa tan temprana de crecimiento que su masa es similar a la de su galaxia anfitriona. Combinando datos del Observatorio de rayos X Chandra de la NASA y el Telescopio Espacial James Webb de la NASA, un <a class=\"read-more\" href=\"https:\/\/elmetropolitano.com.gt\/es\/agujero-negro-observado-solo-470-millones-de-anos-tras-el-big-bang\/\">Leer m\u00e1s<\/a><\/p>\n","protected":false},"author":1,"featured_media":74445,"comment_status":"open","ping_status":"closed","sticky":false,"template":"","format":"standard","meta":{"footnotes":""},"categories":[14],"tags":[15],"class_list":["post-74444","post","type-post","status-publish","format-standard","has-post-thumbnail","hentry","category-internacionales","tag-internacionales"],"_links":{"self":[{"href":"https:\/\/elmetropolitano.com.gt\/es\/wp-json\/wp\/v2\/posts\/74444","targetHints":{"allow":["GET"]}}],"collection":[{"href":"https:\/\/elmetropolitano.com.gt\/es\/wp-json\/wp\/v2\/posts"}],"about":[{"href":"https:\/\/elmetropolitano.com.gt\/es\/wp-json\/wp\/v2\/types\/post"}],"author":[{"embeddable":true,"href":"https:\/\/elmetropolitano.com.gt\/es\/wp-json\/wp\/v2\/users\/1"}],"replies":[{"embeddable":true,"href":"https:\/\/elmetropolitano.com.gt\/es\/wp-json\/wp\/v2\/comments?post=74444"}],"version-history":[{"count":1,"href":"https:\/\/elmetropolitano.com.gt\/es\/wp-json\/wp\/v2\/posts\/74444\/revisions"}],"predecessor-version":[{"id":74447,"href":"https:\/\/elmetropolitano.com.gt\/es\/wp-json\/wp\/v2\/posts\/74444\/revisions\/74447"}],"wp:featuredmedia":[{"embeddable":true,"href":"https:\/\/elmetropolitano.com.gt\/es\/wp-json\/wp\/v2\/media\/74445"}],"wp:attachment":[{"href":"https:\/\/elmetropolitano.com.gt\/es\/wp-json\/wp\/v2\/media?parent=74444"}],"wp:term":[{"taxonomy":"category","embeddable":true,"href":"https:\/\/elmetropolitano.com.gt\/es\/wp-json\/wp\/v2\/categories?post=74444"},{"taxonomy":"post_tag","embeddable":true,"href":"https:\/\/elmetropolitano.com.gt\/es\/wp-json\/wp\/v2\/tags?post=74444"}],"curies":[{"name":"wp","href":"https:\/\/api.w.org\/{rel}","templated":true}]}}