{"id":74568,"date":"2023-11-09T09:18:31","date_gmt":"2023-11-09T15:18:31","guid":{"rendered":"https:\/\/elmetropolitano.com.gt\/es\/?p=74568"},"modified":"2023-11-09T09:18:32","modified_gmt":"2023-11-09T15:18:32","slug":"arevalo-con-apretada-agenda-en-su-gira-por-washington","status":"publish","type":"post","link":"https:\/\/elmetropolitano.com.gt\/es\/arevalo-con-apretada-agenda-en-su-gira-por-washington\/","title":{"rendered":"Ar\u00e9valo con apretada agenda en su gira por Washington"},"content":{"rendered":"\n<p>El Presidente electo Bernardo Ar\u00e9valo de Gira por Washington Estados Unidos sostuvo diversas reuniones este mi\u00e9rcoles con la Secretaria Ejecutiva de la CIDH Tania Reneaum con el senador Republicano Marco Rubio y funcionarios del Fondo nacional para la Democracia que dirige Damon Wilson<\/p>\n\n\n\n<p>Al concluir la reuni\u00f3n Ar\u00e9valo en la Comisi\u00f3n Interamericana de Derechos humanos CIDH Tania Reneaum dijo que \u201ces un honor ser parte de importantes espacios de di\u00e1logo sobre democracia y derechos humanos en la regi\u00f3n\u201d.<\/p><div class=\"elmet-contenido\" id=\"elmet-3130861324\"><div class=\"elmet-adlabel\">Anuncios<\/div><div style=\"margin-top: 20px;margin-right: 20px;margin-bottom: 20px;margin-left: 20px;\" id=\"elmet-3861935765\"><a href=\"https:\/\/www.facebook.com\/arrincuanantigua\/\" aria-label=\"cintillo-arrin-cual\"><img loading=\"lazy\" decoding=\"async\" src=\"https:\/\/elmetropolitano.com.gt\/es\/wp-content\/uploads\/2021\/11\/cintillo-arrin-cual-1.jpg\" alt=\"\"  srcset=\"https:\/\/elmetropolitano.com.gt\/es\/wp-content\/uploads\/2021\/11\/cintillo-arrin-cual-1.jpg 750w, https:\/\/elmetropolitano.com.gt\/es\/wp-content\/uploads\/2021\/11\/cintillo-arrin-cual-1-300x36.jpg 300w, https:\/\/elmetropolitano.com.gt\/es\/wp-content\/uploads\/2021\/11\/cintillo-arrin-cual-1-600x72.jpg 600w\" sizes=\"(max-width: 750px) 100vw, 750px\" width=\"750\" height=\"90\"   \/><\/a><\/div><\/div>\n\n\n\n<p>Ar\u00e9valo tambi\u00e9n sostuvo un di\u00e1logo fructuoso con el senador republicano Marco Rubio \u201cen el que pudimos conversar sobre la democracia y el desarrollo en Guatemala\u201d indic\u00f3 el Presidente Electo<\/p>\n\n\n\n<p>\u201cGracias senador por expresar su inter\u00e9s por visitar Guatemala, lo esperamos con mucho gusto\u201d indic\u00f3 Bernardo Ar\u00e9valo<\/p>\n\n\n\n<p>\u201cSeguimos tendiendo puentes para la construcci\u00f3n de la Nueva primavera\u201d enfatiz\u00f3 Ar\u00e9valo quien este jueves seguir\u00e1 con su agenda de trabajo por Washington.<\/p>\n\n\n\n<p>#metroredes www.metroredes.com <\/p>\n\n\n\n<figure class=\"wp-block-gallery has-nested-images columns-default is-cropped wp-block-gallery-1 is-layout-flex wp-block-gallery-is-layout-flex\">\n<figure class=\"wp-block-image size-large\"><img loading=\"lazy\" decoding=\"async\" width=\"1024\" height=\"671\" data-id=\"74571\" src=\"https:\/\/elmetropolitano.com.gt\/es\/wp-content\/uploads\/2023\/11\/398965188_817217157071036_882783959267073458_n-1024x671.jpg\" alt=\"\" class=\"wp-image-74571\" srcset=\"https:\/\/elmetropolitano.com.gt\/es\/wp-content\/uploads\/2023\/11\/398965188_817217157071036_882783959267073458_n-1024x671.jpg 1024w, https:\/\/elmetropolitano.com.gt\/es\/wp-content\/uploads\/2023\/11\/398965188_817217157071036_882783959267073458_n-300x197.jpg 300w, https:\/\/elmetropolitano.com.gt\/es\/wp-content\/uploads\/2023\/11\/398965188_817217157071036_882783959267073458_n-768x503.jpg 768w, https:\/\/elmetropolitano.com.gt\/es\/wp-content\/uploads\/2023\/11\/398965188_817217157071036_882783959267073458_n-1536x1007.jpg 1536w, https:\/\/elmetropolitano.com.gt\/es\/wp-content\/uploads\/2023\/11\/398965188_817217157071036_882783959267073458_n-600x393.jpg 600w, https:\/\/elmetropolitano.com.gt\/es\/wp-content\/uploads\/2023\/11\/398965188_817217157071036_882783959267073458_n.jpg 2048w\" sizes=\"auto, (max-width: 1024px) 100vw, 1024px\" \/><\/figure>\n\n\n\n<figure class=\"wp-block-image size-large\"><img loading=\"lazy\" decoding=\"async\" width=\"1024\" height=\"674\" data-id=\"74570\" src=\"https:\/\/elmetropolitano.com.gt\/es\/wp-content\/uploads\/2023\/11\/399793166_817217203737698_3932277737372885892_n-1024x674.jpg\" alt=\"\" class=\"wp-image-74570\" srcset=\"https:\/\/elmetropolitano.com.gt\/es\/wp-content\/uploads\/2023\/11\/399793166_817217203737698_3932277737372885892_n-1024x674.jpg 1024w, https:\/\/elmetropolitano.com.gt\/es\/wp-content\/uploads\/2023\/11\/399793166_817217203737698_3932277737372885892_n-300x197.jpg 300w, https:\/\/elmetropolitano.com.gt\/es\/wp-content\/uploads\/2023\/11\/399793166_817217203737698_3932277737372885892_n-768x505.jpg 768w, https:\/\/elmetropolitano.com.gt\/es\/wp-content\/uploads\/2023\/11\/399793166_817217203737698_3932277737372885892_n-600x395.jpg 600w, https:\/\/elmetropolitano.com.gt\/es\/wp-content\/uploads\/2023\/11\/399793166_817217203737698_3932277737372885892_n.jpg 1427w\" sizes=\"auto, (max-width: 1024px) 100vw, 1024px\" \/><\/figure>\n<\/figure>\n","protected":false},"excerpt":{"rendered":"<p>El Presidente electo Bernardo Ar\u00e9valo de Gira por Washington Estados Unidos sostuvo diversas reuniones este mi\u00e9rcoles con la Secretaria Ejecutiva de la CIDH Tania Reneaum con el senador Republicano Marco Rubio y funcionarios del Fondo nacional para la Democracia que dirige Damon Wilson Al concluir la reuni\u00f3n Ar\u00e9valo en la Comisi\u00f3n Interamericana de Derechos humanos <a class=\"read-more\" href=\"https:\/\/elmetropolitano.com.gt\/es\/arevalo-con-apretada-agenda-en-su-gira-por-washington\/\">Leer m\u00e1s<\/a><\/p>\n","protected":false},"author":1,"featured_media":74569,"comment_status":"open","ping_status":"closed","sticky":false,"template":"","format":"standard","meta":{"footnotes":""},"categories":[14],"tags":[15],"class_list":["post-74568","post","type-post","status-publish","format-standard","has-post-thumbnail","hentry","category-internacionales","tag-internacionales"],"_links":{"self":[{"href":"https:\/\/elmetropolitano.com.gt\/es\/wp-json\/wp\/v2\/posts\/74568","targetHints":{"allow":["GET"]}}],"collection":[{"href":"https:\/\/elmetropolitano.com.gt\/es\/wp-json\/wp\/v2\/posts"}],"about":[{"href":"https:\/\/elmetropolitano.com.gt\/es\/wp-json\/wp\/v2\/types\/post"}],"author":[{"embeddable":true,"href":"https:\/\/elmetropolitano.com.gt\/es\/wp-json\/wp\/v2\/users\/1"}],"replies":[{"embeddable":true,"href":"https:\/\/elmetropolitano.com.gt\/es\/wp-json\/wp\/v2\/comments?post=74568"}],"version-history":[{"count":1,"href":"https:\/\/elmetropolitano.com.gt\/es\/wp-json\/wp\/v2\/posts\/74568\/revisions"}],"predecessor-version":[{"id":74572,"href":"https:\/\/elmetropolitano.com.gt\/es\/wp-json\/wp\/v2\/posts\/74568\/revisions\/74572"}],"wp:featuredmedia":[{"embeddable":true,"href":"https:\/\/elmetropolitano.com.gt\/es\/wp-json\/wp\/v2\/media\/74569"}],"wp:attachment":[{"href":"https:\/\/elmetropolitano.com.gt\/es\/wp-json\/wp\/v2\/media?parent=74568"}],"wp:term":[{"taxonomy":"category","embeddable":true,"href":"https:\/\/elmetropolitano.com.gt\/es\/wp-json\/wp\/v2\/categories?post=74568"},{"taxonomy":"post_tag","embeddable":true,"href":"https:\/\/elmetropolitano.com.gt\/es\/wp-json\/wp\/v2\/tags?post=74568"}],"curies":[{"name":"wp","href":"https:\/\/api.w.org\/{rel}","templated":true}]}}