{"id":74721,"date":"2023-11-14T10:25:31","date_gmt":"2023-11-14T16:25:31","guid":{"rendered":"https:\/\/elmetropolitano.com.gt\/es\/?p=74721"},"modified":"2023-11-14T10:25:34","modified_gmt":"2023-11-14T16:25:34","slug":"guatemaltecos-defendieron-la-democracia-a-pesar-de-los-ataques-al-estado-de-derecho-dice-la-moe-ue","status":"publish","type":"post","link":"https:\/\/elmetropolitano.com.gt\/es\/guatemaltecos-defendieron-la-democracia-a-pesar-de-los-ataques-al-estado-de-derecho-dice-la-moe-ue\/","title":{"rendered":"Guatemaltecos defendieron la democracia a pesar de los ataques al estado de derecho dice la MOE-UE"},"content":{"rendered":"\n<p>\u201cLos guatemaltecos hicieron gala de un notable esp\u00edritu de resiliencia y compromiso en defensa de la democracia, en un contexto marcado por una limitada separaci\u00f3n de poderes, severas restricciones a las libertades de expresi\u00f3n y de prensa, un uso indebido de instituciones cooptadas pol\u00edticamente con fines electorales y por continuos ataques al estado de derecho\u201d, fueron las palabras del diputado de la Uni\u00f3n Europea Jordi Ca\u00f1as, en conferencia de prensa.<\/p>\n\n\n\n<p>En el informe presentado por la comisi\u00f3n y dado a conocer en conferencia de prensa por el legislador europeo Jordi Ca\u00f1as, expres\u00f3 que no hubo fraude y felicit\u00f3 a los magistrados del Tribunal Supremo Electoral, TSE, por defender con toda la soberana voluntad de los guatemaltecos expresada en las urnas electorales el 25 de junio y el 20 de agosto de este a\u00f1o.<\/p><div class=\"elmet-contenido\" id=\"elmet-3491850617\"><div class=\"elmet-adlabel\">Anuncios<\/div><div style=\"margin-top: 20px;margin-right: 20px;margin-bottom: 20px;margin-left: 20px;\" id=\"elmet-3693721324\"><a href=\"https:\/\/www.facebook.com\/arrincuanantigua\/\" aria-label=\"cintillo-arrin-cual\"><img loading=\"lazy\" decoding=\"async\" src=\"https:\/\/elmetropolitano.com.gt\/es\/wp-content\/uploads\/2021\/11\/cintillo-arrin-cual-1.jpg\" alt=\"\"  srcset=\"https:\/\/elmetropolitano.com.gt\/es\/wp-content\/uploads\/2021\/11\/cintillo-arrin-cual-1.jpg 750w, https:\/\/elmetropolitano.com.gt\/es\/wp-content\/uploads\/2021\/11\/cintillo-arrin-cual-1-300x36.jpg 300w, https:\/\/elmetropolitano.com.gt\/es\/wp-content\/uploads\/2021\/11\/cintillo-arrin-cual-1-600x72.jpg 600w\" sizes=\"(max-width: 750px) 100vw, 750px\" width=\"750\" height=\"90\"   \/><\/a><\/div><\/div>\n\n\n\n<p>El informe final de la MOE UE se hace eco de los intentos del Ministerio P\u00fablico de invalidad el voto de los electores, as\u00ed como de intimidar y criminalizar al TSE, a funcionarios electorales y al Movimiento Semilla, se\u00f1al\u00f3 el jefe de la misi\u00f3n, quien destac\u00f3 que la MOE UE, considera que estas acciones atentaron contra los derechos pol\u00edticos de los votantes, la participaci\u00f3n igualitaria de los candidatos, la integridad de las elecciones, el respeto a los resultados y vulneraron los compromisos internacionales y regionales en materia que Guatemala ha ratificado.<\/p>\n\n\n\n<p>Jordi a\u00f1adi\u00f3 que el TSE y las juntas organizadoras de ambas vueltas electorales con profesionalidad y eficacia y que despu\u00e9s del 25 de junio los magistrados del TSE defendieron contundentemente la integridad de la votaci\u00f3n y el respeto a la voluntad de los electores, postura que fue crucial para el \u00e9xito final de las elecciones.<\/p>\n\n\n\n<p>El informe incluye un total de 26 recomendaciones que la MOE UE, de acuerdo con su mandato, ofrece a la consideraci\u00f3n de las autoridades pol\u00edticas y electorales de Guatemala, partidos pol\u00edticos, sociedad civil y ciudadan\u00eda en general, entre ellas, el jefe de la misi\u00f3n destac\u00f3 como prioritaria la necesidad de fortalecer el estado de derecho y la separaci\u00f3n de poderes mediante el fomento de una cultura de la legalidad y la protecci\u00f3n de los derechos humanos y pol\u00edticos.<\/p>\n\n\n\n<p>Ca\u00f1as se\u00f1al\u00f3 adem\u00e1s que ser\u00eda necesario precisar de manera clara los criterios de capacidad, idoneidad y honradez establecidos en la constituci\u00f3n pol\u00edtica para evitar interpretaciones arbitrarias sobre la inscripci\u00f3n de candidaturas, as\u00ed como definir las disposiciones sobre campa\u00f1a anticipada, para garantizar que no limiten la libertad de expresi\u00f3n de potenciales candidatos ni el derecho al sufragio pasivo.<\/p>\n\n\n\n<p>Jordy Ca\u00f1as subray\u00f3 que la MOE UE considera tambi\u00e9n prioritario que se introduzcan medida para incrementar la participaci\u00f3n pol\u00edtica de las mujeres, como paridad de genero y alternancia en las listas y una mayor presencia en los cargos de direcci\u00f3n de los partidos pol\u00edticos, y de j\u00f3venes, facilitando su inscripci\u00f3n en el padr\u00f3n electoral.<\/p>\n\n\n\n<p>El jefe de la misi\u00f3n hizo tambi\u00e9n especial \u00e9nfasis en el establecimiento de condiciones igualitarias para la publicidad pol\u00edtica de pago y el desarrollo de programas que ayuden a los votantes a reconocer la desinformaci\u00f3n electoral.<\/p>\n\n\n\n<p>Para finalizar se\u00f1al\u00f3 que en los pr\u00f3ximos d\u00edas la misi\u00f3n discutir\u00e1 estas recomendaciones con las autoridades guatemaltecos, con los partidos pol\u00edticos y la sociedad civil. Esta misi\u00f3n, invitada por el TSE desarrollo su trabajo el 11 de mayor y el 6 de septiembre de 2023 y despleg\u00f3 un total de 136 observadores procedentes de 27 estados miembros de la Uni\u00f3n Europea, Noruega y Canad\u00e1. Una delegaci\u00f3n del parlamento europeo se adscribi\u00f3 a la MOE UE para la observaci\u00f3n de las jornadas electorales y respald\u00f3 sus declaraciones preliminares. #metroredes\u00a0 <a href=\"http:\/\/www.metroredes.com\">www.metroredes.com<\/a><a href=\"http:\/\/www.elescuintleco.com\">www.elescuintleco.com<\/a><a href=\"http:\/\/www.elmetropolitano.com.gt\">www.elmetropolitano.com.gt<\/a><\/p>\n\n\n\n<figure class=\"wp-block-gallery has-nested-images columns-default is-cropped wp-block-gallery-1 is-layout-flex wp-block-gallery-is-layout-flex\">\n<figure class=\"wp-block-image size-large\"><img loading=\"lazy\" decoding=\"async\" width=\"1024\" height=\"768\" data-id=\"74725\" src=\"https:\/\/elmetropolitano.com.gt\/es\/wp-content\/uploads\/2023\/11\/F-2fNh4XgAAUKVK-1024x768.jpeg\" alt=\"\" class=\"wp-image-74725\" srcset=\"https:\/\/elmetropolitano.com.gt\/es\/wp-content\/uploads\/2023\/11\/F-2fNh4XgAAUKVK-1024x768.jpeg 1024w, https:\/\/elmetropolitano.com.gt\/es\/wp-content\/uploads\/2023\/11\/F-2fNh4XgAAUKVK-300x225.jpeg 300w, https:\/\/elmetropolitano.com.gt\/es\/wp-content\/uploads\/2023\/11\/F-2fNh4XgAAUKVK-768x576.jpeg 768w, https:\/\/elmetropolitano.com.gt\/es\/wp-content\/uploads\/2023\/11\/F-2fNh4XgAAUKVK-1536x1152.jpeg 1536w, https:\/\/elmetropolitano.com.gt\/es\/wp-content\/uploads\/2023\/11\/F-2fNh4XgAAUKVK-600x450.jpeg 600w, https:\/\/elmetropolitano.com.gt\/es\/wp-content\/uploads\/2023\/11\/F-2fNh4XgAAUKVK.jpeg 1920w\" sizes=\"auto, (max-width: 1024px) 100vw, 1024px\" \/><\/figure>\n\n\n\n<figure class=\"wp-block-image size-large\"><img loading=\"lazy\" decoding=\"async\" width=\"1024\" height=\"684\" data-id=\"74724\" src=\"https:\/\/elmetropolitano.com.gt\/es\/wp-content\/uploads\/2023\/11\/F-2smK5WgAAnUi6-1024x684.jpeg\" alt=\"\" class=\"wp-image-74724\" srcset=\"https:\/\/elmetropolitano.com.gt\/es\/wp-content\/uploads\/2023\/11\/F-2smK5WgAAnUi6-1024x684.jpeg 1024w, https:\/\/elmetropolitano.com.gt\/es\/wp-content\/uploads\/2023\/11\/F-2smK5WgAAnUi6-300x200.jpeg 300w, https:\/\/elmetropolitano.com.gt\/es\/wp-content\/uploads\/2023\/11\/F-2smK5WgAAnUi6-768x513.jpeg 768w, https:\/\/elmetropolitano.com.gt\/es\/wp-content\/uploads\/2023\/11\/F-2smK5WgAAnUi6-1536x1026.jpeg 1536w, https:\/\/elmetropolitano.com.gt\/es\/wp-content\/uploads\/2023\/11\/F-2smK5WgAAnUi6-600x401.jpeg 600w, https:\/\/elmetropolitano.com.gt\/es\/wp-content\/uploads\/2023\/11\/F-2smK5WgAAnUi6.jpeg 1600w\" sizes=\"auto, (max-width: 1024px) 100vw, 1024px\" \/><\/figure>\n\n\n\n<figure class=\"wp-block-image size-large\"><img loading=\"lazy\" decoding=\"async\" width=\"1024\" height=\"684\" data-id=\"74723\" src=\"https:\/\/elmetropolitano.com.gt\/es\/wp-content\/uploads\/2023\/11\/F-2smK8WMAAtP9n-1024x684.jpeg\" alt=\"\" class=\"wp-image-74723\" srcset=\"https:\/\/elmetropolitano.com.gt\/es\/wp-content\/uploads\/2023\/11\/F-2smK8WMAAtP9n-1024x684.jpeg 1024w, https:\/\/elmetropolitano.com.gt\/es\/wp-content\/uploads\/2023\/11\/F-2smK8WMAAtP9n-300x200.jpeg 300w, https:\/\/elmetropolitano.com.gt\/es\/wp-content\/uploads\/2023\/11\/F-2smK8WMAAtP9n-768x513.jpeg 768w, https:\/\/elmetropolitano.com.gt\/es\/wp-content\/uploads\/2023\/11\/F-2smK8WMAAtP9n-1536x1026.jpeg 1536w, https:\/\/elmetropolitano.com.gt\/es\/wp-content\/uploads\/2023\/11\/F-2smK8WMAAtP9n-600x401.jpeg 600w, https:\/\/elmetropolitano.com.gt\/es\/wp-content\/uploads\/2023\/11\/F-2smK8WMAAtP9n.jpeg 1600w\" sizes=\"auto, (max-width: 1024px) 100vw, 1024px\" \/><\/figure>\n<\/figure>\n","protected":false},"excerpt":{"rendered":"<p>\u201cLos guatemaltecos hicieron gala de un notable esp\u00edritu de resiliencia y compromiso en defensa de la democracia, en un contexto marcado por una limitada separaci\u00f3n de poderes, severas restricciones a las libertades de expresi\u00f3n y de prensa, un uso indebido de instituciones cooptadas pol\u00edticamente con fines electorales y por continuos ataques al estado de derecho\u201d, <a class=\"read-more\" href=\"https:\/\/elmetropolitano.com.gt\/es\/guatemaltecos-defendieron-la-democracia-a-pesar-de-los-ataques-al-estado-de-derecho-dice-la-moe-ue\/\">Leer m\u00e1s<\/a><\/p>\n","protected":false},"author":1,"featured_media":74722,"comment_status":"open","ping_status":"closed","sticky":false,"template":"","format":"standard","meta":{"footnotes":""},"categories":[2],"tags":[12],"class_list":["post-74721","post","type-post","status-publish","format-standard","has-post-thumbnail","hentry","category-nacionales","tag-nacionales"],"_links":{"self":[{"href":"https:\/\/elmetropolitano.com.gt\/es\/wp-json\/wp\/v2\/posts\/74721","targetHints":{"allow":["GET"]}}],"collection":[{"href":"https:\/\/elmetropolitano.com.gt\/es\/wp-json\/wp\/v2\/posts"}],"about":[{"href":"https:\/\/elmetropolitano.com.gt\/es\/wp-json\/wp\/v2\/types\/post"}],"author":[{"embeddable":true,"href":"https:\/\/elmetropolitano.com.gt\/es\/wp-json\/wp\/v2\/users\/1"}],"replies":[{"embeddable":true,"href":"https:\/\/elmetropolitano.com.gt\/es\/wp-json\/wp\/v2\/comments?post=74721"}],"version-history":[{"count":1,"href":"https:\/\/elmetropolitano.com.gt\/es\/wp-json\/wp\/v2\/posts\/74721\/revisions"}],"predecessor-version":[{"id":74726,"href":"https:\/\/elmetropolitano.com.gt\/es\/wp-json\/wp\/v2\/posts\/74721\/revisions\/74726"}],"wp:featuredmedia":[{"embeddable":true,"href":"https:\/\/elmetropolitano.com.gt\/es\/wp-json\/wp\/v2\/media\/74722"}],"wp:attachment":[{"href":"https:\/\/elmetropolitano.com.gt\/es\/wp-json\/wp\/v2\/media?parent=74721"}],"wp:term":[{"taxonomy":"category","embeddable":true,"href":"https:\/\/elmetropolitano.com.gt\/es\/wp-json\/wp\/v2\/categories?post=74721"},{"taxonomy":"post_tag","embeddable":true,"href":"https:\/\/elmetropolitano.com.gt\/es\/wp-json\/wp\/v2\/tags?post=74721"}],"curies":[{"name":"wp","href":"https:\/\/api.w.org\/{rel}","templated":true}]}}