{"id":74732,"date":"2023-11-14T14:49:51","date_gmt":"2023-11-14T20:49:51","guid":{"rendered":"https:\/\/elmetropolitano.com.gt\/es\/?p=74732"},"modified":"2023-11-14T14:49:52","modified_gmt":"2023-11-14T20:49:52","slug":"llegamos-a-nuestro-xxiii-aniversario","status":"publish","type":"post","link":"https:\/\/elmetropolitano.com.gt\/es\/llegamos-a-nuestro-xxiii-aniversario\/","title":{"rendered":"Llegamos a nuestro XXIII aniversario"},"content":{"rendered":"\n<p>Es realmente un privilegio como medio de comunicaci\u00f3n haber llegado a 23 a\u00f1os de informar y realizar una labor period\u00edsticas en una coyuntura nacional y mundial muy complicada, pero los obst\u00e1culos se hicieron para pasarlos no para que nos paralicen, con la ayuda de Dios y los patrocinadores que han cre\u00eddo en nosotros, seguimos de pie y continuamos con la hermosa labor de informar local, nacional e internacionalmente, ya con la ayuda de nuestras 40 plataformas de facebook y cada vez m\u00e1s creciendo con nuestras p\u00e1ginas web que ahora son tres www.elmetropolitano.com.gt www.metroredes.com www.elescuintleco.com.<\/p>\n\n\n\n<p>Estamos en la era moderna y lo digital est\u00e1 tomando mucha fuerza, aunque definitivamente al escrito todav\u00eda le queda algo de vida y se convierte en una alternativa para los que todav\u00eda les gusta sentarse en las ma\u00f1anas, tomarse un caf\u00e9 y ver las noticias que El Metropolitano lleva a sus hogares de manera gratuita.<\/p><div class=\"elmet-contenido\" id=\"elmet-1712577241\"><div class=\"elmet-adlabel\">Anuncios<\/div><div style=\"margin-top: 20px;margin-right: 20px;margin-bottom: 20px;margin-left: 20px;\" id=\"elmet-796316267\"><a href=\"https:\/\/www.facebook.com\/arrincuanantigua\/\" aria-label=\"cintillo-arrin-cual\"><img loading=\"lazy\" decoding=\"async\" src=\"https:\/\/elmetropolitano.com.gt\/es\/wp-content\/uploads\/2021\/11\/cintillo-arrin-cual-1.jpg\" alt=\"\"  srcset=\"https:\/\/elmetropolitano.com.gt\/es\/wp-content\/uploads\/2021\/11\/cintillo-arrin-cual-1.jpg 750w, https:\/\/elmetropolitano.com.gt\/es\/wp-content\/uploads\/2021\/11\/cintillo-arrin-cual-1-300x36.jpg 300w, https:\/\/elmetropolitano.com.gt\/es\/wp-content\/uploads\/2021\/11\/cintillo-arrin-cual-1-600x72.jpg 600w\" sizes=\"(max-width: 750px) 100vw, 750px\" width=\"750\" height=\"90\"   \/><\/a><\/div><\/div>\n\n\n\n<p>Somos un medio de comunicaci\u00f3n alterno que naci\u00f3 con la idea de dar a conocer las noticias positivas de nuestro quehacer diario, tanto pol\u00edtico, econ\u00f3mico, social y los acontecimientos que se dan a diario y que son de inter\u00e9s local y nacional.<\/p>\n\n\n\n<p>Estamos en una coyuntura nacional muy complicada en la que nuestros lectores se encuentran habidos de conocer que es lo que pasar\u00e1 con nuestras elecciones y ante la incertidumbre de si tomara posesi\u00f3n o no el presidente electo, aunque legalmente ya no habr\u00eda nada que temer, pero como se mueven las cosas en nuestro pa\u00eds, todo puede suceder.<\/p>\n\n\n\n<p>Muchos medios de comunicaci\u00f3n nacieron, pero no pudieron soportar el peso del quehacer diario y los retos que d\u00eda a d\u00eda enfrentamos como peri\u00f3dico, otros solo aparecen en los tiempos de campa\u00f1a pol\u00edtica, pero nosotros nacimos para quedarnos y luchar por alcanzar a la mayor cantidad posible de personas, tanto en lo escrito como en lo digital, a donde nos hemos metido con todo y movemos noticias a cada momento para que los guatemaltecos est\u00e9n enterados de primera mano del acontecer nacional.<\/p>\n\n\n\n<p>Para los que hacemos posible este medio de comunicaci\u00f3n, sabemos lo que hemos tenido hasta de que abstenernos con el fin de continuar laborando y seguir adelante, pero tenemos bien claro lo que queremos y es posicionar cada vez m\u00e1s este medio de comunicaci\u00f3n que ha sido bien aceptado y recibido por nuestros lectores y por nuestros patrocinadores que han visto la aceptaci\u00f3n que tenemos.<\/p>\n\n\n\n<p>No pretendemos ya haberlo logrado, pero de algo si estamos seguros, seguimos adelante, sabemos de los retos que hay que sortear, pero con la ayuda de Dios, el apoyo de nuestros anunciantes y la fidelidad de nuestros lectores, hemos llegado hasta aqu\u00ed y estamos seguros que podremos seguir adelante.<\/p>\n\n\n\n<p>Ya cumplimos la mayor\u00eda de edad y sabemos lo que queremos, ya no somos los adolescentes que no saben lo que desean y para donde tomar, nosotros ya estamos bien definidos y siempre somos fieles a nuestros principios tal como lo reza nuestro slogan de Hechos 4:20 \u201c\u2026nosotros no podemos dejar de decir lo que hemos visto y o\u00eddo\u201d.<\/p>\n\n\n\n<p>Gracias nuevamente a todos por su preferencia, por su apoyo, especialmente gracias a Dios por darnos la fuerza, la entereza, el deseo, la sabidur\u00eda y la voluntad para seguir adelante a pesar de las batallas que peleamos a diario, que Dios bendiga a todos y desde ya les deseamos una feliz Navidad y venturoso A\u00f1o Nuevo a todos.<\/p>\n\n\n\n<p>#metroredes www.elmetropolitano.com.gt www.metroredes.com. www.elescuintleco.com<\/p>\n\n\n\n<p><\/p>\n\n\n\n<figure class=\"wp-block-gallery has-nested-images columns-default is-cropped wp-block-gallery-1 is-layout-flex wp-block-gallery-is-layout-flex\">\n<figure class=\"wp-block-image size-large\"><img loading=\"lazy\" decoding=\"async\" width=\"1017\" height=\"909\" data-id=\"74734\" src=\"https:\/\/elmetropolitano.com.gt\/es\/wp-content\/uploads\/2023\/11\/33cfcf28-0872-43e4-90e3-cbc29b5d9c7e-1.jpeg\" alt=\"\" class=\"wp-image-74734\" srcset=\"https:\/\/elmetropolitano.com.gt\/es\/wp-content\/uploads\/2023\/11\/33cfcf28-0872-43e4-90e3-cbc29b5d9c7e-1.jpeg 1017w, https:\/\/elmetropolitano.com.gt\/es\/wp-content\/uploads\/2023\/11\/33cfcf28-0872-43e4-90e3-cbc29b5d9c7e-1-300x268.jpeg 300w, https:\/\/elmetropolitano.com.gt\/es\/wp-content\/uploads\/2023\/11\/33cfcf28-0872-43e4-90e3-cbc29b5d9c7e-1-768x686.jpeg 768w, https:\/\/elmetropolitano.com.gt\/es\/wp-content\/uploads\/2023\/11\/33cfcf28-0872-43e4-90e3-cbc29b5d9c7e-1-600x536.jpeg 600w\" sizes=\"auto, (max-width: 1017px) 100vw, 1017px\" \/><\/figure>\n<\/figure>\n","protected":false},"excerpt":{"rendered":"<p>Es realmente un privilegio como medio de comunicaci\u00f3n haber llegado a 23 a\u00f1os de informar y realizar una labor period\u00edsticas en una coyuntura nacional y mundial muy complicada, pero los obst\u00e1culos se hicieron para pasarlos no para que nos paralicen, con la ayuda de Dios y los patrocinadores que han cre\u00eddo en nosotros, seguimos de <a class=\"read-more\" href=\"https:\/\/elmetropolitano.com.gt\/es\/llegamos-a-nuestro-xxiii-aniversario\/\">Leer m\u00e1s<\/a><\/p>\n","protected":false},"author":1,"featured_media":74733,"comment_status":"open","ping_status":"closed","sticky":false,"template":"","format":"standard","meta":{"footnotes":""},"categories":[2],"tags":[12],"class_list":["post-74732","post","type-post","status-publish","format-standard","has-post-thumbnail","hentry","category-nacionales","tag-nacionales"],"_links":{"self":[{"href":"https:\/\/elmetropolitano.com.gt\/es\/wp-json\/wp\/v2\/posts\/74732","targetHints":{"allow":["GET"]}}],"collection":[{"href":"https:\/\/elmetropolitano.com.gt\/es\/wp-json\/wp\/v2\/posts"}],"about":[{"href":"https:\/\/elmetropolitano.com.gt\/es\/wp-json\/wp\/v2\/types\/post"}],"author":[{"embeddable":true,"href":"https:\/\/elmetropolitano.com.gt\/es\/wp-json\/wp\/v2\/users\/1"}],"replies":[{"embeddable":true,"href":"https:\/\/elmetropolitano.com.gt\/es\/wp-json\/wp\/v2\/comments?post=74732"}],"version-history":[{"count":1,"href":"https:\/\/elmetropolitano.com.gt\/es\/wp-json\/wp\/v2\/posts\/74732\/revisions"}],"predecessor-version":[{"id":74735,"href":"https:\/\/elmetropolitano.com.gt\/es\/wp-json\/wp\/v2\/posts\/74732\/revisions\/74735"}],"wp:featuredmedia":[{"embeddable":true,"href":"https:\/\/elmetropolitano.com.gt\/es\/wp-json\/wp\/v2\/media\/74733"}],"wp:attachment":[{"href":"https:\/\/elmetropolitano.com.gt\/es\/wp-json\/wp\/v2\/media?parent=74732"}],"wp:term":[{"taxonomy":"category","embeddable":true,"href":"https:\/\/elmetropolitano.com.gt\/es\/wp-json\/wp\/v2\/categories?post=74732"},{"taxonomy":"post_tag","embeddable":true,"href":"https:\/\/elmetropolitano.com.gt\/es\/wp-json\/wp\/v2\/tags?post=74732"}],"curies":[{"name":"wp","href":"https:\/\/api.w.org\/{rel}","templated":true}]}}