{"id":74749,"date":"2023-11-15T14:59:43","date_gmt":"2023-11-15T20:59:43","guid":{"rendered":"https:\/\/elmetropolitano.com.gt\/es\/?p=74749"},"modified":"2023-11-15T14:59:45","modified_gmt":"2023-11-15T20:59:45","slug":"en-trifulca-legal-termina-primera-reunion-de-pesquisidora-de-vice-guillermo-castillo","status":"publish","type":"post","link":"https:\/\/elmetropolitano.com.gt\/es\/en-trifulca-legal-termina-primera-reunion-de-pesquisidora-de-vice-guillermo-castillo\/","title":{"rendered":"En trifulca legal termina primera reuni\u00f3n de pesquisidora de Vice Guillermo Castillo"},"content":{"rendered":"\n<p>En una trifulca legal finaliz\u00f3 hoy la primera sesi\u00f3n de la Comisi\u00f3n Pesquisidora contra el vicepresidente de la Rep\u00fablica Guillermo Castillo, pues la presidenta Andrea Villagr\u00e1n dio por concluida la sesi\u00f3n, pero el resto de los comisionados esperaban elaborar un cronograma y ante eso, continuaron sin ella.<\/p>\n\n\n\n<p>La diputada Villagr\u00e1n integrante de la bancada del Partido Semilla regres\u00f3 a la reuni\u00f3n pero a decir que lo que estaban haciendo era ilegal y que no integrar\u00eda la mesa.<\/p><div class=\"elmet-contenido\" id=\"elmet-73511542\"><div class=\"elmet-adlabel\">Anuncios<\/div><div style=\"margin-top: 20px;margin-right: 20px;margin-bottom: 20px;margin-left: 20px;\" id=\"elmet-1401559220\"><a href=\"https:\/\/www.facebook.com\/arrincuanantigua\/\" aria-label=\"cintillo-arrin-cual\"><img loading=\"lazy\" decoding=\"async\" src=\"https:\/\/elmetropolitano.com.gt\/es\/wp-content\/uploads\/2021\/11\/cintillo-arrin-cual-1.jpg\" alt=\"\"  srcset=\"https:\/\/elmetropolitano.com.gt\/es\/wp-content\/uploads\/2021\/11\/cintillo-arrin-cual-1.jpg 750w, https:\/\/elmetropolitano.com.gt\/es\/wp-content\/uploads\/2021\/11\/cintillo-arrin-cual-1-300x36.jpg 300w, https:\/\/elmetropolitano.com.gt\/es\/wp-content\/uploads\/2021\/11\/cintillo-arrin-cual-1-600x72.jpg 600w\" sizes=\"(max-width: 750px) 100vw, 750px\" width=\"750\" height=\"90\"   \/><\/a><\/div><\/div>\n\n\n\n<p>El diputado Rudy Pereira, como vocal I, fue elegido como presidente y se propuso un cronograma para sesionar mi\u00e9rcoles y viernes a las 10 horas, pero la presidencia se elige por sorteo como sucedi\u00f3 en el Pleno del Congreso de la Rep\u00fablica.<\/p>\n\n\n\n<p>Texto: Francisco Javier Hurtarte<\/p>\n\n\n\n<p><a href=\"https:\/\/www.facebook.com\/hashtag\/congresodelarepublicagt?__eep__=6&amp;__cft__[0]=AZVlwedccEJRk0q7cDZJErb2GI6QvYC7pvwIM4_jkZdwdZkKhTUDbEvxW-SfjhJ-rvVxwRD3rIzwceMSHE90SW75vxDnd15N4iiwbXJQu8zabUKHsIt9kfj0Ea4zpe2ly_XoELhAwmFX9u8JKUqU_ZJ1mzpkoI7orovOmwpG0KLyVP1HUaaE-WwpYBsiVmaEsfM&amp;__tn__=*NK-R\">#CongresoDeLaRepublicagt<\/a><\/p>\n\n\n\n<p><a href=\"https:\/\/www.facebook.com\/hashtag\/crisispolitica?__eep__=6&amp;__cft__[0]=AZVlwedccEJRk0q7cDZJErb2GI6QvYC7pvwIM4_jkZdwdZkKhTUDbEvxW-SfjhJ-rvVxwRD3rIzwceMSHE90SW75vxDnd15N4iiwbXJQu8zabUKHsIt9kfj0Ea4zpe2ly_XoELhAwmFX9u8JKUqU_ZJ1mzpkoI7orovOmwpG0KLyVP1HUaaE-WwpYBsiVmaEsfM&amp;__tn__=*NK-R\">#CrisisPolitica<\/a><a href=\"https:\/\/www.facebook.com\/hashtag\/antejuiciovicecastillo?__eep__=6&amp;__cft__[0]=AZVlwedccEJRk0q7cDZJErb2GI6QvYC7pvwIM4_jkZdwdZkKhTUDbEvxW-SfjhJ-rvVxwRD3rIzwceMSHE90SW75vxDnd15N4iiwbXJQu8zabUKHsIt9kfj0Ea4zpe2ly_XoELhAwmFX9u8JKUqU_ZJ1mzpkoI7orovOmwpG0KLyVP1HUaaE-WwpYBsiVmaEsfM&amp;__tn__=*NK-R\">#AntejuicioViceCastillo<\/a> www.metroredes.com  www.elescuintleco.com <\/p>\n\n\n\n<figure class=\"wp-block-gallery has-nested-images columns-default is-cropped wp-block-gallery-1 is-layout-flex wp-block-gallery-is-layout-flex\">\n<figure class=\"wp-block-image size-large\"><img loading=\"lazy\" decoding=\"async\" width=\"576\" height=\"1024\" data-id=\"74751\" src=\"https:\/\/elmetropolitano.com.gt\/es\/wp-content\/uploads\/2023\/11\/399652107_821334143326004_7889919480955570929_n-576x1024.jpg\" alt=\"\" class=\"wp-image-74751\" srcset=\"https:\/\/elmetropolitano.com.gt\/es\/wp-content\/uploads\/2023\/11\/399652107_821334143326004_7889919480955570929_n-576x1024.jpg 576w, https:\/\/elmetropolitano.com.gt\/es\/wp-content\/uploads\/2023\/11\/399652107_821334143326004_7889919480955570929_n-169x300.jpg 169w, https:\/\/elmetropolitano.com.gt\/es\/wp-content\/uploads\/2023\/11\/399652107_821334143326004_7889919480955570929_n-768x1365.jpg 768w, https:\/\/elmetropolitano.com.gt\/es\/wp-content\/uploads\/2023\/11\/399652107_821334143326004_7889919480955570929_n-864x1536.jpg 864w, https:\/\/elmetropolitano.com.gt\/es\/wp-content\/uploads\/2023\/11\/399652107_821334143326004_7889919480955570929_n-600x1067.jpg 600w, https:\/\/elmetropolitano.com.gt\/es\/wp-content\/uploads\/2023\/11\/399652107_821334143326004_7889919480955570929_n.jpg 900w\" sizes=\"auto, (max-width: 576px) 100vw, 576px\" \/><\/figure>\n\n\n\n<figure class=\"wp-block-image size-large\"><img loading=\"lazy\" decoding=\"async\" width=\"1024\" height=\"576\" data-id=\"74752\" src=\"https:\/\/elmetropolitano.com.gt\/es\/wp-content\/uploads\/2023\/11\/401355557_821334166659335_7472295212345364664_n-1024x576.jpg\" alt=\"\" class=\"wp-image-74752\" srcset=\"https:\/\/elmetropolitano.com.gt\/es\/wp-content\/uploads\/2023\/11\/401355557_821334166659335_7472295212345364664_n-1024x576.jpg 1024w, https:\/\/elmetropolitano.com.gt\/es\/wp-content\/uploads\/2023\/11\/401355557_821334166659335_7472295212345364664_n-300x169.jpg 300w, https:\/\/elmetropolitano.com.gt\/es\/wp-content\/uploads\/2023\/11\/401355557_821334166659335_7472295212345364664_n-768x432.jpg 768w, https:\/\/elmetropolitano.com.gt\/es\/wp-content\/uploads\/2023\/11\/401355557_821334166659335_7472295212345364664_n-1536x864.jpg 1536w, https:\/\/elmetropolitano.com.gt\/es\/wp-content\/uploads\/2023\/11\/401355557_821334166659335_7472295212345364664_n-600x338.jpg 600w, https:\/\/elmetropolitano.com.gt\/es\/wp-content\/uploads\/2023\/11\/401355557_821334166659335_7472295212345364664_n.jpg 1600w\" sizes=\"auto, (max-width: 1024px) 100vw, 1024px\" \/><\/figure>\n\n\n\n<figure class=\"wp-block-image size-large\"><img loading=\"lazy\" decoding=\"async\" width=\"733\" height=\"1024\" data-id=\"74753\" src=\"https:\/\/elmetropolitano.com.gt\/es\/wp-content\/uploads\/2023\/11\/402031692_821334173326001_1390802246830197470_n-733x1024.jpg\" alt=\"\" class=\"wp-image-74753\" srcset=\"https:\/\/elmetropolitano.com.gt\/es\/wp-content\/uploads\/2023\/11\/402031692_821334173326001_1390802246830197470_n-733x1024.jpg 733w, https:\/\/elmetropolitano.com.gt\/es\/wp-content\/uploads\/2023\/11\/402031692_821334173326001_1390802246830197470_n-215x300.jpg 215w, https:\/\/elmetropolitano.com.gt\/es\/wp-content\/uploads\/2023\/11\/402031692_821334173326001_1390802246830197470_n-768x1073.jpg 768w, https:\/\/elmetropolitano.com.gt\/es\/wp-content\/uploads\/2023\/11\/402031692_821334173326001_1390802246830197470_n-600x838.jpg 600w, https:\/\/elmetropolitano.com.gt\/es\/wp-content\/uploads\/2023\/11\/402031692_821334173326001_1390802246830197470_n.jpg 1079w\" sizes=\"auto, (max-width: 733px) 100vw, 733px\" \/><\/figure>\n<\/figure>\n","protected":false},"excerpt":{"rendered":"<p>En una trifulca legal finaliz\u00f3 hoy la primera sesi\u00f3n de la Comisi\u00f3n Pesquisidora contra el vicepresidente de la Rep\u00fablica Guillermo Castillo, pues la presidenta Andrea Villagr\u00e1n dio por concluida la sesi\u00f3n, pero el resto de los comisionados esperaban elaborar un cronograma y ante eso, continuaron sin ella. La diputada Villagr\u00e1n integrante de la bancada del <a class=\"read-more\" href=\"https:\/\/elmetropolitano.com.gt\/es\/en-trifulca-legal-termina-primera-reunion-de-pesquisidora-de-vice-guillermo-castillo\/\">Leer m\u00e1s<\/a><\/p>\n","protected":false},"author":1,"featured_media":74750,"comment_status":"open","ping_status":"closed","sticky":false,"template":"","format":"standard","meta":{"footnotes":""},"categories":[2],"tags":[12],"class_list":["post-74749","post","type-post","status-publish","format-standard","has-post-thumbnail","hentry","category-nacionales","tag-nacionales"],"_links":{"self":[{"href":"https:\/\/elmetropolitano.com.gt\/es\/wp-json\/wp\/v2\/posts\/74749","targetHints":{"allow":["GET"]}}],"collection":[{"href":"https:\/\/elmetropolitano.com.gt\/es\/wp-json\/wp\/v2\/posts"}],"about":[{"href":"https:\/\/elmetropolitano.com.gt\/es\/wp-json\/wp\/v2\/types\/post"}],"author":[{"embeddable":true,"href":"https:\/\/elmetropolitano.com.gt\/es\/wp-json\/wp\/v2\/users\/1"}],"replies":[{"embeddable":true,"href":"https:\/\/elmetropolitano.com.gt\/es\/wp-json\/wp\/v2\/comments?post=74749"}],"version-history":[{"count":1,"href":"https:\/\/elmetropolitano.com.gt\/es\/wp-json\/wp\/v2\/posts\/74749\/revisions"}],"predecessor-version":[{"id":74754,"href":"https:\/\/elmetropolitano.com.gt\/es\/wp-json\/wp\/v2\/posts\/74749\/revisions\/74754"}],"wp:featuredmedia":[{"embeddable":true,"href":"https:\/\/elmetropolitano.com.gt\/es\/wp-json\/wp\/v2\/media\/74750"}],"wp:attachment":[{"href":"https:\/\/elmetropolitano.com.gt\/es\/wp-json\/wp\/v2\/media?parent=74749"}],"wp:term":[{"taxonomy":"category","embeddable":true,"href":"https:\/\/elmetropolitano.com.gt\/es\/wp-json\/wp\/v2\/categories?post=74749"},{"taxonomy":"post_tag","embeddable":true,"href":"https:\/\/elmetropolitano.com.gt\/es\/wp-json\/wp\/v2\/tags?post=74749"}],"curies":[{"name":"wp","href":"https:\/\/api.w.org\/{rel}","templated":true}]}}