{"id":75267,"date":"2023-11-26T09:26:37","date_gmt":"2023-11-26T15:26:37","guid":{"rendered":"https:\/\/elmetropolitano.com.gt\/es\/?p=75267"},"modified":"2023-11-26T09:26:38","modified_gmt":"2023-11-26T15:26:38","slug":"inicio-el-festival-navideno-capitalino","status":"publish","type":"post","link":"https:\/\/elmetropolitano.com.gt\/es\/inicio-el-festival-navideno-capitalino\/","title":{"rendered":"Inici\u00f3 el festival navide\u00f1o capitalino"},"content":{"rendered":"\n<p>La noche de este s\u00e1bado abri\u00f3 el Festival Navide\u00f1o &#8211; Paseo de la Sexta, en el centro hist\u00f3rico organizado por la Municipalidad de Guatemala que dirige Ricardo Qui\u00f1ones y diversas casas patrocinadoras.<\/p>\n\n\n\n<p>Aqu\u00ed encontrar\u00e1 pista de patinaje, rueda de Chicago, antojitos y shows art\u00edsticos para que lo disfrute en familia.<\/p><div class=\"elmet-contenido\" id=\"elmet-4064811900\"><div class=\"elmet-adlabel\">Anuncios<\/div><div style=\"margin-top: 20px;margin-right: 20px;margin-bottom: 20px;margin-left: 20px;\" id=\"elmet-4031196807\"><a href=\"https:\/\/www.facebook.com\/arrincuanantigua\/\" aria-label=\"cintillo-arrin-cual\"><img loading=\"lazy\" decoding=\"async\" src=\"https:\/\/elmetropolitano.com.gt\/es\/wp-content\/uploads\/2021\/11\/cintillo-arrin-cual-1.jpg\" alt=\"\"  srcset=\"https:\/\/elmetropolitano.com.gt\/es\/wp-content\/uploads\/2021\/11\/cintillo-arrin-cual-1.jpg 750w, https:\/\/elmetropolitano.com.gt\/es\/wp-content\/uploads\/2021\/11\/cintillo-arrin-cual-1-300x36.jpg 300w, https:\/\/elmetropolitano.com.gt\/es\/wp-content\/uploads\/2021\/11\/cintillo-arrin-cual-1-600x72.jpg 600w\" sizes=\"(max-width: 750px) 100vw, 750px\" width=\"750\" height=\"90\"   \/><\/a><\/div><\/div>\n\n\n\n<p><a href=\"https:\/\/www.facebook.com\/hashtag\/festivalnavide%C3%B1odelaciudad?__eep__=6&amp;__cft__[0]=AZXpCDNqMnKyLLkCVn77tYj973hs4to-Aa2hbA0tYjsGukj9D9jAzEgWS0ZHggc4QukRWC0V4XvFR5zzVHIXWEP9sHdOOTOZ95BdauX9VgAMyydELyYJ-Ipeli_q1rhBkDeu6KK12c2pwsBkr8wBDeaKYkNgKh_O1aJY6GSWlMBhZPS_v14QyiymCRsCBPdN-y8&amp;__tn__=*NK-R\">#FestivalNavide\u00f1oDeLaCiudad<\/a>.  www.metroredes.com www.elescuintleco.com <\/p>\n\n\n\n<figure class=\"wp-block-gallery has-nested-images columns-default is-cropped wp-block-gallery-1 is-layout-flex wp-block-gallery-is-layout-flex\">\n<figure class=\"wp-block-image size-large\"><img loading=\"lazy\" decoding=\"async\" width=\"1024\" height=\"683\" data-id=\"75273\" src=\"https:\/\/elmetropolitano.com.gt\/es\/wp-content\/uploads\/2023\/11\/403699701_827924769333608_1337219715302072550_n-1024x683.jpg\" alt=\"\" class=\"wp-image-75273\" srcset=\"https:\/\/elmetropolitano.com.gt\/es\/wp-content\/uploads\/2023\/11\/403699701_827924769333608_1337219715302072550_n-1024x683.jpg 1024w, https:\/\/elmetropolitano.com.gt\/es\/wp-content\/uploads\/2023\/11\/403699701_827924769333608_1337219715302072550_n-300x200.jpg 300w, https:\/\/elmetropolitano.com.gt\/es\/wp-content\/uploads\/2023\/11\/403699701_827924769333608_1337219715302072550_n-768x512.jpg 768w, https:\/\/elmetropolitano.com.gt\/es\/wp-content\/uploads\/2023\/11\/403699701_827924769333608_1337219715302072550_n-600x400.jpg 600w, https:\/\/elmetropolitano.com.gt\/es\/wp-content\/uploads\/2023\/11\/403699701_827924769333608_1337219715302072550_n.jpg 1221w\" sizes=\"auto, (max-width: 1024px) 100vw, 1024px\" \/><\/figure>\n\n\n\n<figure class=\"wp-block-image size-large\"><img loading=\"lazy\" decoding=\"async\" width=\"1024\" height=\"683\" data-id=\"75270\" src=\"https:\/\/elmetropolitano.com.gt\/es\/wp-content\/uploads\/2023\/11\/404327831_827924786000273_1451213801799657687_n-1024x683.jpg\" alt=\"\" class=\"wp-image-75270\" srcset=\"https:\/\/elmetropolitano.com.gt\/es\/wp-content\/uploads\/2023\/11\/404327831_827924786000273_1451213801799657687_n-1024x683.jpg 1024w, https:\/\/elmetropolitano.com.gt\/es\/wp-content\/uploads\/2023\/11\/404327831_827924786000273_1451213801799657687_n-300x200.jpg 300w, https:\/\/elmetropolitano.com.gt\/es\/wp-content\/uploads\/2023\/11\/404327831_827924786000273_1451213801799657687_n-768x512.jpg 768w, https:\/\/elmetropolitano.com.gt\/es\/wp-content\/uploads\/2023\/11\/404327831_827924786000273_1451213801799657687_n-1536x1025.jpg 1536w, https:\/\/elmetropolitano.com.gt\/es\/wp-content\/uploads\/2023\/11\/404327831_827924786000273_1451213801799657687_n-600x400.jpg 600w, https:\/\/elmetropolitano.com.gt\/es\/wp-content\/uploads\/2023\/11\/404327831_827924786000273_1451213801799657687_n.jpg 2048w\" sizes=\"auto, (max-width: 1024px) 100vw, 1024px\" \/><\/figure>\n\n\n\n<figure class=\"wp-block-image size-large\"><img loading=\"lazy\" decoding=\"async\" width=\"1024\" height=\"683\" data-id=\"75269\" src=\"https:\/\/elmetropolitano.com.gt\/es\/wp-content\/uploads\/2023\/11\/404328496_827924882666930_3002219407446805489_n-1024x683.jpg\" alt=\"\" class=\"wp-image-75269\" srcset=\"https:\/\/elmetropolitano.com.gt\/es\/wp-content\/uploads\/2023\/11\/404328496_827924882666930_3002219407446805489_n-1024x683.jpg 1024w, https:\/\/elmetropolitano.com.gt\/es\/wp-content\/uploads\/2023\/11\/404328496_827924882666930_3002219407446805489_n-300x200.jpg 300w, https:\/\/elmetropolitano.com.gt\/es\/wp-content\/uploads\/2023\/11\/404328496_827924882666930_3002219407446805489_n-768x512.jpg 768w, https:\/\/elmetropolitano.com.gt\/es\/wp-content\/uploads\/2023\/11\/404328496_827924882666930_3002219407446805489_n-600x400.jpg 600w, https:\/\/elmetropolitano.com.gt\/es\/wp-content\/uploads\/2023\/11\/404328496_827924882666930_3002219407446805489_n.jpg 1146w\" sizes=\"auto, (max-width: 1024px) 100vw, 1024px\" \/><\/figure>\n\n\n\n<figure class=\"wp-block-image size-large\"><img loading=\"lazy\" decoding=\"async\" width=\"1024\" height=\"683\" data-id=\"75272\" src=\"https:\/\/elmetropolitano.com.gt\/es\/wp-content\/uploads\/2023\/11\/404340715_827924872666931_6982169786575962889_n-1024x683.jpg\" alt=\"\" class=\"wp-image-75272\" srcset=\"https:\/\/elmetropolitano.com.gt\/es\/wp-content\/uploads\/2023\/11\/404340715_827924872666931_6982169786575962889_n-1024x683.jpg 1024w, https:\/\/elmetropolitano.com.gt\/es\/wp-content\/uploads\/2023\/11\/404340715_827924872666931_6982169786575962889_n-300x200.jpg 300w, https:\/\/elmetropolitano.com.gt\/es\/wp-content\/uploads\/2023\/11\/404340715_827924872666931_6982169786575962889_n-768x512.jpg 768w, https:\/\/elmetropolitano.com.gt\/es\/wp-content\/uploads\/2023\/11\/404340715_827924872666931_6982169786575962889_n-1536x1025.jpg 1536w, https:\/\/elmetropolitano.com.gt\/es\/wp-content\/uploads\/2023\/11\/404340715_827924872666931_6982169786575962889_n-600x400.jpg 600w, https:\/\/elmetropolitano.com.gt\/es\/wp-content\/uploads\/2023\/11\/404340715_827924872666931_6982169786575962889_n.jpg 2048w\" sizes=\"auto, (max-width: 1024px) 100vw, 1024px\" \/><\/figure>\n\n\n\n<figure class=\"wp-block-image size-large\"><img loading=\"lazy\" decoding=\"async\" width=\"1024\" height=\"683\" data-id=\"75271\" src=\"https:\/\/elmetropolitano.com.gt\/es\/wp-content\/uploads\/2023\/11\/404352326_827924816000270_123163672076456015_n-1024x683.jpg\" alt=\"\" class=\"wp-image-75271\" srcset=\"https:\/\/elmetropolitano.com.gt\/es\/wp-content\/uploads\/2023\/11\/404352326_827924816000270_123163672076456015_n-1024x683.jpg 1024w, https:\/\/elmetropolitano.com.gt\/es\/wp-content\/uploads\/2023\/11\/404352326_827924816000270_123163672076456015_n-300x200.jpg 300w, https:\/\/elmetropolitano.com.gt\/es\/wp-content\/uploads\/2023\/11\/404352326_827924816000270_123163672076456015_n-768x512.jpg 768w, https:\/\/elmetropolitano.com.gt\/es\/wp-content\/uploads\/2023\/11\/404352326_827924816000270_123163672076456015_n-1536x1025.jpg 1536w, https:\/\/elmetropolitano.com.gt\/es\/wp-content\/uploads\/2023\/11\/404352326_827924816000270_123163672076456015_n-600x400.jpg 600w, https:\/\/elmetropolitano.com.gt\/es\/wp-content\/uploads\/2023\/11\/404352326_827924816000270_123163672076456015_n.jpg 2048w\" sizes=\"auto, (max-width: 1024px) 100vw, 1024px\" \/><\/figure>\n<\/figure>\n","protected":false},"excerpt":{"rendered":"<p>La noche de este s\u00e1bado abri\u00f3 el Festival Navide\u00f1o &#8211; Paseo de la Sexta, en el centro hist\u00f3rico organizado por la Municipalidad de Guatemala que dirige Ricardo Qui\u00f1ones y diversas casas patrocinadoras. Aqu\u00ed encontrar\u00e1 pista de patinaje, rueda de Chicago, antojitos y shows art\u00edsticos para que lo disfrute en familia. #FestivalNavide\u00f1oDeLaCiudad. www.metroredes.com www.elescuintleco.com<\/p>\n","protected":false},"author":1,"featured_media":75268,"comment_status":"open","ping_status":"closed","sticky":false,"template":"","format":"standard","meta":{"footnotes":""},"categories":[1],"tags":[10],"class_list":["post-75267","post","type-post","status-publish","format-standard","has-post-thumbnail","hentry","category-uncategorized","tag-locales"],"_links":{"self":[{"href":"https:\/\/elmetropolitano.com.gt\/es\/wp-json\/wp\/v2\/posts\/75267","targetHints":{"allow":["GET"]}}],"collection":[{"href":"https:\/\/elmetropolitano.com.gt\/es\/wp-json\/wp\/v2\/posts"}],"about":[{"href":"https:\/\/elmetropolitano.com.gt\/es\/wp-json\/wp\/v2\/types\/post"}],"author":[{"embeddable":true,"href":"https:\/\/elmetropolitano.com.gt\/es\/wp-json\/wp\/v2\/users\/1"}],"replies":[{"embeddable":true,"href":"https:\/\/elmetropolitano.com.gt\/es\/wp-json\/wp\/v2\/comments?post=75267"}],"version-history":[{"count":1,"href":"https:\/\/elmetropolitano.com.gt\/es\/wp-json\/wp\/v2\/posts\/75267\/revisions"}],"predecessor-version":[{"id":75274,"href":"https:\/\/elmetropolitano.com.gt\/es\/wp-json\/wp\/v2\/posts\/75267\/revisions\/75274"}],"wp:featuredmedia":[{"embeddable":true,"href":"https:\/\/elmetropolitano.com.gt\/es\/wp-json\/wp\/v2\/media\/75268"}],"wp:attachment":[{"href":"https:\/\/elmetropolitano.com.gt\/es\/wp-json\/wp\/v2\/media?parent=75267"}],"wp:term":[{"taxonomy":"category","embeddable":true,"href":"https:\/\/elmetropolitano.com.gt\/es\/wp-json\/wp\/v2\/categories?post=75267"},{"taxonomy":"post_tag","embeddable":true,"href":"https:\/\/elmetropolitano.com.gt\/es\/wp-json\/wp\/v2\/tags?post=75267"}],"curies":[{"name":"wp","href":"https:\/\/api.w.org\/{rel}","templated":true}]}}