{"id":75664,"date":"2023-12-06T08:56:23","date_gmt":"2023-12-06T14:56:23","guid":{"rendered":"https:\/\/elmetropolitano.com.gt\/es\/?p=75664"},"modified":"2023-12-06T08:56:24","modified_gmt":"2023-12-06T14:56:24","slug":"amcham-reconoce-a-empresas-socias-por-su-sostenibilidad-empresarial","status":"publish","type":"post","link":"https:\/\/elmetropolitano.com.gt\/es\/amcham-reconoce-a-empresas-socias-por-su-sostenibilidad-empresarial\/","title":{"rendered":"AMCHAM reconoce a empresas socias por su sostenibilidad empresarial"},"content":{"rendered":"\n<p>La C\u00e1mara de Comercio Guatemalteco- Americana (AmCham Guatemala) reconoci\u00f3 la labor de las empresas en sus diversos proyectos que desarrollan en beneficio a las comunidades guatemaltecas, en la XVIII edici\u00f3n del Reconocimiento a la Sostenibilidad Empresarial, por su testimonio del compromiso continuo de incentivar programas de responsabilidad social empresarial.<\/p>\n\n\n\n<p>\u201cAmCham Guatemala celebra la dedicaci\u00f3n ejemplar <a><\/a>de Asociaci\u00f3n de Azucareros de Guatemala, AgroAm\u00e9rica, Banco Ficohsa, S. A., Energuate, Ingenio Magdalena, S. A. y Grupo Cemaco, adem\u00e1s de todas las empresas que postularon sus proyectos haciendo conciencia de la importancia vital de contribuir desde sus sectores al pa\u00eds\u201d, indic\u00f3 Waleska Sterkel de Ortiz, Directora Ejecutiva de AmCham.<\/p><div class=\"elmet-contenido\" id=\"elmet-4170634275\"><div class=\"elmet-adlabel\">Anuncios<\/div><div style=\"margin-top: 20px;margin-right: 20px;margin-bottom: 20px;margin-left: 20px;\" id=\"elmet-2231143833\"><a href=\"https:\/\/www.facebook.com\/arrincuanantigua\/\" aria-label=\"cintillo-arrin-cual\"><img loading=\"lazy\" decoding=\"async\" src=\"https:\/\/elmetropolitano.com.gt\/es\/wp-content\/uploads\/2021\/11\/cintillo-arrin-cual-1.jpg\" alt=\"\"  srcset=\"https:\/\/elmetropolitano.com.gt\/es\/wp-content\/uploads\/2021\/11\/cintillo-arrin-cual-1.jpg 750w, https:\/\/elmetropolitano.com.gt\/es\/wp-content\/uploads\/2021\/11\/cintillo-arrin-cual-1-300x36.jpg 300w, https:\/\/elmetropolitano.com.gt\/es\/wp-content\/uploads\/2021\/11\/cintillo-arrin-cual-1-600x72.jpg 600w\" sizes=\"(max-width: 750px) 100vw, 750px\" width=\"750\" height=\"90\"   \/><\/a><\/div><\/div>\n\n\n\n<p>En mayo pasado, AmCham abri\u00f3 la convocatoria para celebrar la XVIII edici\u00f3n del reconocimiento, de la cual se presentaron en total 18 empresas con 31 proyectos dentro de las categor\u00edas: Desarrollo para Colaboradores, Educaci\u00f3n, Medio Ambiente, Social, y el Gran Premio, el cual contempla dos o m\u00e1s de estas \u00e1reas.<\/p>\n\n\n\n<p>\u201cEste reconocimiento no ser\u00eda posible sin el esfuerzo y voluntad de todas las empresas que participaron. Todos los programas que se presentaron demuestran nuestro compromiso con el desarrollo social sostenible que permite el crecimiento de Guatemala. Agradecemos a nuestros colaboradores, socios, clientes, proveedores y a todos los que participan en estas iniciativas por su colaboraci\u00f3n y apoyo\u201d, expres\u00f3 Tere Ligorr\u00eda, Presidenta del Comit\u00e9 de RSE y Sostenibilidad.<\/p>\n\n\n\n<p>Los reconocimientos se entregaron seg\u00fan sus categor\u00edas y los ganadores fueron:<\/p>\n\n\n\n<p>-Social para AgroAm\u00e9rica, por el proyecto: \u201cBanana-nutrici\u00f3n: come bien, vive bien\u201d.<\/p>\n\n\n\n<p>-Desarrollo para colaboradores para Banco Ficohsa S. A., con el proyecto: \u201cQueremos que llegues lejos\u201d.<\/p>\n\n\n\n<p>-Educaci\u00f3n para Energuate, por el proyecto \u201cLucyM\u00f3vil\u201d.<\/p>\n\n\n\n<p>-Medio Ambiente fue para Ingenio Magdalena, S. A., por el proyecto: Magdalena Verde\u201d.<\/p>\n\n\n\n<p>Adem\u00e1s se otorg\u00f3 una menci\u00f3n honor\u00edfica a Grupo Cemaco por \u201cJuntos reforestamos Guatemala\u201d.<\/p>\n\n\n\n<p>Finalmente, el Gran Premio fue para Asociaci\u00f3n de Azucareron de Guatemala (Asazgua) por \u201cComunidades en Desarrollo\u201d.<\/p>\n\n\n\n<p>Los 31 proyectos fueron detenidamente evaluados acorde a criterios establecidos para cada categor\u00eda, con un jurado conformado por:<\/p>\n\n\n\n<p>Adela Sagastume, Gerente de Desempe\u00f1o Social y Asuntos Corporativos, Fundaci\u00f3n G\u00e9nesis Empresarial.<\/p>\n\n\n\n<p>Ana Roc\u00edo Beltet\u00f3n, Directora y Legal Consultant, IdeaNext.<\/p>\n\n\n\n<p>Braulio Salazar, Gesti\u00f3n de Proyectos de Desarrollo e Impacto Social, EY.<\/p>\n\n\n\n<p>Diego Sebasti\u00e1n Mendoza, Responsabilidad Social de las Empresas, UNICEF Guatemala.<\/p>\n\n\n\n<p>Eduardo Palacios, Vicepresidente del Comit\u00e9 de RSE y Sostenibilidad, Abogado Of Counsel en A.D. Sosa &amp; Soto.<\/p>\n\n\n\n<p>Gloria Garc\u00eda, Gerente General de CSP Sostenibilidad.<\/p>\n\n\n\n<p>Marcelo Bobadilla, Director General de BC Soluciones Globales y miembro de la Junta Directiva de AmCham.<\/p>\n\n\n\n<p>Maribel Rinc\u00f3n, Directora Regional de Fundaci\u00f3n Azteca, Grupo Salinas.<\/p>\n\n\n\n<p>Pamela Schwartz, Gerente de Marketing y Comunicaciones de World Vision Guatemala.<\/p>\n\n\n\n<p>Tere Ligorr\u00eda, Gerente de Proyectos y Propuestas para Am\u00e9rica Latina en RTI International y presidenta del Comit\u00e9 de RSE y Sostenibilidad.<\/p>\n\n\n\n<p>Thelma Ram\u00edrez, Comunicadora Social de Fundaci\u00f3n G\u00e9nesis Empresarial.<\/p>\n\n\n\n<p>Durante el evento de reconocimiento, se agradeci\u00f3 a las empresas socias por ser parte de estas iniciativas, las cuales buscan construir un futuro sostenible para Guatemala.<\/p>\n\n\n\n<p><a href=\"https:\/\/www.facebook.com\/hashtag\/amcham?__eep__=6&amp;__cft__[0]=AZWRmXfZPhmvT4le9krcnUEXJyJ3f0Hvfv7vmDNdmMKJn4TdUOqxUJ_dDFLxLrnhgQ3R7gRSXJbR-Y26QETxLbyGJbGjuO4Z3hkRetxCGm7VKcwppg4W8QaEreyfIx-ZJO46DeYbS-LUdi3iZpwbsDvYHI1amXRIMa37cr-TGDWa-ZRwXGeKpaxXTONcH4342V8&amp;__tn__=*NK-R\">#AmCham<\/a><a href=\"https:\/\/www.facebook.com\/hashtag\/metroredes?__eep__=6&amp;__cft__[0]=AZWRmXfZPhmvT4le9krcnUEXJyJ3f0Hvfv7vmDNdmMKJn4TdUOqxUJ_dDFLxLrnhgQ3R7gRSXJbR-Y26QETxLbyGJbGjuO4Z3hkRetxCGm7VKcwppg4W8QaEreyfIx-ZJO46DeYbS-LUdi3iZpwbsDvYHI1amXRIMa37cr-TGDWa-ZRwXGeKpaxXTONcH4342V8&amp;__tn__=*NK-R\">#metroredes<\/a><a href=\"http:\/\/www.elmetropolitano.com.gt\/?fbclid=IwAR31vzU5TWrbVaFF2s0xI16s9YHVvhX2rhx6rXgPvFdkFV08Lgi2qvdwUuE\" rel=\"noreferrer noopener\" target=\"_blank\">www.elmetropolitano.com.gt<\/a><\/p>\n\n\n\n<p><a href=\"http:\/\/www.elescuintleco.com\/?fbclid=IwAR0m5uJURWKi-Y_qGxyRqP6EyyoOh_6bM_qAteG4DdvbMdWW9fZfGx07cuw\" rel=\"noreferrer noopener\" target=\"_blank\">Www.elescuintleco.com<\/a><\/p>\n\n\n\n<figure class=\"wp-block-gallery has-nested-images columns-default is-cropped wp-block-gallery-1 is-layout-flex wp-block-gallery-is-layout-flex\">\n<figure class=\"wp-block-image size-large\"><img loading=\"lazy\" decoding=\"async\" width=\"1024\" height=\"682\" data-id=\"75666\" src=\"https:\/\/elmetropolitano.com.gt\/es\/wp-content\/uploads\/2023\/12\/406385109_834301445362607_1939411304318986697_n-1024x682.jpg\" alt=\"\" class=\"wp-image-75666\" srcset=\"https:\/\/elmetropolitano.com.gt\/es\/wp-content\/uploads\/2023\/12\/406385109_834301445362607_1939411304318986697_n-1024x682.jpg 1024w, https:\/\/elmetropolitano.com.gt\/es\/wp-content\/uploads\/2023\/12\/406385109_834301445362607_1939411304318986697_n-300x200.jpg 300w, https:\/\/elmetropolitano.com.gt\/es\/wp-content\/uploads\/2023\/12\/406385109_834301445362607_1939411304318986697_n-768x512.jpg 768w, https:\/\/elmetropolitano.com.gt\/es\/wp-content\/uploads\/2023\/12\/406385109_834301445362607_1939411304318986697_n-1536x1023.jpg 1536w, https:\/\/elmetropolitano.com.gt\/es\/wp-content\/uploads\/2023\/12\/406385109_834301445362607_1939411304318986697_n-600x400.jpg 600w, https:\/\/elmetropolitano.com.gt\/es\/wp-content\/uploads\/2023\/12\/406385109_834301445362607_1939411304318986697_n.jpg 1600w\" sizes=\"auto, (max-width: 1024px) 100vw, 1024px\" \/><\/figure>\n\n\n\n<figure class=\"wp-block-image size-large\"><img loading=\"lazy\" decoding=\"async\" width=\"1024\" height=\"682\" data-id=\"75667\" src=\"https:\/\/elmetropolitano.com.gt\/es\/wp-content\/uploads\/2023\/12\/406457292_834301482029270_8448816996082606393_n-1024x682.jpg\" alt=\"\" class=\"wp-image-75667\" srcset=\"https:\/\/elmetropolitano.com.gt\/es\/wp-content\/uploads\/2023\/12\/406457292_834301482029270_8448816996082606393_n-1024x682.jpg 1024w, https:\/\/elmetropolitano.com.gt\/es\/wp-content\/uploads\/2023\/12\/406457292_834301482029270_8448816996082606393_n-300x200.jpg 300w, https:\/\/elmetropolitano.com.gt\/es\/wp-content\/uploads\/2023\/12\/406457292_834301482029270_8448816996082606393_n-768x512.jpg 768w, https:\/\/elmetropolitano.com.gt\/es\/wp-content\/uploads\/2023\/12\/406457292_834301482029270_8448816996082606393_n-1536x1023.jpg 1536w, https:\/\/elmetropolitano.com.gt\/es\/wp-content\/uploads\/2023\/12\/406457292_834301482029270_8448816996082606393_n-600x400.jpg 600w, https:\/\/elmetropolitano.com.gt\/es\/wp-content\/uploads\/2023\/12\/406457292_834301482029270_8448816996082606393_n.jpg 1600w\" sizes=\"auto, (max-width: 1024px) 100vw, 1024px\" \/><\/figure>\n\n\n\n<figure class=\"wp-block-image size-large\"><img loading=\"lazy\" decoding=\"async\" width=\"1024\" height=\"682\" data-id=\"75668\" src=\"https:\/\/elmetropolitano.com.gt\/es\/wp-content\/uploads\/2023\/12\/406459568_834302158695869_7593109496165858066_n-1024x682.jpg\" alt=\"\" class=\"wp-image-75668\" srcset=\"https:\/\/elmetropolitano.com.gt\/es\/wp-content\/uploads\/2023\/12\/406459568_834302158695869_7593109496165858066_n-1024x682.jpg 1024w, https:\/\/elmetropolitano.com.gt\/es\/wp-content\/uploads\/2023\/12\/406459568_834302158695869_7593109496165858066_n-300x200.jpg 300w, https:\/\/elmetropolitano.com.gt\/es\/wp-content\/uploads\/2023\/12\/406459568_834302158695869_7593109496165858066_n-768x512.jpg 768w, https:\/\/elmetropolitano.com.gt\/es\/wp-content\/uploads\/2023\/12\/406459568_834302158695869_7593109496165858066_n-1536x1023.jpg 1536w, https:\/\/elmetropolitano.com.gt\/es\/wp-content\/uploads\/2023\/12\/406459568_834302158695869_7593109496165858066_n-600x400.jpg 600w, https:\/\/elmetropolitano.com.gt\/es\/wp-content\/uploads\/2023\/12\/406459568_834302158695869_7593109496165858066_n.jpg 1600w\" sizes=\"auto, (max-width: 1024px) 100vw, 1024px\" \/><\/figure>\n\n\n\n<figure class=\"wp-block-image size-large\"><img loading=\"lazy\" decoding=\"async\" width=\"1024\" height=\"682\" data-id=\"75669\" src=\"https:\/\/elmetropolitano.com.gt\/es\/wp-content\/uploads\/2023\/12\/406470412_834302165362535_8386685337848067016_n-1024x682.jpg\" alt=\"\" class=\"wp-image-75669\" srcset=\"https:\/\/elmetropolitano.com.gt\/es\/wp-content\/uploads\/2023\/12\/406470412_834302165362535_8386685337848067016_n-1024x682.jpg 1024w, https:\/\/elmetropolitano.com.gt\/es\/wp-content\/uploads\/2023\/12\/406470412_834302165362535_8386685337848067016_n-300x200.jpg 300w, https:\/\/elmetropolitano.com.gt\/es\/wp-content\/uploads\/2023\/12\/406470412_834302165362535_8386685337848067016_n-768x512.jpg 768w, https:\/\/elmetropolitano.com.gt\/es\/wp-content\/uploads\/2023\/12\/406470412_834302165362535_8386685337848067016_n-1536x1023.jpg 1536w, https:\/\/elmetropolitano.com.gt\/es\/wp-content\/uploads\/2023\/12\/406470412_834302165362535_8386685337848067016_n-600x400.jpg 600w, https:\/\/elmetropolitano.com.gt\/es\/wp-content\/uploads\/2023\/12\/406470412_834302165362535_8386685337848067016_n.jpg 1600w\" sizes=\"auto, (max-width: 1024px) 100vw, 1024px\" \/><\/figure>\n<\/figure>\n","protected":false},"excerpt":{"rendered":"<p>La C\u00e1mara de Comercio Guatemalteco- Americana (AmCham Guatemala) reconoci\u00f3 la labor de las empresas en sus diversos proyectos que desarrollan en beneficio a las comunidades guatemaltecas, en la XVIII edici\u00f3n del Reconocimiento a la Sostenibilidad Empresarial, por su testimonio del compromiso continuo de incentivar programas de responsabilidad social empresarial. \u201cAmCham Guatemala celebra la dedicaci\u00f3n ejemplar <a class=\"read-more\" href=\"https:\/\/elmetropolitano.com.gt\/es\/amcham-reconoce-a-empresas-socias-por-su-sostenibilidad-empresarial\/\">Leer m\u00e1s<\/a><\/p>\n","protected":false},"author":1,"featured_media":75665,"comment_status":"open","ping_status":"closed","sticky":false,"template":"","format":"standard","meta":{"footnotes":""},"categories":[31],"tags":[32],"class_list":["post-75664","post","type-post","status-publish","format-standard","has-post-thumbnail","hentry","category-metroimpulso","tag-metroimpulso"],"_links":{"self":[{"href":"https:\/\/elmetropolitano.com.gt\/es\/wp-json\/wp\/v2\/posts\/75664","targetHints":{"allow":["GET"]}}],"collection":[{"href":"https:\/\/elmetropolitano.com.gt\/es\/wp-json\/wp\/v2\/posts"}],"about":[{"href":"https:\/\/elmetropolitano.com.gt\/es\/wp-json\/wp\/v2\/types\/post"}],"author":[{"embeddable":true,"href":"https:\/\/elmetropolitano.com.gt\/es\/wp-json\/wp\/v2\/users\/1"}],"replies":[{"embeddable":true,"href":"https:\/\/elmetropolitano.com.gt\/es\/wp-json\/wp\/v2\/comments?post=75664"}],"version-history":[{"count":1,"href":"https:\/\/elmetropolitano.com.gt\/es\/wp-json\/wp\/v2\/posts\/75664\/revisions"}],"predecessor-version":[{"id":75670,"href":"https:\/\/elmetropolitano.com.gt\/es\/wp-json\/wp\/v2\/posts\/75664\/revisions\/75670"}],"wp:featuredmedia":[{"embeddable":true,"href":"https:\/\/elmetropolitano.com.gt\/es\/wp-json\/wp\/v2\/media\/75665"}],"wp:attachment":[{"href":"https:\/\/elmetropolitano.com.gt\/es\/wp-json\/wp\/v2\/media?parent=75664"}],"wp:term":[{"taxonomy":"category","embeddable":true,"href":"https:\/\/elmetropolitano.com.gt\/es\/wp-json\/wp\/v2\/categories?post=75664"},{"taxonomy":"post_tag","embeddable":true,"href":"https:\/\/elmetropolitano.com.gt\/es\/wp-json\/wp\/v2\/tags?post=75664"}],"curies":[{"name":"wp","href":"https:\/\/api.w.org\/{rel}","templated":true}]}}