{"id":76201,"date":"2023-12-27T09:48:17","date_gmt":"2023-12-27T15:48:17","guid":{"rendered":"https:\/\/elmetropolitano.com.gt\/es\/?p=76201"},"modified":"2023-12-27T09:48:17","modified_gmt":"2023-12-27T15:48:17","slug":"virginia-laparra-quedara-en-libertad","status":"publish","type":"post","link":"https:\/\/elmetropolitano.com.gt\/es\/virginia-laparra-quedara-en-libertad\/","title":{"rendered":"Virginia Laparra quedar\u00e1 en libertad"},"content":{"rendered":"\n<p>La C\u00e1mara Penal de la Corte Suprema de Justicia CSJ a ordenado este martes al Tribunal 8o. otorgarle la libertad a Virginia Laparra.<\/p>\n\n\n\n<p>Esta decisi\u00f3n es por considerar que ha guardado prisi\u00f3n preventiva por un tiempo que supera el 45 por ciento de los cuatro a\u00f1os de prisi\u00f3n conmutables que le fueron impuestos.<\/p><div class=\"elmet-contenido\" id=\"elmet-614365873\"><div class=\"elmet-adlabel\">Anuncios<\/div><div style=\"margin-top: 20px;margin-right: 20px;margin-bottom: 20px;margin-left: 20px;\" id=\"elmet-1140531484\"><a href=\"https:\/\/www.facebook.com\/arrincuanantigua\/\" aria-label=\"cintillo-arrin-cual\"><img loading=\"lazy\" decoding=\"async\" src=\"https:\/\/elmetropolitano.com.gt\/es\/wp-content\/uploads\/2021\/11\/cintillo-arrin-cual-1.jpg\" alt=\"\"  srcset=\"https:\/\/elmetropolitano.com.gt\/es\/wp-content\/uploads\/2021\/11\/cintillo-arrin-cual-1.jpg 750w, https:\/\/elmetropolitano.com.gt\/es\/wp-content\/uploads\/2021\/11\/cintillo-arrin-cual-1-300x36.jpg 300w, https:\/\/elmetropolitano.com.gt\/es\/wp-content\/uploads\/2021\/11\/cintillo-arrin-cual-1-600x72.jpg 600w\" sizes=\"(max-width: 750px) 100vw, 750px\" width=\"750\" height=\"90\"   \/><\/a><\/div><\/div>\n\n\n\n<p><a href=\"https:\/\/www.facebook.com\/hashtag\/justicia?__eep__=6&amp;__cft__[0]=AZWszVaozKfLxO5ngHELIPrhH6Lo9_qgM9JMBBh1bJE6X17zwfDUNCmx6CoO3kL_AfDhEaWBfbnQcdLeEPYosAgXpp8QzPzZgBXMgiDIj4kO2eJhtNe77y8kl1UO8IjKJmc2IpUFImsY3bbC9ivhELq63gI4kn_DSLl8XIZXcGPcsbSfPGOyQc9VtxzLvu9gtqw&amp;__tn__=*NK-R\">#Justicia<\/a>  www.metroredes.com www.elescuintleco.com <\/p>\n\n\n\n<figure class=\"wp-block-gallery has-nested-images columns-default is-cropped wp-block-gallery-1 is-layout-flex wp-block-gallery-is-layout-flex\">\n<figure class=\"wp-block-image size-large\"><img loading=\"lazy\" decoding=\"async\" width=\"674\" height=\"1024\" data-id=\"76203\" src=\"https:\/\/elmetropolitano.com.gt\/es\/wp-content\/uploads\/2023\/12\/414828629_848064363986315_732416540783599895_n-674x1024.jpg\" alt=\"\" class=\"wp-image-76203\" srcset=\"https:\/\/elmetropolitano.com.gt\/es\/wp-content\/uploads\/2023\/12\/414828629_848064363986315_732416540783599895_n-674x1024.jpg 674w, https:\/\/elmetropolitano.com.gt\/es\/wp-content\/uploads\/2023\/12\/414828629_848064363986315_732416540783599895_n-197x300.jpg 197w, https:\/\/elmetropolitano.com.gt\/es\/wp-content\/uploads\/2023\/12\/414828629_848064363986315_732416540783599895_n-768x1167.jpg 768w, https:\/\/elmetropolitano.com.gt\/es\/wp-content\/uploads\/2023\/12\/414828629_848064363986315_732416540783599895_n-1010x1536.jpg 1010w, https:\/\/elmetropolitano.com.gt\/es\/wp-content\/uploads\/2023\/12\/414828629_848064363986315_732416540783599895_n-85x130.jpg 85w, https:\/\/elmetropolitano.com.gt\/es\/wp-content\/uploads\/2023\/12\/414828629_848064363986315_732416540783599895_n-600x912.jpg 600w, https:\/\/elmetropolitano.com.gt\/es\/wp-content\/uploads\/2023\/12\/414828629_848064363986315_732416540783599895_n.jpg 1290w\" sizes=\"auto, (max-width: 674px) 100vw, 674px\" \/><\/figure>\n\n\n\n<figure class=\"wp-block-image size-large\"><img loading=\"lazy\" decoding=\"async\" width=\"1024\" height=\"721\" data-id=\"76204\" src=\"https:\/\/elmetropolitano.com.gt\/es\/wp-content\/uploads\/2023\/12\/415014361_848064353986316_5969894635999726202_n-1-1024x721.jpg\" alt=\"\" class=\"wp-image-76204\" srcset=\"https:\/\/elmetropolitano.com.gt\/es\/wp-content\/uploads\/2023\/12\/415014361_848064353986316_5969894635999726202_n-1-1024x721.jpg 1024w, https:\/\/elmetropolitano.com.gt\/es\/wp-content\/uploads\/2023\/12\/415014361_848064353986316_5969894635999726202_n-1-300x211.jpg 300w, https:\/\/elmetropolitano.com.gt\/es\/wp-content\/uploads\/2023\/12\/415014361_848064353986316_5969894635999726202_n-1-768x540.jpg 768w, https:\/\/elmetropolitano.com.gt\/es\/wp-content\/uploads\/2023\/12\/415014361_848064353986316_5969894635999726202_n-1-1536x1081.jpg 1536w, https:\/\/elmetropolitano.com.gt\/es\/wp-content\/uploads\/2023\/12\/415014361_848064353986316_5969894635999726202_n-1-600x422.jpg 600w, https:\/\/elmetropolitano.com.gt\/es\/wp-content\/uploads\/2023\/12\/415014361_848064353986316_5969894635999726202_n-1.jpg 2048w\" sizes=\"auto, (max-width: 1024px) 100vw, 1024px\" \/><\/figure>\n<\/figure>\n","protected":false},"excerpt":{"rendered":"<p>La C\u00e1mara Penal de la Corte Suprema de Justicia CSJ a ordenado este martes al Tribunal 8o. otorgarle la libertad a Virginia Laparra. Esta decisi\u00f3n es por considerar que ha guardado prisi\u00f3n preventiva por un tiempo que supera el 45 por ciento de los cuatro a\u00f1os de prisi\u00f3n conmutables que le fueron impuestos. #Justicia www.metroredes.com <a class=\"read-more\" href=\"https:\/\/elmetropolitano.com.gt\/es\/virginia-laparra-quedara-en-libertad\/\">Leer m\u00e1s<\/a><\/p>\n","protected":false},"author":1,"featured_media":76202,"comment_status":"open","ping_status":"closed","sticky":false,"template":"","format":"standard","meta":{"footnotes":""},"categories":[2],"tags":[12],"class_list":["post-76201","post","type-post","status-publish","format-standard","has-post-thumbnail","hentry","category-nacionales","tag-nacionales"],"_links":{"self":[{"href":"https:\/\/elmetropolitano.com.gt\/es\/wp-json\/wp\/v2\/posts\/76201","targetHints":{"allow":["GET"]}}],"collection":[{"href":"https:\/\/elmetropolitano.com.gt\/es\/wp-json\/wp\/v2\/posts"}],"about":[{"href":"https:\/\/elmetropolitano.com.gt\/es\/wp-json\/wp\/v2\/types\/post"}],"author":[{"embeddable":true,"href":"https:\/\/elmetropolitano.com.gt\/es\/wp-json\/wp\/v2\/users\/1"}],"replies":[{"embeddable":true,"href":"https:\/\/elmetropolitano.com.gt\/es\/wp-json\/wp\/v2\/comments?post=76201"}],"version-history":[{"count":1,"href":"https:\/\/elmetropolitano.com.gt\/es\/wp-json\/wp\/v2\/posts\/76201\/revisions"}],"predecessor-version":[{"id":76205,"href":"https:\/\/elmetropolitano.com.gt\/es\/wp-json\/wp\/v2\/posts\/76201\/revisions\/76205"}],"wp:featuredmedia":[{"embeddable":true,"href":"https:\/\/elmetropolitano.com.gt\/es\/wp-json\/wp\/v2\/media\/76202"}],"wp:attachment":[{"href":"https:\/\/elmetropolitano.com.gt\/es\/wp-json\/wp\/v2\/media?parent=76201"}],"wp:term":[{"taxonomy":"category","embeddable":true,"href":"https:\/\/elmetropolitano.com.gt\/es\/wp-json\/wp\/v2\/categories?post=76201"},{"taxonomy":"post_tag","embeddable":true,"href":"https:\/\/elmetropolitano.com.gt\/es\/wp-json\/wp\/v2\/tags?post=76201"}],"curies":[{"name":"wp","href":"https:\/\/api.w.org\/{rel}","templated":true}]}}