{"id":76216,"date":"2023-12-28T10:45:51","date_gmt":"2023-12-28T16:45:51","guid":{"rendered":"https:\/\/elmetropolitano.com.gt\/es\/?p=76216"},"modified":"2023-12-28T10:45:52","modified_gmt":"2023-12-28T16:45:52","slug":"entidad-internacional-destaca-logro-quirurgico-de-medicos-guatemaltecos","status":"publish","type":"post","link":"https:\/\/elmetropolitano.com.gt\/es\/entidad-internacional-destaca-logro-quirurgico-de-medicos-guatemaltecos\/","title":{"rendered":"Entidad internacional destaca logro quir\u00fargico de m\u00e9dicos guatemaltecos"},"content":{"rendered":"\n<p>El Ministerio de Salud P\u00fablica y Asistencia Social (MSPAS) inform\u00f3, por medio de un comunicado, sobre el reconocimiento y publicaci\u00f3n que hizo el Colegio Americano de Gastroenterolog\u00eda, en Canad\u00e1, porque un equipo integrado por m\u00e9dicos guatemaltecos llev\u00f3 a cabo un exitoso procedimiento quir\u00fargico en paciente con c\u00e1ncer terminal.<\/p>\n\n\n\n<p>Se trata de m\u00e9dicos del Departamento de Cirug\u00eda del Hospital Regional de <a><\/a>Occidente (HRO) y estudiantes de Medicina de las universidades Mesoamericana y San Carlos de Guatemala (Cunoc). Ellos presentaron por primera vez, en el Congreso Internacional de Cirug\u00eda, en Vancouver, Canad\u00e1, el caso de un paciente con c\u00e1ncer terminal esof\u00e1gico al que le crearon una pr\u00f3tesis.<\/p><div class=\"elmet-contenido\" id=\"elmet-3401970578\"><div class=\"elmet-adlabel\">Anuncios<\/div><div style=\"margin-top: 20px;margin-right: 20px;margin-bottom: 20px;margin-left: 20px;\" id=\"elmet-2971612821\"><a href=\"https:\/\/www.facebook.com\/arrincuanantigua\/\" aria-label=\"cintillo-arrin-cual\"><img loading=\"lazy\" decoding=\"async\" src=\"https:\/\/elmetropolitano.com.gt\/es\/wp-content\/uploads\/2021\/11\/cintillo-arrin-cual-1.jpg\" alt=\"\"  srcset=\"https:\/\/elmetropolitano.com.gt\/es\/wp-content\/uploads\/2021\/11\/cintillo-arrin-cual-1.jpg 750w, https:\/\/elmetropolitano.com.gt\/es\/wp-content\/uploads\/2021\/11\/cintillo-arrin-cual-1-300x36.jpg 300w, https:\/\/elmetropolitano.com.gt\/es\/wp-content\/uploads\/2021\/11\/cintillo-arrin-cual-1-600x72.jpg 600w\" sizes=\"(max-width: 750px) 100vw, 750px\" width=\"750\" height=\"90\"   \/><\/a><\/div><\/div>\n\n\n\n<p>El equipo<\/p>\n\n\n\n<p>Se trata de los m\u00e9dicos residentes Isidro P\u00e9rez e Iv\u00e1n Palacios, as\u00ed como los estudiantes Jorge Luis G\u00f3mez, Herbert Maldonado y Bernardo Samayoa. El equipo explic\u00f3 que al paciente le colocaron una pr\u00f3tesis esof\u00e1gica.<\/p>\n\n\n\n<p>Adem\u00e1s, el dispositivo lo cre\u00f3 el equipo m\u00e9dico de manera artesanal con los recursos del HRO. Sin embargo, despu\u00e9s de coloc\u00e1rsela, el paciente pudo tolerar alimentos por medio de una dieta l\u00edquida y blanda.<\/p>\n\n\n\n<p>Reconocimiento<\/p>\n\n\n\n<p>Por ello, el Colegio Americano de Gastroenterolog\u00eda, en Canad\u00e1, reconoci\u00f3 como un logro este procedimiento y lo public\u00f3. Esto porque permiti\u00f3 que el paciente aumentara su esperanza de vida. Adem\u00e1s, luego de recibir tratamientos oncol\u00f3gicos fue evaluado constantemente en la consulta externa.<\/p>\n\n\n\n<p>Seg\u00fan el m\u00e9dico Isidro P\u00e9rez, residente de cuarto a\u00f1o en el HRO, el paciente los consult\u00f3 en septiembre de 2022. La consulta la hizo despu\u00e9s de que dos a\u00f1os antes, en lo privado, le dijeran que por ser un c\u00e1ncer terminal ya no le ofrec\u00edan ning\u00fan tratamiento quir\u00fargico.<\/p>\n\n\n\n<p>Detalles del caso<\/p>\n\n\n\n<p>Acerca del paciente, el doctor P\u00e9rez explic\u00f3 \u201cNo toleraba nada, todo lo vomitaba. Sin embargo, al estudiar el caso, le dijimos que se le podr\u00eda colocar una pr\u00f3tesis esof\u00e1gica r\u00edgida. Esas pr\u00f3tesis normalmente son autoexpandibles, son las que se utilizan en Estados Unidos, y cuestan alrededor de 500 mil d\u00f3lares.<\/p>\n\n\n\n<p>Tambi\u00e9n explic\u00f3 que la pr\u00f3tesis que le colocaron la hicieron a mano \u201ces una t\u00e9cnica realizada por un m\u00e9dico colombiano. Utilizamos productos desechables como un tubo todo traqueal y algunos tapones para fijarlo dentro de la orofaringe y el est\u00f3mago. Lo malo es que como no es autoexpandible, sino r\u00edgido, da muchas molestias, pero se le coloc\u00f3 para que pudiera comer\u201d<\/p>\n\n\n\n<p>Adem\u00e1s, continu\u00f3 explicando que \u201cel paciente ya estaba muy desnutrido porque no pod\u00eda tolerar nada. El objetivo era mejorarle el estilo de vida al menos en lo que le quedaba. Oncolog\u00eda, despu\u00e9s de realizarle quimioterapias, tambi\u00e9n le dio seguimiento y hasta el mes pasado lo vimos en medicina de hombres. Ten\u00eda complicaciones, pero hab\u00eda mejorado bastante\u201d<\/p>\n\n\n\n<p>El doctor P\u00e9rez tambi\u00e9n reconoci\u00f3 que es muy satisfactorio dar a conocer lo que hacemos a pesar de todas las dificultades que tenemos. La publicaci\u00f3n es un incentivo y esperamos que las nuevas generaciones puedan seguir publicando, finaliz\u00f3.<\/p>\n\n\n\n<p><a href=\"https:\/\/www.facebook.com\/hashtag\/salud?__eep__=6&amp;__cft__[0]=AZVOd0Z4r-J36tWCGbg1Do_M6n0V9qb3Bx-spCjSPIDUOKIeg9HCttmkw128COKnIF-IOxtyULPy5yvmosu7dgzF1mRt9QQtxzQzjYRmPXq0sTKcI-bQRBa71F-KCPxfQ2Vl7PIudiKcP0R3w6K3Gt1vkQjEEilwO2FMJ-nmQfGikYExuJLntuo_4zCbqFx9pvM&amp;__tn__=*NK-R\">#salud<\/a><a href=\"https:\/\/www.facebook.com\/hashtag\/xela?__eep__=6&amp;__cft__[0]=AZVOd0Z4r-J36tWCGbg1Do_M6n0V9qb3Bx-spCjSPIDUOKIeg9HCttmkw128COKnIF-IOxtyULPy5yvmosu7dgzF1mRt9QQtxzQzjYRmPXq0sTKcI-bQRBa71F-KCPxfQ2Vl7PIudiKcP0R3w6K3Gt1vkQjEEilwO2FMJ-nmQfGikYExuJLntuo_4zCbqFx9pvM&amp;__tn__=*NK-R\">#Xela<\/a><a href=\"https:\/\/www.facebook.com\/hashtag\/metroredes?__eep__=6&amp;__cft__[0]=AZVOd0Z4r-J36tWCGbg1Do_M6n0V9qb3Bx-spCjSPIDUOKIeg9HCttmkw128COKnIF-IOxtyULPy5yvmosu7dgzF1mRt9QQtxzQzjYRmPXq0sTKcI-bQRBa71F-KCPxfQ2Vl7PIudiKcP0R3w6K3Gt1vkQjEEilwO2FMJ-nmQfGikYExuJLntuo_4zCbqFx9pvM&amp;__tn__=*NK-R\">#metroredes<\/a><a href=\"https:\/\/www.facebook.com\/hashtag\/hospitalregionaldeocciedente?__eep__=6&amp;__cft__[0]=AZVOd0Z4r-J36tWCGbg1Do_M6n0V9qb3Bx-spCjSPIDUOKIeg9HCttmkw128COKnIF-IOxtyULPy5yvmosu7dgzF1mRt9QQtxzQzjYRmPXq0sTKcI-bQRBa71F-KCPxfQ2Vl7PIudiKcP0R3w6K3Gt1vkQjEEilwO2FMJ-nmQfGikYExuJLntuo_4zCbqFx9pvM&amp;__tn__=*NK-R\">#hospitalRegionalDeOcciedente<\/a>  www.metroredes.com www.elescuintleco.com <\/p>\n","protected":false},"excerpt":{"rendered":"<p>El Ministerio de Salud P\u00fablica y Asistencia Social (MSPAS) inform\u00f3, por medio de un comunicado, sobre el reconocimiento y publicaci\u00f3n que hizo el Colegio Americano de Gastroenterolog\u00eda, en Canad\u00e1, porque un equipo integrado por m\u00e9dicos guatemaltecos llev\u00f3 a cabo un exitoso procedimiento quir\u00fargico en paciente con c\u00e1ncer terminal. Se trata de m\u00e9dicos del Departamento de <a class=\"read-more\" href=\"https:\/\/elmetropolitano.com.gt\/es\/entidad-internacional-destaca-logro-quirurgico-de-medicos-guatemaltecos\/\">Leer m\u00e1s<\/a><\/p>\n","protected":false},"author":1,"featured_media":76217,"comment_status":"open","ping_status":"closed","sticky":false,"template":"","format":"standard","meta":{"footnotes":""},"categories":[46],"tags":[47],"class_list":["post-76216","post","type-post","status-publish","format-standard","has-post-thumbnail","hentry","category-metrosalud","tag-metrosalud"],"_links":{"self":[{"href":"https:\/\/elmetropolitano.com.gt\/es\/wp-json\/wp\/v2\/posts\/76216","targetHints":{"allow":["GET"]}}],"collection":[{"href":"https:\/\/elmetropolitano.com.gt\/es\/wp-json\/wp\/v2\/posts"}],"about":[{"href":"https:\/\/elmetropolitano.com.gt\/es\/wp-json\/wp\/v2\/types\/post"}],"author":[{"embeddable":true,"href":"https:\/\/elmetropolitano.com.gt\/es\/wp-json\/wp\/v2\/users\/1"}],"replies":[{"embeddable":true,"href":"https:\/\/elmetropolitano.com.gt\/es\/wp-json\/wp\/v2\/comments?post=76216"}],"version-history":[{"count":1,"href":"https:\/\/elmetropolitano.com.gt\/es\/wp-json\/wp\/v2\/posts\/76216\/revisions"}],"predecessor-version":[{"id":76218,"href":"https:\/\/elmetropolitano.com.gt\/es\/wp-json\/wp\/v2\/posts\/76216\/revisions\/76218"}],"wp:featuredmedia":[{"embeddable":true,"href":"https:\/\/elmetropolitano.com.gt\/es\/wp-json\/wp\/v2\/media\/76217"}],"wp:attachment":[{"href":"https:\/\/elmetropolitano.com.gt\/es\/wp-json\/wp\/v2\/media?parent=76216"}],"wp:term":[{"taxonomy":"category","embeddable":true,"href":"https:\/\/elmetropolitano.com.gt\/es\/wp-json\/wp\/v2\/categories?post=76216"},{"taxonomy":"post_tag","embeddable":true,"href":"https:\/\/elmetropolitano.com.gt\/es\/wp-json\/wp\/v2\/tags?post=76216"}],"curies":[{"name":"wp","href":"https:\/\/api.w.org\/{rel}","templated":true}]}}