{"id":76219,"date":"2023-12-28T10:49:26","date_gmt":"2023-12-28T16:49:26","guid":{"rendered":"https:\/\/elmetropolitano.com.gt\/es\/?p=76219"},"modified":"2023-12-28T10:50:12","modified_gmt":"2023-12-28T16:50:12","slug":"edmond-mulet-arraigado-por-plagio-de-marca-cabal","status":"publish","type":"post","link":"https:\/\/elmetropolitano.com.gt\/es\/edmond-mulet-arraigado-por-plagio-de-marca-cabal\/","title":{"rendered":"Edmond Mulet arraigado por plagio de marca CABAL"},"content":{"rendered":"\n<p>El excandidato a la presidencia de la Rep\u00fablica del Partido CABAL ,Edmond Mulet, no podr\u00e1 dejar el pa\u00eds debido a una orden de arraigo en su contra en el caso de plagio de la marca Cabal<\/p>\n\n\n\n<p>El <a><\/a>juez D\u00e9cimo \u00abB\u00bb de la Sala Cuarta de Apelaciones, Jimi Bremer, gir\u00f3 la orden de arraigo en contra de Edmond Mulet quien a mantuvo una lucha por que se respetaran los resultados electorales que le dieron el triunfo a Bernardo Ar\u00e9valo<\/p><div class=\"elmet-contenido\" id=\"elmet-600965643\"><div class=\"elmet-adlabel\">Anuncios<\/div><div style=\"margin-top: 20px;margin-right: 20px;margin-bottom: 20px;margin-left: 20px;\" id=\"elmet-3205039161\"><a href=\"https:\/\/www.facebook.com\/arrincuanantigua\/\" aria-label=\"cintillo-arrin-cual\"><img loading=\"lazy\" decoding=\"async\" src=\"https:\/\/elmetropolitano.com.gt\/es\/wp-content\/uploads\/2021\/11\/cintillo-arrin-cual-1.jpg\" alt=\"\"  srcset=\"https:\/\/elmetropolitano.com.gt\/es\/wp-content\/uploads\/2021\/11\/cintillo-arrin-cual-1.jpg 750w, https:\/\/elmetropolitano.com.gt\/es\/wp-content\/uploads\/2021\/11\/cintillo-arrin-cual-1-300x36.jpg 300w, https:\/\/elmetropolitano.com.gt\/es\/wp-content\/uploads\/2021\/11\/cintillo-arrin-cual-1-600x72.jpg 600w\" sizes=\"(max-width: 750px) 100vw, 750px\" width=\"750\" height=\"90\"   \/><\/a><\/div><\/div>\n\n\n\n<p>Esta acci\u00f3n es por la denuncia v\u00eda que present\u00f3 desde el a\u00f1o 2020 Marinus Boer, quien denuncio al excandidato de \u00abplagiar\u00bb el nombre de su marca para utilizarlo en el partido pol\u00edtico Cabal que lo postul\u00f3 como candidato presidencial.<\/p>\n\n\n\n<p>Boer ha afirmado que el nombre y logotipo utilizados por Mulet est\u00e1n registrado como marca en el Registro de la Propiedad Intelectual desde 2014 y, a pesar de las advertencias, el exaspirante a presidente lo utiliz\u00f3 para conformar su partido pol\u00edtico.<\/p>\n\n\n\n<p><a href=\"https:\/\/www.facebook.com\/hashtag\/metroredes?__eep__=6&amp;__cft__[0]=AZWlSN4GdBP8bjHcBAut_zkqa9sJx7YDszfN9TCMBBN-6cMmTSVGqjskDYXn7p6ZG1lLETxFEx9EQIpOXEMpz2_8msHfIBCUrgJ-r1jyF9S7OKb9WjIssHQ6roR7Hb8ghrN0gtxW22imjWsndKE1oRQWz6FSyEWIz8-LIstwWMPQ9FptquUNW2SVmBy-wIAm3w4&amp;__tn__=*NK-R\">#metroredes<\/a><a href=\"https:\/\/www.facebook.com\/hashtag\/partidocabal?__eep__=6&amp;__cft__[0]=AZWlSN4GdBP8bjHcBAut_zkqa9sJx7YDszfN9TCMBBN-6cMmTSVGqjskDYXn7p6ZG1lLETxFEx9EQIpOXEMpz2_8msHfIBCUrgJ-r1jyF9S7OKb9WjIssHQ6roR7Hb8ghrN0gtxW22imjWsndKE1oRQWz6FSyEWIz8-LIstwWMPQ9FptquUNW2SVmBy-wIAm3w4&amp;__tn__=*NK-R\">#PartidoCabal<\/a><\/p>\n\n\n\n<p><a href=\"https:\/\/l.facebook.com\/l.php?u=http%3A%2F%2FWww.elmetropolitano.com%2F%3Ffbclid%3DIwAR15MVKiRYdPj8R_GkCj7liJtZLhjd5MUDafcwmyxLnB9AwY0XWsBn9WPAE&amp;h=AT1gv_kFzBu3gbVvXwB8mF7ITXfWd8vXYsrpj7Iiu9v8GOOakwucWseWZbF_6PVeMvOp8uzrRswcQCoGzy1rF1Ygd5YsDa2yOWCxMsRV8RkyX40YyXOzuDudCI476DpyU8N1&amp;__tn__=-UK-R&amp;c[0]=AT1XNJs9ZzgL2-XWeeLh36p0yYcsRUvqq-nn0Bb0sSXJYKqhqt2g9TOY5oeZlecZvm84puh-_xHCUmS16vlYoDI1OxhECu0gqlZSePB-FsWEUn7KK808zYOakgVpXMrXhSGpmH92XuN9KEwxxPm0hFGnWe-wLx6ATCJDzP6B1_s5F1m3FTzjqm83sq5QRv4_Tj27MdGKSzQI\" rel=\"noreferrer noopener\" target=\"_blank\">Www.elmetropolitano.com<\/a><\/p>\n\n\n\n<p><a rel=\"noreferrer noopener\" href=\"https:\/\/l.facebook.com\/l.php?u=http%3A%2F%2FWww.elescuintleco.com%2F%3Ffbclid%3DIwAR0wypATo-3AEtxonTD9Hec86vENAm5zuiePGD569cWLxcvbxHpbqG31yJw&amp;h=AT1e-TMFZpK3VPn6W4e426jRtPZgzd7FBNdVWVBGq9WspavBB1UOB9bvwRVWPrxgoHk98cuFFqAjwCQVhuWiHfikWvcsGIMVpSb18_tf4RgxNsbx21qwwar-YGKQlsQEtS7N&amp;__tn__=-UK-R&amp;c[0]=AT1XNJs9ZzgL2-XWeeLh36p0yYcsRUvqq-nn0Bb0sSXJYKqhqt2g9TOY5oeZlecZvm84puh-_xHCUmS16vlYoDI1OxhECu0gqlZSePB-FsWEUn7KK808zYOakgVpXMrXhSGpmH92XuN9KEwxxPm0hFGnWe-wLx6ATCJDzP6B1_s5F1m3FTzjqm83sq5QRv4_Tj27MdGKSzQI\" target=\"_blank\">Www.elescuintleco.com<\/a>   www.metroredes.com  <\/p>\n\n\n\n<figure class=\"wp-block-gallery has-nested-images columns-default is-cropped wp-block-gallery-1 is-layout-flex wp-block-gallery-is-layout-flex\">\n<figure class=\"wp-block-image size-large\"><img loading=\"lazy\" decoding=\"async\" width=\"960\" height=\"881\" data-id=\"76221\" src=\"https:\/\/elmetropolitano.com.gt\/es\/wp-content\/uploads\/2023\/12\/414886249_848655293927222_139609217919889894_n.jpg\" alt=\"\" class=\"wp-image-76221\" srcset=\"https:\/\/elmetropolitano.com.gt\/es\/wp-content\/uploads\/2023\/12\/414886249_848655293927222_139609217919889894_n.jpg 960w, https:\/\/elmetropolitano.com.gt\/es\/wp-content\/uploads\/2023\/12\/414886249_848655293927222_139609217919889894_n-300x275.jpg 300w, https:\/\/elmetropolitano.com.gt\/es\/wp-content\/uploads\/2023\/12\/414886249_848655293927222_139609217919889894_n-768x705.jpg 768w, https:\/\/elmetropolitano.com.gt\/es\/wp-content\/uploads\/2023\/12\/414886249_848655293927222_139609217919889894_n-600x551.jpg 600w\" sizes=\"auto, (max-width: 960px) 100vw, 960px\" \/><\/figure>\n\n\n\n<figure class=\"wp-block-image size-large\"><img loading=\"lazy\" decoding=\"async\" width=\"400\" height=\"400\" data-id=\"76222\" src=\"https:\/\/elmetropolitano.com.gt\/es\/wp-content\/uploads\/2023\/12\/415052277_848655303927221_8855668027253709360_n-1.jpg\" alt=\"\" class=\"wp-image-76222\" srcset=\"https:\/\/elmetropolitano.com.gt\/es\/wp-content\/uploads\/2023\/12\/415052277_848655303927221_8855668027253709360_n-1.jpg 400w, https:\/\/elmetropolitano.com.gt\/es\/wp-content\/uploads\/2023\/12\/415052277_848655303927221_8855668027253709360_n-1-300x300.jpg 300w, https:\/\/elmetropolitano.com.gt\/es\/wp-content\/uploads\/2023\/12\/415052277_848655303927221_8855668027253709360_n-1-150x150.jpg 150w, https:\/\/elmetropolitano.com.gt\/es\/wp-content\/uploads\/2023\/12\/415052277_848655303927221_8855668027253709360_n-1-100x100.jpg 100w\" sizes=\"auto, (max-width: 400px) 100vw, 400px\" \/><\/figure>\n<\/figure>\n","protected":false},"excerpt":{"rendered":"<p>El excandidato a la presidencia de la Rep\u00fablica del Partido CABAL ,Edmond Mulet, no podr\u00e1 dejar el pa\u00eds debido a una orden de arraigo en su contra en el caso de plagio de la marca Cabal El juez D\u00e9cimo \u00abB\u00bb de la Sala Cuarta de Apelaciones, Jimi Bremer, gir\u00f3 la orden de arraigo en contra <a class=\"read-more\" href=\"https:\/\/elmetropolitano.com.gt\/es\/edmond-mulet-arraigado-por-plagio-de-marca-cabal\/\">Leer m\u00e1s<\/a><\/p>\n","protected":false},"author":1,"featured_media":76220,"comment_status":"open","ping_status":"closed","sticky":false,"template":"","format":"standard","meta":{"footnotes":""},"categories":[2],"tags":[12],"class_list":["post-76219","post","type-post","status-publish","format-standard","has-post-thumbnail","hentry","category-nacionales","tag-nacionales"],"_links":{"self":[{"href":"https:\/\/elmetropolitano.com.gt\/es\/wp-json\/wp\/v2\/posts\/76219","targetHints":{"allow":["GET"]}}],"collection":[{"href":"https:\/\/elmetropolitano.com.gt\/es\/wp-json\/wp\/v2\/posts"}],"about":[{"href":"https:\/\/elmetropolitano.com.gt\/es\/wp-json\/wp\/v2\/types\/post"}],"author":[{"embeddable":true,"href":"https:\/\/elmetropolitano.com.gt\/es\/wp-json\/wp\/v2\/users\/1"}],"replies":[{"embeddable":true,"href":"https:\/\/elmetropolitano.com.gt\/es\/wp-json\/wp\/v2\/comments?post=76219"}],"version-history":[{"count":1,"href":"https:\/\/elmetropolitano.com.gt\/es\/wp-json\/wp\/v2\/posts\/76219\/revisions"}],"predecessor-version":[{"id":76223,"href":"https:\/\/elmetropolitano.com.gt\/es\/wp-json\/wp\/v2\/posts\/76219\/revisions\/76223"}],"wp:featuredmedia":[{"embeddable":true,"href":"https:\/\/elmetropolitano.com.gt\/es\/wp-json\/wp\/v2\/media\/76220"}],"wp:attachment":[{"href":"https:\/\/elmetropolitano.com.gt\/es\/wp-json\/wp\/v2\/media?parent=76219"}],"wp:term":[{"taxonomy":"category","embeddable":true,"href":"https:\/\/elmetropolitano.com.gt\/es\/wp-json\/wp\/v2\/categories?post=76219"},{"taxonomy":"post_tag","embeddable":true,"href":"https:\/\/elmetropolitano.com.gt\/es\/wp-json\/wp\/v2\/tags?post=76219"}],"curies":[{"name":"wp","href":"https:\/\/api.w.org\/{rel}","templated":true}]}}