{"id":76224,"date":"2023-12-28T10:55:02","date_gmt":"2023-12-28T16:55:02","guid":{"rendered":"https:\/\/elmetropolitano.com.gt\/es\/?p=76224"},"modified":"2023-12-28T10:55:03","modified_gmt":"2023-12-28T16:55:03","slug":"mulet-no-les-tengo-miedo","status":"publish","type":"post","link":"https:\/\/elmetropolitano.com.gt\/es\/mulet-no-les-tengo-miedo\/","title":{"rendered":"Mulet: \u00abNo les tengo miedo\u00bb"},"content":{"rendered":"\n<p>El candidato Presidencial del Partido CABAL Edmod Mulet quien fue arraigado este d\u00eda indic\u00f3 que no les tiene miedo a \u201cun grupo de corruptos\u201d que intenta asustar al pueblo.<\/p>\n\n\n\n<p><a><\/a>\u201cGentes perversas que infunden terror inventan casos judiciales ya resueltos en instancias administrativas, civiles, penales, la CSJ y la CC\u201d expres\u00f3 Mulet en un comunicado de prensa.<\/p><div class=\"elmet-contenido\" id=\"elmet-3037960128\"><div class=\"elmet-adlabel\">Anuncios<\/div><div style=\"margin-top: 20px;margin-right: 20px;margin-bottom: 20px;margin-left: 20px;\" id=\"elmet-2350048331\"><a href=\"https:\/\/www.facebook.com\/arrincuanantigua\/\" aria-label=\"cintillo-arrin-cual\"><img loading=\"lazy\" decoding=\"async\" src=\"https:\/\/elmetropolitano.com.gt\/es\/wp-content\/uploads\/2021\/11\/cintillo-arrin-cual-1.jpg\" alt=\"\"  srcset=\"https:\/\/elmetropolitano.com.gt\/es\/wp-content\/uploads\/2021\/11\/cintillo-arrin-cual-1.jpg 750w, https:\/\/elmetropolitano.com.gt\/es\/wp-content\/uploads\/2021\/11\/cintillo-arrin-cual-1-300x36.jpg 300w, https:\/\/elmetropolitano.com.gt\/es\/wp-content\/uploads\/2021\/11\/cintillo-arrin-cual-1-600x72.jpg 600w\" sizes=\"(max-width: 750px) 100vw, 750px\" width=\"750\" height=\"90\"   \/><\/a><\/div><\/div>\n\n\n\n<p>Agregando que \u201cHoy tratan de atacarme, pero el ataque no es solo contra m\u00ed, es contra los principios fundamentales de la democracia\u201d<\/p>\n\n\n\n<p>\u201cMi denuncia en favor de la libertad de prensa les molest\u00f3, mi participaci\u00f3n en la marcha por la democracia los enoj\u00f3, mi defensa frontal contra el<\/p>\n\n\n\n<p>Golpe de Estado los enfureci\u00f3\u201d enfatiz\u00f3 Mulet<\/p>\n\n\n\n<p>Dejando claro que \u201cNo les tengo miedo, hoy se inventan un arraigo, ma\u00f1ana se inventar\u00e1n alg\u00fan otro delito falseando las leyes y retorciendo la justicia\u201d<\/p>\n\n\n\n<p>\u201cNo les tengo miedo! Estar\u00e9 accionando legalmente para revertir una decisi\u00f3n que no tiene ning\u00fan fundamento legal\u201d dijo finalmente Mulet<\/p>\n\n\n\n<p><a href=\"https:\/\/www.facebook.com\/hashtag\/partidocabal?__eep__=6&amp;__cft__[0]=AZUx2U1aVSuY0Td8ZSrHyUMJyZm80r1WkVwmPPPXjiuyy2FMrSWOT2dw5QETlKU9K03AzuxriloDsD3M3IVRuSf-G2Ckx13u0b6DITYKVTsoqvLjozVHYOoVu_rzpOW8mqpwbbnZRnGVAUItd_15MsBozrCNQaxphP1hhp8hwhtRPRhaYBfdxtTi2ggNdIJDmaM&amp;__tn__=*NK-R\">#PartidoCabal<\/a>  www.metroredes.com  www.elescuintleco.com <\/p>\n\n\n\n<figure class=\"wp-block-gallery has-nested-images columns-default is-cropped wp-block-gallery-1 is-layout-flex wp-block-gallery-is-layout-flex\">\n<figure class=\"wp-block-image size-large\"><img loading=\"lazy\" decoding=\"async\" width=\"266\" height=\"188\" data-id=\"76226\" src=\"https:\/\/elmetropolitano.com.gt\/es\/wp-content\/uploads\/2023\/12\/414867431_848778613914890_758898667412585796_n-1.jpg\" alt=\"\" class=\"wp-image-76226\"\/><\/figure>\n\n\n\n<figure class=\"wp-block-image size-large\"><img loading=\"lazy\" decoding=\"async\" width=\"724\" height=\"1024\" data-id=\"76227\" src=\"https:\/\/elmetropolitano.com.gt\/es\/wp-content\/uploads\/2023\/12\/415047045_848778700581548_8177282332589095555_n-724x1024.jpg\" alt=\"\" class=\"wp-image-76227\" srcset=\"https:\/\/elmetropolitano.com.gt\/es\/wp-content\/uploads\/2023\/12\/415047045_848778700581548_8177282332589095555_n-724x1024.jpg 724w, https:\/\/elmetropolitano.com.gt\/es\/wp-content\/uploads\/2023\/12\/415047045_848778700581548_8177282332589095555_n-212x300.jpg 212w, https:\/\/elmetropolitano.com.gt\/es\/wp-content\/uploads\/2023\/12\/415047045_848778700581548_8177282332589095555_n-768x1086.jpg 768w, https:\/\/elmetropolitano.com.gt\/es\/wp-content\/uploads\/2023\/12\/415047045_848778700581548_8177282332589095555_n-1086x1536.jpg 1086w, https:\/\/elmetropolitano.com.gt\/es\/wp-content\/uploads\/2023\/12\/415047045_848778700581548_8177282332589095555_n-600x849.jpg 600w, https:\/\/elmetropolitano.com.gt\/es\/wp-content\/uploads\/2023\/12\/415047045_848778700581548_8177282332589095555_n.jpg 1131w\" sizes=\"auto, (max-width: 724px) 100vw, 724px\" \/><\/figure>\n<\/figure>\n","protected":false},"excerpt":{"rendered":"<p>El candidato Presidencial del Partido CABAL Edmod Mulet quien fue arraigado este d\u00eda indic\u00f3 que no les tiene miedo a \u201cun grupo de corruptos\u201d que intenta asustar al pueblo. \u201cGentes perversas que infunden terror inventan casos judiciales ya resueltos en instancias administrativas, civiles, penales, la CSJ y la CC\u201d expres\u00f3 Mulet en un comunicado de <a class=\"read-more\" href=\"https:\/\/elmetropolitano.com.gt\/es\/mulet-no-les-tengo-miedo\/\">Leer m\u00e1s<\/a><\/p>\n","protected":false},"author":1,"featured_media":76225,"comment_status":"open","ping_status":"closed","sticky":false,"template":"","format":"standard","meta":{"footnotes":""},"categories":[2],"tags":[12],"class_list":["post-76224","post","type-post","status-publish","format-standard","has-post-thumbnail","hentry","category-nacionales","tag-nacionales"],"_links":{"self":[{"href":"https:\/\/elmetropolitano.com.gt\/es\/wp-json\/wp\/v2\/posts\/76224","targetHints":{"allow":["GET"]}}],"collection":[{"href":"https:\/\/elmetropolitano.com.gt\/es\/wp-json\/wp\/v2\/posts"}],"about":[{"href":"https:\/\/elmetropolitano.com.gt\/es\/wp-json\/wp\/v2\/types\/post"}],"author":[{"embeddable":true,"href":"https:\/\/elmetropolitano.com.gt\/es\/wp-json\/wp\/v2\/users\/1"}],"replies":[{"embeddable":true,"href":"https:\/\/elmetropolitano.com.gt\/es\/wp-json\/wp\/v2\/comments?post=76224"}],"version-history":[{"count":1,"href":"https:\/\/elmetropolitano.com.gt\/es\/wp-json\/wp\/v2\/posts\/76224\/revisions"}],"predecessor-version":[{"id":76228,"href":"https:\/\/elmetropolitano.com.gt\/es\/wp-json\/wp\/v2\/posts\/76224\/revisions\/76228"}],"wp:featuredmedia":[{"embeddable":true,"href":"https:\/\/elmetropolitano.com.gt\/es\/wp-json\/wp\/v2\/media\/76225"}],"wp:attachment":[{"href":"https:\/\/elmetropolitano.com.gt\/es\/wp-json\/wp\/v2\/media?parent=76224"}],"wp:term":[{"taxonomy":"category","embeddable":true,"href":"https:\/\/elmetropolitano.com.gt\/es\/wp-json\/wp\/v2\/categories?post=76224"},{"taxonomy":"post_tag","embeddable":true,"href":"https:\/\/elmetropolitano.com.gt\/es\/wp-json\/wp\/v2\/tags?post=76224"}],"curies":[{"name":"wp","href":"https:\/\/api.w.org\/{rel}","templated":true}]}}