{"id":76229,"date":"2023-12-28T11:00:33","date_gmt":"2023-12-28T17:00:33","guid":{"rendered":"https:\/\/elmetropolitano.com.gt\/es\/?p=76229"},"modified":"2023-12-28T11:00:34","modified_gmt":"2023-12-28T17:00:34","slug":"carlos-ronaldo-paiz-xula-es-juramentado-como-secretario-de-la-corte-suprema-de-justicia","status":"publish","type":"post","link":"https:\/\/elmetropolitano.com.gt\/es\/carlos-ronaldo-paiz-xula-es-juramentado-como-secretario-de-la-corte-suprema-de-justicia\/","title":{"rendered":"Carlos Ronaldo Paiz Xul\u00e1 es juramentado como Secretario de la Corte Suprema de Justicia"},"content":{"rendered":"\n<p>El Magistrado Oscar Cruz, Presidente del Organismo Judicial y de la Corte Suprema de Justicia CSJ , ha conferido el cargo de Secretario de la Corte Suprema de Justicia a Carlos Ronaldo Paiz Xul\u00e1. El acto de juramentaci\u00f3n, es respaldado por su extensa experiencia y logros en el \u00e1mbito jur\u00eddico.<\/p>\n\n\n\n<p>El Magistrado Presidente elogi\u00f3 la designaci\u00f3n de Paiz Xul\u00e1, haciendo hincapi\u00e9 en su impecable <a><\/a>historial como ex Magistrado de Corte de Apelaciones y en sus notables competencias como profesional del derecho.<\/p><div class=\"elmet-contenido\" id=\"elmet-2996434001\"><div class=\"elmet-adlabel\">Anuncios<\/div><div style=\"margin-top: 20px;margin-right: 20px;margin-bottom: 20px;margin-left: 20px;\" id=\"elmet-3388411010\"><a href=\"https:\/\/www.facebook.com\/arrincuanantigua\/\" aria-label=\"cintillo-arrin-cual\"><img loading=\"lazy\" decoding=\"async\" src=\"https:\/\/elmetropolitano.com.gt\/es\/wp-content\/uploads\/2021\/11\/cintillo-arrin-cual-1.jpg\" alt=\"\"  srcset=\"https:\/\/elmetropolitano.com.gt\/es\/wp-content\/uploads\/2021\/11\/cintillo-arrin-cual-1.jpg 750w, https:\/\/elmetropolitano.com.gt\/es\/wp-content\/uploads\/2021\/11\/cintillo-arrin-cual-1-300x36.jpg 300w, https:\/\/elmetropolitano.com.gt\/es\/wp-content\/uploads\/2021\/11\/cintillo-arrin-cual-1-600x72.jpg 600w\" sizes=\"(max-width: 750px) 100vw, 750px\" width=\"750\" height=\"90\"   \/><\/a><\/div><\/div>\n\n\n\n<p>La nominaci\u00f3n de Carlos Ronaldo Paiz Xul\u00e1 como Secretario de la CSJ se erige como un paso crucial en la consolidaci\u00f3n y fortalecimiento de la labor judicial en el pa\u00eds, destacando su capacidad y conocimiento para asumir este rol de alta responsabilidad.<\/p>\n\n\n\n<p><a href=\"https:\/\/www.facebook.com\/hashtag\/oj?__eep__=6&amp;__cft__[0]=AZXY_hNrZvgPm8Q7yws_knfewpyiL5RJmTgxgMtA6W1sFa3W3lwrG6IfI5R55LKgrWEsT95l6YQsRBhAgiCHSIfsChftX3HbyS4yLkZVwFMWqdoPose3gMDnbKvZPjgHxvydaf-WP7oNz8l1R95axsj-wpimsgvWE8lv9NZv-VCebt5gnuo9FhkjIKfIPi01x2A&amp;__tn__=*NK-R\">#OJ<\/a><a href=\"https:\/\/www.facebook.com\/hashtag\/csj?__eep__=6&amp;__cft__[0]=AZXY_hNrZvgPm8Q7yws_knfewpyiL5RJmTgxgMtA6W1sFa3W3lwrG6IfI5R55LKgrWEsT95l6YQsRBhAgiCHSIfsChftX3HbyS4yLkZVwFMWqdoPose3gMDnbKvZPjgHxvydaf-WP7oNz8l1R95axsj-wpimsgvWE8lv9NZv-VCebt5gnuo9FhkjIKfIPi01x2A&amp;__tn__=*NK-R\">#CSJ<\/a><a href=\"https:\/\/www.facebook.com\/hashtag\/metroredes?__eep__=6&amp;__cft__[0]=AZXY_hNrZvgPm8Q7yws_knfewpyiL5RJmTgxgMtA6W1sFa3W3lwrG6IfI5R55LKgrWEsT95l6YQsRBhAgiCHSIfsChftX3HbyS4yLkZVwFMWqdoPose3gMDnbKvZPjgHxvydaf-WP7oNz8l1R95axsj-wpimsgvWE8lv9NZv-VCebt5gnuo9FhkjIKfIPi01x2A&amp;__tn__=*NK-R\">#metroredes<\/a>  www.metroredes.com  www.elescuintleco.com<\/p>\n","protected":false},"excerpt":{"rendered":"<p>El Magistrado Oscar Cruz, Presidente del Organismo Judicial y de la Corte Suprema de Justicia CSJ , ha conferido el cargo de Secretario de la Corte Suprema de Justicia a Carlos Ronaldo Paiz Xul\u00e1. El acto de juramentaci\u00f3n, es respaldado por su extensa experiencia y logros en el \u00e1mbito jur\u00eddico. El Magistrado Presidente elogi\u00f3 la <a class=\"read-more\" href=\"https:\/\/elmetropolitano.com.gt\/es\/carlos-ronaldo-paiz-xula-es-juramentado-como-secretario-de-la-corte-suprema-de-justicia\/\">Leer m\u00e1s<\/a><\/p>\n","protected":false},"author":1,"featured_media":76230,"comment_status":"open","ping_status":"closed","sticky":false,"template":"","format":"standard","meta":{"footnotes":""},"categories":[2],"tags":[12],"class_list":["post-76229","post","type-post","status-publish","format-standard","has-post-thumbnail","hentry","category-nacionales","tag-nacionales"],"_links":{"self":[{"href":"https:\/\/elmetropolitano.com.gt\/es\/wp-json\/wp\/v2\/posts\/76229","targetHints":{"allow":["GET"]}}],"collection":[{"href":"https:\/\/elmetropolitano.com.gt\/es\/wp-json\/wp\/v2\/posts"}],"about":[{"href":"https:\/\/elmetropolitano.com.gt\/es\/wp-json\/wp\/v2\/types\/post"}],"author":[{"embeddable":true,"href":"https:\/\/elmetropolitano.com.gt\/es\/wp-json\/wp\/v2\/users\/1"}],"replies":[{"embeddable":true,"href":"https:\/\/elmetropolitano.com.gt\/es\/wp-json\/wp\/v2\/comments?post=76229"}],"version-history":[{"count":1,"href":"https:\/\/elmetropolitano.com.gt\/es\/wp-json\/wp\/v2\/posts\/76229\/revisions"}],"predecessor-version":[{"id":76231,"href":"https:\/\/elmetropolitano.com.gt\/es\/wp-json\/wp\/v2\/posts\/76229\/revisions\/76231"}],"wp:featuredmedia":[{"embeddable":true,"href":"https:\/\/elmetropolitano.com.gt\/es\/wp-json\/wp\/v2\/media\/76230"}],"wp:attachment":[{"href":"https:\/\/elmetropolitano.com.gt\/es\/wp-json\/wp\/v2\/media?parent=76229"}],"wp:term":[{"taxonomy":"category","embeddable":true,"href":"https:\/\/elmetropolitano.com.gt\/es\/wp-json\/wp\/v2\/categories?post=76229"},{"taxonomy":"post_tag","embeddable":true,"href":"https:\/\/elmetropolitano.com.gt\/es\/wp-json\/wp\/v2\/tags?post=76229"}],"curies":[{"name":"wp","href":"https:\/\/api.w.org\/{rel}","templated":true}]}}