{"id":76241,"date":"2023-12-28T11:30:22","date_gmt":"2023-12-28T17:30:22","guid":{"rendered":"https:\/\/elmetropolitano.com.gt\/es\/?p=76241"},"modified":"2023-12-28T11:30:23","modified_gmt":"2023-12-28T17:30:23","slug":"comunicaciones-presenta-a-ivan-franco-sopegno-como-nuevo-entrenador","status":"publish","type":"post","link":"https:\/\/elmetropolitano.com.gt\/es\/comunicaciones-presenta-a-ivan-franco-sopegno-como-nuevo-entrenador\/","title":{"rendered":"Comunicaciones presenta a Iv\u00e1n Franco Sopegno como nuevo entrenador"},"content":{"rendered":"\n<p>Mediante sus redes sociales, Comunicaciones oficializ\u00f3 el regreso de Iv\u00e1n Franco Sopegno a los banquillos del club blanco, tras la salida de Willy Olivera.<\/p>\n\n\n\n<p>El argentino de 60 a\u00f1os tendr\u00e1 una nueva aventura al mando de los cremas, en donde logr\u00f3 conquistar cinco t\u00edtulos, siendo la menta maestra del hist\u00f3rico hexacampeonato.<\/p><div class=\"elmet-contenido\" id=\"elmet-2593203764\"><div class=\"elmet-adlabel\">Anuncios<\/div><div style=\"margin-top: 20px;margin-right: 20px;margin-bottom: 20px;margin-left: 20px;\" id=\"elmet-329832968\"><a href=\"https:\/\/www.facebook.com\/arrincuanantigua\/\" aria-label=\"cintillo-arrin-cual\"><img loading=\"lazy\" decoding=\"async\" src=\"https:\/\/elmetropolitano.com.gt\/es\/wp-content\/uploads\/2021\/11\/cintillo-arrin-cual-1.jpg\" alt=\"\"  srcset=\"https:\/\/elmetropolitano.com.gt\/es\/wp-content\/uploads\/2021\/11\/cintillo-arrin-cual-1.jpg 750w, https:\/\/elmetropolitano.com.gt\/es\/wp-content\/uploads\/2021\/11\/cintillo-arrin-cual-1-300x36.jpg 300w, https:\/\/elmetropolitano.com.gt\/es\/wp-content\/uploads\/2021\/11\/cintillo-arrin-cual-1-600x72.jpg 600w\" sizes=\"(max-width: 750px) 100vw, 750px\" width=\"750\" height=\"90\"   \/><\/a><\/div><\/div>\n\n\n\n<p>Tras <a><\/a>estar dirigiendo en las categor\u00edas inferiores del club, desde su \u00faltima andadura en el primer equipo en 2019, Sopegno retomar\u00e1 la batuta del club m\u00e1s laureado de la historia de la Liga Nacional.<\/p>\n\n\n\n<p>El regreso del \u00eddolo<\/p>\n\n\n\n<p>Esta ser\u00e1 la sexta vez en la que el estratega argentino tome las riendas del club blanco, con m\u00e1s de mil 800 partidos como primer entrenador de Comunicaciones, Sopegno ya se hizo un espacio en los libros de historia de Comunicaciones.<\/p>\n\n\n\n<p>Comunicaciones le dio la bienvenida a su nuevo timonel en las redes sociales de la instituci\u00f3n, en donde, adem\u00e1s, se record\u00f3 su amplio palmar\u00e9s:<\/p>\n\n\n\n<p>Comunicaciones FC da la bienvenida al profesor Iv\u00e1n Sopegno como director t\u00e9cnico del primer equipo, dese\u00e1ndole todos los \u00e9xitos en esta nueva etapa con el club.<\/p>\n\n\n\n<p>Palmar\u00e9s con el Club:<\/p>\n\n\n\n<p>Apertura 2010<\/p>\n\n\n\n<p>Clausura 2011<\/p>\n\n\n\n<p>Clausura 2013<\/p>\n\n\n\n<p>Apertura 2013<\/p>\n\n\n\n<p>Clausura 2014<\/p>\n\n\n\n<p>Estos cinco t\u00edtulos, hacen que el argentino sobresalga en la tabla de los entrenadores m\u00e1s laureados de la historia de los torneos cortos de la Liga Nacional:<\/p>\n\n\n\n<p>Willy Coito \u2013 Iv\u00e1n Franco Sopegno \u2013 Enzo Trossero \u2013 Horacio Cordero, 5 t\u00edtulos<\/p>\n\n\n\n<p>Mauricio Tapia \u2013 Amarini Villatoro \u2013 Ever Hugo Almeida, 3 t\u00edtulos<\/p>\n\n\n\n<p>Prueba de fuego<\/p>\n\n\n\n<p>Iv\u00e1n Franco tendr\u00e1 una dura prueba al inicio de su nueva etapa, ya qu\u00e9 adem\u00e1s de iniciar la defensa del t\u00edtulo local durante el Clausura 2024, Comunicaciones tendr\u00e1 que enfrentar a Monterrey en la Concacaf Champions Cup en febrero<\/p>\n\n\n\n<p>Texto: Josue David Acevedo Rivas<\/p>\n\n\n\n<p>www.metroredes.com  www.elescuintleco.com <\/p>\n","protected":false},"excerpt":{"rendered":"<p>Mediante sus redes sociales, Comunicaciones oficializ\u00f3 el regreso de Iv\u00e1n Franco Sopegno a los banquillos del club blanco, tras la salida de Willy Olivera. El argentino de 60 a\u00f1os tendr\u00e1 una nueva aventura al mando de los cremas, en donde logr\u00f3 conquistar cinco t\u00edtulos, siendo la menta maestra del hist\u00f3rico hexacampeonato. Tras estar dirigiendo en <a class=\"read-more\" href=\"https:\/\/elmetropolitano.com.gt\/es\/comunicaciones-presenta-a-ivan-franco-sopegno-como-nuevo-entrenador\/\">Leer m\u00e1s<\/a><\/p>\n","protected":false},"author":1,"featured_media":76242,"comment_status":"open","ping_status":"closed","sticky":false,"template":"","format":"standard","meta":{"footnotes":""},"categories":[43],"tags":[44],"class_list":["post-76241","post","type-post","status-publish","format-standard","has-post-thumbnail","hentry","category-deportes","tag-deportes"],"_links":{"self":[{"href":"https:\/\/elmetropolitano.com.gt\/es\/wp-json\/wp\/v2\/posts\/76241","targetHints":{"allow":["GET"]}}],"collection":[{"href":"https:\/\/elmetropolitano.com.gt\/es\/wp-json\/wp\/v2\/posts"}],"about":[{"href":"https:\/\/elmetropolitano.com.gt\/es\/wp-json\/wp\/v2\/types\/post"}],"author":[{"embeddable":true,"href":"https:\/\/elmetropolitano.com.gt\/es\/wp-json\/wp\/v2\/users\/1"}],"replies":[{"embeddable":true,"href":"https:\/\/elmetropolitano.com.gt\/es\/wp-json\/wp\/v2\/comments?post=76241"}],"version-history":[{"count":1,"href":"https:\/\/elmetropolitano.com.gt\/es\/wp-json\/wp\/v2\/posts\/76241\/revisions"}],"predecessor-version":[{"id":76243,"href":"https:\/\/elmetropolitano.com.gt\/es\/wp-json\/wp\/v2\/posts\/76241\/revisions\/76243"}],"wp:featuredmedia":[{"embeddable":true,"href":"https:\/\/elmetropolitano.com.gt\/es\/wp-json\/wp\/v2\/media\/76242"}],"wp:attachment":[{"href":"https:\/\/elmetropolitano.com.gt\/es\/wp-json\/wp\/v2\/media?parent=76241"}],"wp:term":[{"taxonomy":"category","embeddable":true,"href":"https:\/\/elmetropolitano.com.gt\/es\/wp-json\/wp\/v2\/categories?post=76241"},{"taxonomy":"post_tag","embeddable":true,"href":"https:\/\/elmetropolitano.com.gt\/es\/wp-json\/wp\/v2\/tags?post=76241"}],"curies":[{"name":"wp","href":"https:\/\/api.w.org\/{rel}","templated":true}]}}