{"id":76253,"date":"2023-12-28T12:07:55","date_gmt":"2023-12-28T18:07:55","guid":{"rendered":"https:\/\/elmetropolitano.com.gt\/es\/?p=76253"},"modified":"2023-12-28T12:07:56","modified_gmt":"2023-12-28T18:07:56","slug":"giammattei-deja-bien-protegidos-a-sus-ministros-por-5-anos-antes-de-dejar-el-cargo","status":"publish","type":"post","link":"https:\/\/elmetropolitano.com.gt\/es\/giammattei-deja-bien-protegidos-a-sus-ministros-por-5-anos-antes-de-dejar-el-cargo\/","title":{"rendered":"Giammattei deja bien protegidos a sus ministros por 5 a\u00f1os antes de dejar el cargo"},"content":{"rendered":"\n<p>Seguridad, protecci\u00f3n y veh\u00edculos para sus ministros y secretarios, entre otros funcionarios, fue el acuerdo publicado hoy por el presidente Alejandro Giammattei, antes de dejar el cargo el 14 de enero del pr\u00f3ximo a\u00f1o, seg\u00fan fue publicado en el Diario Oficial.<\/p>\n\n\n\n<p>Seg\u00fan la publicaci\u00f3n, el acuerdo tendr\u00e1 una duraci\u00f3n de 5 a\u00f1os y ser\u00e1 ejecutado a trav\u00e9s de la Direcci\u00f3n General de la Polic\u00eda Nacional Civil; estos tendr\u00e1n hasta 5 a\u00f1os de protecci\u00f3n pagada por el Estado, con los impuestos de todos los guatemaltecos. #metroredes <a href=\"http:\/\/www.metroredes.com\">www.metroredes.com<\/a><a href=\"http:\/\/www.elescuintleco.com\">www.elescuintleco.com<\/a><a href=\"http:\/\/www.elmetropolitano.com.gt\">www.elmetropolitano.com.gt<\/a><\/p><div class=\"elmet-contenido\" id=\"elmet-2424300074\"><div class=\"elmet-adlabel\">Anuncios<\/div><div style=\"margin-top: 20px;margin-right: 20px;margin-bottom: 20px;margin-left: 20px;\" id=\"elmet-2163592438\"><a href=\"https:\/\/www.facebook.com\/arrincuanantigua\/\" aria-label=\"cintillo-arrin-cual\"><img loading=\"lazy\" decoding=\"async\" src=\"https:\/\/elmetropolitano.com.gt\/es\/wp-content\/uploads\/2021\/11\/cintillo-arrin-cual-1.jpg\" alt=\"\"  srcset=\"https:\/\/elmetropolitano.com.gt\/es\/wp-content\/uploads\/2021\/11\/cintillo-arrin-cual-1.jpg 750w, https:\/\/elmetropolitano.com.gt\/es\/wp-content\/uploads\/2021\/11\/cintillo-arrin-cual-1-300x36.jpg 300w, https:\/\/elmetropolitano.com.gt\/es\/wp-content\/uploads\/2021\/11\/cintillo-arrin-cual-1-600x72.jpg 600w\" sizes=\"(max-width: 750px) 100vw, 750px\" width=\"750\" height=\"90\"   \/><\/a><\/div><\/div>\n\n\n\n<figure class=\"wp-block-gallery has-nested-images columns-default is-cropped wp-block-gallery-1 is-layout-flex wp-block-gallery-is-layout-flex\">\n<figure class=\"wp-block-image size-large\"><img loading=\"lazy\" decoding=\"async\" width=\"662\" height=\"1024\" data-id=\"76256\" src=\"https:\/\/elmetropolitano.com.gt\/es\/wp-content\/uploads\/2023\/12\/GCcWxJfXcAAvIKa-1-662x1024.jpg\" alt=\"\" class=\"wp-image-76256\" srcset=\"https:\/\/elmetropolitano.com.gt\/es\/wp-content\/uploads\/2023\/12\/GCcWxJfXcAAvIKa-1-662x1024.jpg 662w, https:\/\/elmetropolitano.com.gt\/es\/wp-content\/uploads\/2023\/12\/GCcWxJfXcAAvIKa-1-194x300.jpg 194w, https:\/\/elmetropolitano.com.gt\/es\/wp-content\/uploads\/2023\/12\/GCcWxJfXcAAvIKa-1-768x1189.jpg 768w, https:\/\/elmetropolitano.com.gt\/es\/wp-content\/uploads\/2023\/12\/GCcWxJfXcAAvIKa-1-85x130.jpg 85w, https:\/\/elmetropolitano.com.gt\/es\/wp-content\/uploads\/2023\/12\/GCcWxJfXcAAvIKa-1-600x929.jpg 600w, https:\/\/elmetropolitano.com.gt\/es\/wp-content\/uploads\/2023\/12\/GCcWxJfXcAAvIKa-1.jpg 827w\" sizes=\"auto, (max-width: 662px) 100vw, 662px\" \/><\/figure>\n\n\n\n<figure class=\"wp-block-image size-large\"><img loading=\"lazy\" decoding=\"async\" width=\"822\" height=\"1024\" data-id=\"76255\" src=\"https:\/\/elmetropolitano.com.gt\/es\/wp-content\/uploads\/2023\/12\/GCcWxJfXIAA4IWj-822x1024.jpg\" alt=\"\" class=\"wp-image-76255\" srcset=\"https:\/\/elmetropolitano.com.gt\/es\/wp-content\/uploads\/2023\/12\/GCcWxJfXIAA4IWj-822x1024.jpg 822w, https:\/\/elmetropolitano.com.gt\/es\/wp-content\/uploads\/2023\/12\/GCcWxJfXIAA4IWj-241x300.jpg 241w, https:\/\/elmetropolitano.com.gt\/es\/wp-content\/uploads\/2023\/12\/GCcWxJfXIAA4IWj-768x956.jpg 768w, https:\/\/elmetropolitano.com.gt\/es\/wp-content\/uploads\/2023\/12\/GCcWxJfXIAA4IWj-600x747.jpg 600w, https:\/\/elmetropolitano.com.gt\/es\/wp-content\/uploads\/2023\/12\/GCcWxJfXIAA4IWj.jpg 1028w\" sizes=\"auto, (max-width: 822px) 100vw, 822px\" \/><\/figure>\n\n\n\n<figure class=\"wp-block-image size-large\"><img loading=\"lazy\" decoding=\"async\" width=\"572\" height=\"1024\" data-id=\"76257\" src=\"https:\/\/elmetropolitano.com.gt\/es\/wp-content\/uploads\/2023\/12\/GCcWxJLXQAAh7F7-572x1024.jpg\" alt=\"\" class=\"wp-image-76257\" srcset=\"https:\/\/elmetropolitano.com.gt\/es\/wp-content\/uploads\/2023\/12\/GCcWxJLXQAAh7F7-572x1024.jpg 572w, https:\/\/elmetropolitano.com.gt\/es\/wp-content\/uploads\/2023\/12\/GCcWxJLXQAAh7F7-168x300.jpg 168w, https:\/\/elmetropolitano.com.gt\/es\/wp-content\/uploads\/2023\/12\/GCcWxJLXQAAh7F7-600x1074.jpg 600w, https:\/\/elmetropolitano.com.gt\/es\/wp-content\/uploads\/2023\/12\/GCcWxJLXQAAh7F7.jpg 637w\" sizes=\"auto, (max-width: 572px) 100vw, 572px\" \/><\/figure>\n<\/figure>\n","protected":false},"excerpt":{"rendered":"<p>Seguridad, protecci\u00f3n y veh\u00edculos para sus ministros y secretarios, entre otros funcionarios, fue el acuerdo publicado hoy por el presidente Alejandro Giammattei, antes de dejar el cargo el 14 de enero del pr\u00f3ximo a\u00f1o, seg\u00fan fue publicado en el Diario Oficial. Seg\u00fan la publicaci\u00f3n, el acuerdo tendr\u00e1 una duraci\u00f3n de 5 a\u00f1os y ser\u00e1 ejecutado <a class=\"read-more\" href=\"https:\/\/elmetropolitano.com.gt\/es\/giammattei-deja-bien-protegidos-a-sus-ministros-por-5-anos-antes-de-dejar-el-cargo\/\">Leer m\u00e1s<\/a><\/p>\n","protected":false},"author":1,"featured_media":76254,"comment_status":"open","ping_status":"closed","sticky":false,"template":"","format":"standard","meta":{"footnotes":""},"categories":[2],"tags":[12],"class_list":["post-76253","post","type-post","status-publish","format-standard","has-post-thumbnail","hentry","category-nacionales","tag-nacionales"],"_links":{"self":[{"href":"https:\/\/elmetropolitano.com.gt\/es\/wp-json\/wp\/v2\/posts\/76253","targetHints":{"allow":["GET"]}}],"collection":[{"href":"https:\/\/elmetropolitano.com.gt\/es\/wp-json\/wp\/v2\/posts"}],"about":[{"href":"https:\/\/elmetropolitano.com.gt\/es\/wp-json\/wp\/v2\/types\/post"}],"author":[{"embeddable":true,"href":"https:\/\/elmetropolitano.com.gt\/es\/wp-json\/wp\/v2\/users\/1"}],"replies":[{"embeddable":true,"href":"https:\/\/elmetropolitano.com.gt\/es\/wp-json\/wp\/v2\/comments?post=76253"}],"version-history":[{"count":1,"href":"https:\/\/elmetropolitano.com.gt\/es\/wp-json\/wp\/v2\/posts\/76253\/revisions"}],"predecessor-version":[{"id":76258,"href":"https:\/\/elmetropolitano.com.gt\/es\/wp-json\/wp\/v2\/posts\/76253\/revisions\/76258"}],"wp:featuredmedia":[{"embeddable":true,"href":"https:\/\/elmetropolitano.com.gt\/es\/wp-json\/wp\/v2\/media\/76254"}],"wp:attachment":[{"href":"https:\/\/elmetropolitano.com.gt\/es\/wp-json\/wp\/v2\/media?parent=76253"}],"wp:term":[{"taxonomy":"category","embeddable":true,"href":"https:\/\/elmetropolitano.com.gt\/es\/wp-json\/wp\/v2\/categories?post=76253"},{"taxonomy":"post_tag","embeddable":true,"href":"https:\/\/elmetropolitano.com.gt\/es\/wp-json\/wp\/v2\/tags?post=76253"}],"curies":[{"name":"wp","href":"https:\/\/api.w.org\/{rel}","templated":true}]}}