{"id":76307,"date":"2024-01-02T10:58:40","date_gmt":"2024-01-02T16:58:40","guid":{"rendered":"https:\/\/elmetropolitano.com.gt\/es\/?p=76307"},"modified":"2024-01-02T10:58:43","modified_gmt":"2024-01-02T16:58:43","slug":"evacuan-avion-en-llamas-con-casi-400-personas-en-japon-tras-una-colision-con-avion-militar","status":"publish","type":"post","link":"https:\/\/elmetropolitano.com.gt\/es\/evacuan-avion-en-llamas-con-casi-400-personas-en-japon-tras-una-colision-con-avion-militar\/","title":{"rendered":"Evac\u00faan avi\u00f3n en llamas con casi 400 personas en Jap\u00f3n tras una colisi\u00f3n con avi\u00f3n militar"},"content":{"rendered":"\n<p>Los 379 pasajeros y tripulantes del avi\u00f3n de la compa\u00f1\u00eda japonesa Japan Airlines (JAL) que se incendi\u00f3 este martes en la pista del Aeropuerto de Haneda, en Tokio, fueron evacuados, seg\u00fan mostraron im\u00e1genes de una c\u00e1mara fija de la cadena japonesa NHK.<\/p>\n\n\n\n<p>Los medios japoneses informaron de una posible colisi\u00f3n con otra aeronave del servicio mar\u00edtimo de rescate, en la que finalmente se <a><\/a>confirmaron cinco fallecidos.<\/p><div class=\"elmet-contenido\" id=\"elmet-2289205051\"><div class=\"elmet-adlabel\">Anuncios<\/div><div style=\"margin-top: 20px;margin-right: 20px;margin-bottom: 20px;margin-left: 20px;\" id=\"elmet-1138504061\"><a href=\"https:\/\/www.facebook.com\/arrincuanantigua\/\" aria-label=\"cintillo-arrin-cual\"><img loading=\"lazy\" decoding=\"async\" src=\"https:\/\/elmetropolitano.com.gt\/es\/wp-content\/uploads\/2021\/11\/cintillo-arrin-cual-1.jpg\" alt=\"\"  srcset=\"https:\/\/elmetropolitano.com.gt\/es\/wp-content\/uploads\/2021\/11\/cintillo-arrin-cual-1.jpg 750w, https:\/\/elmetropolitano.com.gt\/es\/wp-content\/uploads\/2021\/11\/cintillo-arrin-cual-1-300x36.jpg 300w, https:\/\/elmetropolitano.com.gt\/es\/wp-content\/uploads\/2021\/11\/cintillo-arrin-cual-1-600x72.jpg 600w\" sizes=\"(max-width: 750px) 100vw, 750px\" width=\"750\" height=\"90\"   \/><\/a><\/div><\/div>\n\n\n\n<p>El avi\u00f3n, el vuelo n\u00famero 516, proced\u00eda del aeropuerto New Chitose en Hokkaido (al norte de Jap\u00f3n) y hab\u00eda aterrizado unos minutos antes de la colisi\u00f3n pasadas las seis de la tarde (hora local), seg\u00fan detall\u00f3 NHK. Aunque se desconoce el motivo del incendio, el avi\u00f3n habr\u00eda comenzado a arder tras una colisi\u00f3n con otra aeronave de la Guardia Costera japonesa, seg\u00fan los primeros informes sobre el terreno, donde varios camiones de bomberos se encuentran tratando de apagar el fuego.<\/p>\n\n\n\n<p>El total de las personas que se encontraban en el avi\u00f3n, 367 pasajeros y 12 miembros de la tripulaci\u00f3n, lograron ser evacuados de la nave, un Airbus A350, mientras que del avi\u00f3n de la Guardia Costera, que tiene su base en Haneda, una persona logr\u00f3 escapar y se desconoc\u00eda la situaci\u00f3n de sus otros cinco tripulantes, hasta que el Ministerio de Transportes confirm\u00f3 su muerte.<\/p>\n\n\n\n<p>Texto DW<\/p>\n\n\n\n<p>www.metroredes.com  www.elescuintleco.com <\/p>\n","protected":false},"excerpt":{"rendered":"<p>Los 379 pasajeros y tripulantes del avi\u00f3n de la compa\u00f1\u00eda japonesa Japan Airlines (JAL) que se incendi\u00f3 este martes en la pista del Aeropuerto de Haneda, en Tokio, fueron evacuados, seg\u00fan mostraron im\u00e1genes de una c\u00e1mara fija de la cadena japonesa NHK. Los medios japoneses informaron de una posible colisi\u00f3n con otra aeronave del servicio <a class=\"read-more\" href=\"https:\/\/elmetropolitano.com.gt\/es\/evacuan-avion-en-llamas-con-casi-400-personas-en-japon-tras-una-colision-con-avion-militar\/\">Leer m\u00e1s<\/a><\/p>\n","protected":false},"author":1,"featured_media":76308,"comment_status":"open","ping_status":"closed","sticky":false,"template":"","format":"standard","meta":{"footnotes":""},"categories":[14],"tags":[15],"class_list":["post-76307","post","type-post","status-publish","format-standard","has-post-thumbnail","hentry","category-internacionales","tag-internacionales"],"_links":{"self":[{"href":"https:\/\/elmetropolitano.com.gt\/es\/wp-json\/wp\/v2\/posts\/76307","targetHints":{"allow":["GET"]}}],"collection":[{"href":"https:\/\/elmetropolitano.com.gt\/es\/wp-json\/wp\/v2\/posts"}],"about":[{"href":"https:\/\/elmetropolitano.com.gt\/es\/wp-json\/wp\/v2\/types\/post"}],"author":[{"embeddable":true,"href":"https:\/\/elmetropolitano.com.gt\/es\/wp-json\/wp\/v2\/users\/1"}],"replies":[{"embeddable":true,"href":"https:\/\/elmetropolitano.com.gt\/es\/wp-json\/wp\/v2\/comments?post=76307"}],"version-history":[{"count":1,"href":"https:\/\/elmetropolitano.com.gt\/es\/wp-json\/wp\/v2\/posts\/76307\/revisions"}],"predecessor-version":[{"id":76309,"href":"https:\/\/elmetropolitano.com.gt\/es\/wp-json\/wp\/v2\/posts\/76307\/revisions\/76309"}],"wp:featuredmedia":[{"embeddable":true,"href":"https:\/\/elmetropolitano.com.gt\/es\/wp-json\/wp\/v2\/media\/76308"}],"wp:attachment":[{"href":"https:\/\/elmetropolitano.com.gt\/es\/wp-json\/wp\/v2\/media?parent=76307"}],"wp:term":[{"taxonomy":"category","embeddable":true,"href":"https:\/\/elmetropolitano.com.gt\/es\/wp-json\/wp\/v2\/categories?post=76307"},{"taxonomy":"post_tag","embeddable":true,"href":"https:\/\/elmetropolitano.com.gt\/es\/wp-json\/wp\/v2\/tags?post=76307"}],"curies":[{"name":"wp","href":"https:\/\/api.w.org\/{rel}","templated":true}]}}