{"id":76372,"date":"2024-01-05T09:48:45","date_gmt":"2024-01-05T15:48:45","guid":{"rendered":"https:\/\/elmetropolitano.com.gt\/es\/?p=76372"},"modified":"2024-01-05T09:48:47","modified_gmt":"2024-01-05T15:48:47","slug":"convocatoria-de-guatemala-para-enfrentar-a-islandia","status":"publish","type":"post","link":"https:\/\/elmetropolitano.com.gt\/es\/convocatoria-de-guatemala-para-enfrentar-a-islandia\/","title":{"rendered":"Convocatoria de Guatemala para enfrentar a Islandia"},"content":{"rendered":"\n<p>Mediante las redes sociales de la Federaci\u00f3n Nacional de Futbol de Guatemala (FedeFut) se comparti\u00f3 la lista de jugadores convocados para el encuentro amistoso entre Guatemala e Islandia, el pr\u00f3ximo 14 de enero.<\/p>\n\n\n\n<p>Al <a><\/a>no ser fecha FIFA, el t\u00e9cnico Luis Fernando Tena opt\u00f3 por una convocatoria a base de jugadores de la Liga Nacional, contando \u00fanicamente con un legionario que ser\u00e1 Nicholas Hagen, nuevo guardameta del Columbus Crew.<\/p><div class=\"elmet-contenido\" id=\"elmet-430746434\"><div class=\"elmet-adlabel\">Anuncios<\/div><div style=\"margin-top: 20px;margin-right: 20px;margin-bottom: 20px;margin-left: 20px;\" id=\"elmet-1152947513\"><a href=\"https:\/\/www.facebook.com\/arrincuanantigua\/\" aria-label=\"cintillo-arrin-cual\"><img loading=\"lazy\" decoding=\"async\" src=\"https:\/\/elmetropolitano.com.gt\/es\/wp-content\/uploads\/2021\/11\/cintillo-arrin-cual-1.jpg\" alt=\"\"  srcset=\"https:\/\/elmetropolitano.com.gt\/es\/wp-content\/uploads\/2021\/11\/cintillo-arrin-cual-1.jpg 750w, https:\/\/elmetropolitano.com.gt\/es\/wp-content\/uploads\/2021\/11\/cintillo-arrin-cual-1-300x36.jpg 300w, https:\/\/elmetropolitano.com.gt\/es\/wp-content\/uploads\/2021\/11\/cintillo-arrin-cual-1-600x72.jpg 600w\" sizes=\"(max-width: 750px) 100vw, 750px\" width=\"750\" height=\"90\"   \/><\/a><\/div><\/div>\n\n\n\n<p>Convocatoria<\/p>\n\n\n\n<p>La lista con la cual Guatemala enfrentar\u00e1 a su similar de Islandia, est\u00e1 integrada por 22 jugadores. Durante este amistoso, la azul y blanco tendr\u00e1 como base a Municipal y al campe\u00f3n Comunicaciones, ya que los escarlatas aportar\u00e1n a 8 jugadores, y los cremas, a 6.<\/p>\n\n\n\n<p>Cristian Jim\u00e9nez \u2013 CSD Municipal<\/p>\n\n\n\n<p>\u00d3scar Santis \u2013 Antigua GFC<\/p>\n\n\n\n<p>\u00d3scar Castellanos \u2013 Antigua GFC<\/p>\n\n\n\n<p>Alejandro Galindo \u2013 CSD Municipal<\/p>\n\n\n\n<p>Jonathan Franco \u2013 CSD Municipal<\/p>\n\n\n\n<p>Jos\u00e9 Morales \u2013 CSD Municipal<\/p>\n\n\n\n<p>Jos\u00e9 Mart\u00ednez \u2013 CSD Municipal<\/p>\n\n\n\n<p>Marco Dom\u00ednguez \u2013 CSD Municipal<\/p>\n\n\n\n<p>Marlon Renato Sequ\u00e9n \u2013 CSD Municipal<\/p>\n\n\n\n<p>Pedro Alt\u00e1n \u2013 CSD Municipal<\/p>\n\n\n\n<p>Nicholas Hagen \u2013 Columbus Crew<\/p>\n\n\n\n<p>Antonio L\u00f3pez \u2013 Comunicaciones<\/p>\n\n\n\n<p>Diego Santis \u2013 Comunicaciones<\/p>\n\n\n\n<p>Jos\u00e9 Carlos Pinto \u2013 Comunicaciones<\/p>\n\n\n\n<p>Erick Gonz\u00e1lez \u2013 Comunicaciones<\/p>\n\n\n\n<p>Fredy P\u00e9rez \u2013 Comunicaciones<\/p>\n\n\n\n<p>Gerardo Gordillo \u2013 Comunicaciones<\/p>\n\n\n\n<p>Jos\u00e9 Espinoza \u2013 Deportivo Zacapa<\/p>\n\n\n\n<p>Darwin Lom \u2013 Deportivo Mixco<\/p>\n\n\n\n<p>Kevin Ruiz \u2013 Xelaj\u00fa MC<\/p>\n\n\n\n<p>Carlos Estrada \u2013 Deportivo Malacateco<\/p>\n\n\n\n<p>Esteban Garc\u00eda \u2013 Deportivo Mixco<\/p>\n\n\n\n<p>D\u00eda del partido<\/p>\n\n\n\n<p>Asimismo, Guatemala e Islandia medir\u00e1n fuerza por primera vez en la historia el pr\u00f3ximo s\u00e1bado 13 de enero en el estadio DRV PNK, en Florida, Estados Unidos. Finalmente, el bal\u00f3n rodar\u00e1 en punto de las 17:00 horas de Guatemala (18:30 ET) en el que ser\u00e1 el noveno partido de la Bicolor ante selecciones europeas.<\/p>\n\n\n\n<p>Texto: Josu\u00e9 David Acevedo Rivas<\/p>\n\n\n\n<p>#metroredes  www.metroredes.com  www.elescuintleco.com <\/p>\n\n\n\n<figure class=\"wp-block-gallery has-nested-images columns-default is-cropped wp-block-gallery-1 is-layout-flex wp-block-gallery-is-layout-flex\">\n<figure class=\"wp-block-image size-large\"><img loading=\"lazy\" decoding=\"async\" width=\"680\" height=\"680\" data-id=\"76374\" src=\"https:\/\/elmetropolitano.com.gt\/es\/wp-content\/uploads\/2024\/01\/415059603_853757320083686_7272729313564151483_n.jpg\" alt=\"\" class=\"wp-image-76374\" srcset=\"https:\/\/elmetropolitano.com.gt\/es\/wp-content\/uploads\/2024\/01\/415059603_853757320083686_7272729313564151483_n.jpg 680w, https:\/\/elmetropolitano.com.gt\/es\/wp-content\/uploads\/2024\/01\/415059603_853757320083686_7272729313564151483_n-300x300.jpg 300w, https:\/\/elmetropolitano.com.gt\/es\/wp-content\/uploads\/2024\/01\/415059603_853757320083686_7272729313564151483_n-150x150.jpg 150w, https:\/\/elmetropolitano.com.gt\/es\/wp-content\/uploads\/2024\/01\/415059603_853757320083686_7272729313564151483_n-600x600.jpg 600w, https:\/\/elmetropolitano.com.gt\/es\/wp-content\/uploads\/2024\/01\/415059603_853757320083686_7272729313564151483_n-100x100.jpg 100w\" sizes=\"auto, (max-width: 680px) 100vw, 680px\" \/><\/figure>\n\n\n\n<figure class=\"wp-block-image size-large\"><img loading=\"lazy\" decoding=\"async\" width=\"680\" height=\"542\" data-id=\"76375\" src=\"https:\/\/elmetropolitano.com.gt\/es\/wp-content\/uploads\/2024\/01\/415435988_853757360083682_4525191769471098089_n.jpg\" alt=\"\" class=\"wp-image-76375\" srcset=\"https:\/\/elmetropolitano.com.gt\/es\/wp-content\/uploads\/2024\/01\/415435988_853757360083682_4525191769471098089_n.jpg 680w, https:\/\/elmetropolitano.com.gt\/es\/wp-content\/uploads\/2024\/01\/415435988_853757360083682_4525191769471098089_n-300x239.jpg 300w, https:\/\/elmetropolitano.com.gt\/es\/wp-content\/uploads\/2024\/01\/415435988_853757360083682_4525191769471098089_n-600x478.jpg 600w\" sizes=\"auto, (max-width: 680px) 100vw, 680px\" \/><\/figure>\n<\/figure>\n","protected":false},"excerpt":{"rendered":"<p>Mediante las redes sociales de la Federaci\u00f3n Nacional de Futbol de Guatemala (FedeFut) se comparti\u00f3 la lista de jugadores convocados para el encuentro amistoso entre Guatemala e Islandia, el pr\u00f3ximo 14 de enero. Al no ser fecha FIFA, el t\u00e9cnico Luis Fernando Tena opt\u00f3 por una convocatoria a base de jugadores de la Liga Nacional, <a class=\"read-more\" href=\"https:\/\/elmetropolitano.com.gt\/es\/convocatoria-de-guatemala-para-enfrentar-a-islandia\/\">Leer m\u00e1s<\/a><\/p>\n","protected":false},"author":1,"featured_media":76373,"comment_status":"open","ping_status":"closed","sticky":false,"template":"","format":"standard","meta":{"footnotes":""},"categories":[43],"tags":[44],"class_list":["post-76372","post","type-post","status-publish","format-standard","has-post-thumbnail","hentry","category-deportes","tag-deportes"],"_links":{"self":[{"href":"https:\/\/elmetropolitano.com.gt\/es\/wp-json\/wp\/v2\/posts\/76372","targetHints":{"allow":["GET"]}}],"collection":[{"href":"https:\/\/elmetropolitano.com.gt\/es\/wp-json\/wp\/v2\/posts"}],"about":[{"href":"https:\/\/elmetropolitano.com.gt\/es\/wp-json\/wp\/v2\/types\/post"}],"author":[{"embeddable":true,"href":"https:\/\/elmetropolitano.com.gt\/es\/wp-json\/wp\/v2\/users\/1"}],"replies":[{"embeddable":true,"href":"https:\/\/elmetropolitano.com.gt\/es\/wp-json\/wp\/v2\/comments?post=76372"}],"version-history":[{"count":1,"href":"https:\/\/elmetropolitano.com.gt\/es\/wp-json\/wp\/v2\/posts\/76372\/revisions"}],"predecessor-version":[{"id":76376,"href":"https:\/\/elmetropolitano.com.gt\/es\/wp-json\/wp\/v2\/posts\/76372\/revisions\/76376"}],"wp:featuredmedia":[{"embeddable":true,"href":"https:\/\/elmetropolitano.com.gt\/es\/wp-json\/wp\/v2\/media\/76373"}],"wp:attachment":[{"href":"https:\/\/elmetropolitano.com.gt\/es\/wp-json\/wp\/v2\/media?parent=76372"}],"wp:term":[{"taxonomy":"category","embeddable":true,"href":"https:\/\/elmetropolitano.com.gt\/es\/wp-json\/wp\/v2\/categories?post=76372"},{"taxonomy":"post_tag","embeddable":true,"href":"https:\/\/elmetropolitano.com.gt\/es\/wp-json\/wp\/v2\/tags?post=76372"}],"curies":[{"name":"wp","href":"https:\/\/api.w.org\/{rel}","templated":true}]}}