{"id":76421,"date":"2024-01-07T09:43:35","date_gmt":"2024-01-07T15:43:35","guid":{"rendered":"https:\/\/elmetropolitano.com.gt\/es\/?p=76421"},"modified":"2024-01-07T09:43:36","modified_gmt":"2024-01-07T15:43:36","slug":"la-carrera-de-los-barrios-se-realizara-el-domingo-28-en-la-ciudad-capital","status":"publish","type":"post","link":"https:\/\/elmetropolitano.com.gt\/es\/la-carrera-de-los-barrios-se-realizara-el-domingo-28-en-la-ciudad-capital\/","title":{"rendered":"La \u201cCarrera de los Barrios\u201d, se realizar\u00e1 el domingo 28 en la ciudad capital"},"content":{"rendered":"\n<p>Desde hace 86 a\u00f1os, la Media Marat\u00f3n Max Tott o Carrera de los Barrios ha impactado a los guatemaltecos, dando la oportunidad a los atletas de \u00e9lite de foguearse con exponentes de alto nivel. Esta carrera permite prepararse para competiciones internacionales como las Olimpiadas.<\/p>\n\n\n\n<p>Como tradici\u00f3n, esta se lleva a cabo el \u00faltimo domingo del primer mes del a\u00f1o, el cual ser\u00e1 el 28 de enero de 2024. Los <a><\/a>atletas comenzar\u00e1n a las 6:30am de la Calle Juan Chap\u00edn, en el Cerro del Carmen. Se conducir\u00e1 por el Boulevard Jardines de la Asunci\u00f3n, zona 5 y luego a Cayal\u00e1. Los corredores seguir\u00e1n hasta Vista Hermosa para terminar en el interior del Estadio Doroteo Guamuch Flores.<\/p><div class=\"elmet-contenido\" id=\"elmet-279776682\"><div class=\"elmet-adlabel\">Anuncios<\/div><div style=\"margin-top: 20px;margin-right: 20px;margin-bottom: 20px;margin-left: 20px;\" id=\"elmet-3711493190\"><a href=\"https:\/\/www.facebook.com\/arrincuanantigua\/\" aria-label=\"cintillo-arrin-cual\"><img loading=\"lazy\" decoding=\"async\" src=\"https:\/\/elmetropolitano.com.gt\/es\/wp-content\/uploads\/2021\/11\/cintillo-arrin-cual-1.jpg\" alt=\"\"  srcset=\"https:\/\/elmetropolitano.com.gt\/es\/wp-content\/uploads\/2021\/11\/cintillo-arrin-cual-1.jpg 750w, https:\/\/elmetropolitano.com.gt\/es\/wp-content\/uploads\/2021\/11\/cintillo-arrin-cual-1-300x36.jpg 300w, https:\/\/elmetropolitano.com.gt\/es\/wp-content\/uploads\/2021\/11\/cintillo-arrin-cual-1-600x72.jpg 600w\" sizes=\"(max-width: 750px) 100vw, 750px\" width=\"750\" height=\"90\"   \/><\/a><\/div><\/div>\n\n\n\n<p>El costo de la carrera ser\u00e1 de Q220 por persona. El pago se debe realizar en cualquier Agencia Bi con el convenio 241 a nombre de Max Tott. En ese momento, tambi\u00e9n es necesario brindar el n\u00famero de IPU el cual puede obtenerse en <a href=\"https:\/\/l.facebook.com\/l.php?u=http%3A%2F%2Fipuclub.com%2F%3Ffbclid%3DIwAR167W8aOTPwK0rxnK81iiOB6zH9mLJ2GuxAqlp2zEB_4TONp5Ece62OXfw&amp;h=AT1hKSWxM-WxhN-D9omvyqnDRAjdiIjl0s7efiB0Pkej7Q5Iiqu-K0npV3gfbE9kfMfvKlkJNXTGtsxXTL9fk_ezHf9MLzrMAEOUbykfxAfethXKx5jue5LJHXqQuw58ZnzT&amp;__tn__=-UK-R&amp;c[0]=AT0I5wv6n4bERbu4ygM2A3oybpXd4FUxcRfrpBv8CM6J4RBB6cGfNABK8GKjZHh5dpY3M0Ks2FWVLzgQwVCV8Kq0PO402QpIuuJddoSe7zS6eD1YcEhkZJIw1wDF7AmB7f9eZ2ZYDZOYKUtrfkQbqOwtv6kQh2ZYub4T2ghBWTlWnf85XW4ptwDRQbwWSYTVK_y3PJpP5o8E\" rel=\"noreferrer noopener\" target=\"_blank\">ipuclub.com.<\/a> Otro medio de pago es a trav\u00e9s de Bi en L\u00ednea donde el mismo convenio dar\u00e1 acceso a los atletas a la ventana de pago y tambi\u00e9n deber\u00e1n indicar su IPU. De igual manera, el pago se podr\u00e1 realizar en <a href=\"https:\/\/l.facebook.com\/l.php?u=http%3A%2F%2Fipuclub.com%2F%3Ffbclid%3DIwAR0hL04sntg-MTsl__cB5rcUYsIJV-ySDMT0JgVOaUjCYtClkwLv4jH6RZ4&amp;h=AT1hKSWxM-WxhN-D9omvyqnDRAjdiIjl0s7efiB0Pkej7Q5Iiqu-K0npV3gfbE9kfMfvKlkJNXTGtsxXTL9fk_ezHf9MLzrMAEOUbykfxAfethXKx5jue5LJHXqQuw58ZnzT&amp;__tn__=-UK-R&amp;c[0]=AT0I5wv6n4bERbu4ygM2A3oybpXd4FUxcRfrpBv8CM6J4RBB6cGfNABK8GKjZHh5dpY3M0Ks2FWVLzgQwVCV8Kq0PO402QpIuuJddoSe7zS6eD1YcEhkZJIw1wDF7AmB7f9eZ2ZYDZOYKUtrfkQbqOwtv6kQh2ZYub4T2ghBWTlWnf85XW4ptwDRQbwWSYTVK_y3PJpP5o8E\" rel=\"noreferrer noopener\" target=\"_blank\">ipuclub.com<\/a>, o bien, en la tienda de Max Tott ubicada en el Centro Comercial zona 4, local 146.<\/p>\n\n\n\n<p>Este precio incluir\u00e1 acceso a la carrera y a la Expo, donde los corredores podr\u00e1n recoger su kit y participar en una feria comercial. Este evento de preparaci\u00f3n se efectur\u00e1 el viernes 26 y s\u00e1bado 27 de enero en el sal\u00f3n 5 del Parque de la Industria de 9:00am a 6:00pm. Es importante que los participantes lleven la boleta del dep\u00f3sito para recoger el kit.<\/p>\n\n\n\n<p>\u201cBanco Industrial se enorgullece de ser parte de una carrera con tan larga tradici\u00f3n en Guatemala. Motivamos a todos los atletas a empezar la carrera con un paso firme siempre hacia adelante y terminarla con la satisfacci\u00f3n de saber que han iniciado un futuro lleno de infinitas oportunidades.<\/p>\n\n\n\n<p>\u201cEn Bi, apoyamos estas iniciativas porque sabemos que el bienestar integral de las comunidades donde operamos se fomenta a trav\u00e9s de actividades culturales y deportivas de sana recreaci\u00f3n, en las que podemos apoyarnos con optimismo y entrega,\u201d coment\u00f3 Jos\u00e9 Miguel Coronado, Mercadeo Banco Industrial.<\/p>\n\n\n\n<p>\u201cQue la 86\u00aa MEDIA MARATON MAX TOTT sea un d\u00eda lleno de emoci\u00f3n, logros personales y uni\u00f3n entre todos nosotros. Gracias por ser parte de esta magn\u00edfica tradici\u00f3n.\u201d, coment\u00f3 Carlos Tott Rom\u00e1n, organizador de la Media Marat\u00f3n Max Tott.<\/p>\n\n\n\n<p>La carrera se ha hecho posible gracias al apoyo de patrocinadores: Banco Industrial, CBC, Gatorade, Munditrofeos, Alerta M\u00e9dica, Seguros El Roble, GNC y Salvavidas.<\/p>\n\n\n\n<p>La Media Marat\u00f3n Max Tott ser\u00e1 una oportunidad para que los atletas guatemaltecos y extranjeros puedan demostrar sus habilidades. Iniciando el a\u00f1o con fuertes ambiciones y un logro grande, servir\u00e1 de motivaci\u00f3n para alcanzar todos los sue\u00f1os del nuevo a\u00f1o.<\/p>\n\n\n\n<p><a href=\"https:\/\/www.facebook.com\/hashtag\/metroredes?__eep__=6&amp;__cft__[0]=AZVPLiTN3YY9vchXLmeK6LUSTa3eemcBIQ0V-1wxA_Q7IFAW0ut7GCO5fvZa---z_J0ssYIn57GhxAwFnLtvGz7_XMAxWUtCRgsA0jdLumWaH0JpDhzm3EpmrYsluI7cObNRu3L5HLgbyJcHp4X--zmXg0w1rbsTfEgBBRtvUGjNKDlV5q1BtvrpAZtKF7rMDPo&amp;__tn__=*NK-R\">#metroredes<\/a><a href=\"https:\/\/www.facebook.com\/hashtag\/maxtott?__eep__=6&amp;__cft__[0]=AZVPLiTN3YY9vchXLmeK6LUSTa3eemcBIQ0V-1wxA_Q7IFAW0ut7GCO5fvZa---z_J0ssYIn57GhxAwFnLtvGz7_XMAxWUtCRgsA0jdLumWaH0JpDhzm3EpmrYsluI7cObNRu3L5HLgbyJcHp4X--zmXg0w1rbsTfEgBBRtvUGjNKDlV5q1BtvrpAZtKF7rMDPo&amp;__tn__=*NK-R\">#MaxTott<\/a><a href=\"https:\/\/www.facebook.com\/hashtag\/bancoindustrial?__eep__=6&amp;__cft__[0]=AZVPLiTN3YY9vchXLmeK6LUSTa3eemcBIQ0V-1wxA_Q7IFAW0ut7GCO5fvZa---z_J0ssYIn57GhxAwFnLtvGz7_XMAxWUtCRgsA0jdLumWaH0JpDhzm3EpmrYsluI7cObNRu3L5HLgbyJcHp4X--zmXg0w1rbsTfEgBBRtvUGjNKDlV5q1BtvrpAZtKF7rMDPo&amp;__tn__=*NK-R\">#bancoindustrial<\/a><a href=\"https:\/\/www.facebook.com\/hashtag\/carreradelosbarrios?__eep__=6&amp;__cft__[0]=AZVPLiTN3YY9vchXLmeK6LUSTa3eemcBIQ0V-1wxA_Q7IFAW0ut7GCO5fvZa---z_J0ssYIn57GhxAwFnLtvGz7_XMAxWUtCRgsA0jdLumWaH0JpDhzm3EpmrYsluI7cObNRu3L5HLgbyJcHp4X--zmXg0w1rbsTfEgBBRtvUGjNKDlV5q1BtvrpAZtKF7rMDPo&amp;__tn__=*NK-R\">#CarreradelosBarrios<\/a><a href=\"https:\/\/www.facebook.com\/hashtag\/seguroselroble?__eep__=6&amp;__cft__[0]=AZVPLiTN3YY9vchXLmeK6LUSTa3eemcBIQ0V-1wxA_Q7IFAW0ut7GCO5fvZa---z_J0ssYIn57GhxAwFnLtvGz7_XMAxWUtCRgsA0jdLumWaH0JpDhzm3EpmrYsluI7cObNRu3L5HLgbyJcHp4X--zmXg0w1rbsTfEgBBRtvUGjNKDlV5q1BtvrpAZtKF7rMDPo&amp;__tn__=*NK-R\">#SegurosElRoble<\/a><\/p>\n\n\n\n<p>www.metroredes.com  www.elescuintleco.com <\/p>\n\n\n\n<p><\/p>\n\n\n\n<figure class=\"wp-block-gallery has-nested-images columns-default is-cropped wp-block-gallery-1 is-layout-flex wp-block-gallery-is-layout-flex\">\n<figure class=\"wp-block-image size-large\"><img loading=\"lazy\" decoding=\"async\" width=\"683\" height=\"1024\" data-id=\"76423\" src=\"https:\/\/elmetropolitano.com.gt\/es\/wp-content\/uploads\/2024\/01\/415500699_855490319910386_8460657157218493758_n-683x1024.jpg\" alt=\"\" class=\"wp-image-76423\" srcset=\"https:\/\/elmetropolitano.com.gt\/es\/wp-content\/uploads\/2024\/01\/415500699_855490319910386_8460657157218493758_n-683x1024.jpg 683w, https:\/\/elmetropolitano.com.gt\/es\/wp-content\/uploads\/2024\/01\/415500699_855490319910386_8460657157218493758_n-200x300.jpg 200w, https:\/\/elmetropolitano.com.gt\/es\/wp-content\/uploads\/2024\/01\/415500699_855490319910386_8460657157218493758_n-768x1151.jpg 768w, https:\/\/elmetropolitano.com.gt\/es\/wp-content\/uploads\/2024\/01\/415500699_855490319910386_8460657157218493758_n-1025x1536.jpg 1025w, https:\/\/elmetropolitano.com.gt\/es\/wp-content\/uploads\/2024\/01\/415500699_855490319910386_8460657157218493758_n-600x900.jpg 600w, https:\/\/elmetropolitano.com.gt\/es\/wp-content\/uploads\/2024\/01\/415500699_855490319910386_8460657157218493758_n.jpg 1366w\" sizes=\"auto, (max-width: 683px) 100vw, 683px\" \/><\/figure>\n\n\n\n<figure class=\"wp-block-image size-large\"><img loading=\"lazy\" decoding=\"async\" width=\"1024\" height=\"683\" data-id=\"76425\" src=\"https:\/\/elmetropolitano.com.gt\/es\/wp-content\/uploads\/2024\/01\/418298910_855490336577051_2518697652437543750_n-1024x683.jpg\" alt=\"\" class=\"wp-image-76425\" srcset=\"https:\/\/elmetropolitano.com.gt\/es\/wp-content\/uploads\/2024\/01\/418298910_855490336577051_2518697652437543750_n-1024x683.jpg 1024w, https:\/\/elmetropolitano.com.gt\/es\/wp-content\/uploads\/2024\/01\/418298910_855490336577051_2518697652437543750_n-300x200.jpg 300w, https:\/\/elmetropolitano.com.gt\/es\/wp-content\/uploads\/2024\/01\/418298910_855490336577051_2518697652437543750_n-768x512.jpg 768w, https:\/\/elmetropolitano.com.gt\/es\/wp-content\/uploads\/2024\/01\/418298910_855490336577051_2518697652437543750_n-1536x1025.jpg 1536w, https:\/\/elmetropolitano.com.gt\/es\/wp-content\/uploads\/2024\/01\/418298910_855490336577051_2518697652437543750_n-600x400.jpg 600w, https:\/\/elmetropolitano.com.gt\/es\/wp-content\/uploads\/2024\/01\/418298910_855490336577051_2518697652437543750_n.jpg 2048w\" sizes=\"auto, (max-width: 1024px) 100vw, 1024px\" \/><\/figure>\n\n\n\n<figure class=\"wp-block-image size-large\"><img loading=\"lazy\" decoding=\"async\" width=\"1024\" height=\"683\" data-id=\"76424\" src=\"https:\/\/elmetropolitano.com.gt\/es\/wp-content\/uploads\/2024\/01\/418462559_855490303243721_8473659029800086784_n-1024x683.jpg\" alt=\"\" class=\"wp-image-76424\" srcset=\"https:\/\/elmetropolitano.com.gt\/es\/wp-content\/uploads\/2024\/01\/418462559_855490303243721_8473659029800086784_n-1024x683.jpg 1024w, https:\/\/elmetropolitano.com.gt\/es\/wp-content\/uploads\/2024\/01\/418462559_855490303243721_8473659029800086784_n-300x200.jpg 300w, https:\/\/elmetropolitano.com.gt\/es\/wp-content\/uploads\/2024\/01\/418462559_855490303243721_8473659029800086784_n-768x512.jpg 768w, https:\/\/elmetropolitano.com.gt\/es\/wp-content\/uploads\/2024\/01\/418462559_855490303243721_8473659029800086784_n-1536x1025.jpg 1536w, https:\/\/elmetropolitano.com.gt\/es\/wp-content\/uploads\/2024\/01\/418462559_855490303243721_8473659029800086784_n-600x400.jpg 600w, https:\/\/elmetropolitano.com.gt\/es\/wp-content\/uploads\/2024\/01\/418462559_855490303243721_8473659029800086784_n.jpg 2048w\" sizes=\"auto, (max-width: 1024px) 100vw, 1024px\" \/><\/figure>\n<\/figure>\n","protected":false},"excerpt":{"rendered":"<p>Desde hace 86 a\u00f1os, la Media Marat\u00f3n Max Tott o Carrera de los Barrios ha impactado a los guatemaltecos, dando la oportunidad a los atletas de \u00e9lite de foguearse con exponentes de alto nivel. Esta carrera permite prepararse para competiciones internacionales como las Olimpiadas. Como tradici\u00f3n, esta se lleva a cabo el \u00faltimo domingo del <a class=\"read-more\" href=\"https:\/\/elmetropolitano.com.gt\/es\/la-carrera-de-los-barrios-se-realizara-el-domingo-28-en-la-ciudad-capital\/\">Leer m\u00e1s<\/a><\/p>\n","protected":false},"author":1,"featured_media":76422,"comment_status":"open","ping_status":"closed","sticky":false,"template":"","format":"standard","meta":{"footnotes":""},"categories":[43],"tags":[44],"class_list":["post-76421","post","type-post","status-publish","format-standard","has-post-thumbnail","hentry","category-deportes","tag-deportes"],"_links":{"self":[{"href":"https:\/\/elmetropolitano.com.gt\/es\/wp-json\/wp\/v2\/posts\/76421","targetHints":{"allow":["GET"]}}],"collection":[{"href":"https:\/\/elmetropolitano.com.gt\/es\/wp-json\/wp\/v2\/posts"}],"about":[{"href":"https:\/\/elmetropolitano.com.gt\/es\/wp-json\/wp\/v2\/types\/post"}],"author":[{"embeddable":true,"href":"https:\/\/elmetropolitano.com.gt\/es\/wp-json\/wp\/v2\/users\/1"}],"replies":[{"embeddable":true,"href":"https:\/\/elmetropolitano.com.gt\/es\/wp-json\/wp\/v2\/comments?post=76421"}],"version-history":[{"count":1,"href":"https:\/\/elmetropolitano.com.gt\/es\/wp-json\/wp\/v2\/posts\/76421\/revisions"}],"predecessor-version":[{"id":76426,"href":"https:\/\/elmetropolitano.com.gt\/es\/wp-json\/wp\/v2\/posts\/76421\/revisions\/76426"}],"wp:featuredmedia":[{"embeddable":true,"href":"https:\/\/elmetropolitano.com.gt\/es\/wp-json\/wp\/v2\/media\/76422"}],"wp:attachment":[{"href":"https:\/\/elmetropolitano.com.gt\/es\/wp-json\/wp\/v2\/media?parent=76421"}],"wp:term":[{"taxonomy":"category","embeddable":true,"href":"https:\/\/elmetropolitano.com.gt\/es\/wp-json\/wp\/v2\/categories?post=76421"},{"taxonomy":"post_tag","embeddable":true,"href":"https:\/\/elmetropolitano.com.gt\/es\/wp-json\/wp\/v2\/tags?post=76421"}],"curies":[{"name":"wp","href":"https:\/\/api.w.org\/{rel}","templated":true}]}}