{"id":76543,"date":"2024-01-11T13:04:02","date_gmt":"2024-01-11T19:04:02","guid":{"rendered":"https:\/\/elmetropolitano.com.gt\/es\/?p=76543"},"modified":"2024-01-11T13:04:03","modified_gmt":"2024-01-11T19:04:03","slug":"ee-uu-lanza-advertencia-ante-boicot-contra-la-transicion-de-mando-en-guatemala","status":"publish","type":"post","link":"https:\/\/elmetropolitano.com.gt\/es\/ee-uu-lanza-advertencia-ante-boicot-contra-la-transicion-de-mando-en-guatemala\/","title":{"rendered":"EE.UU lanza advertencia ante boicot contra la transici\u00f3n de mando en Guatemala"},"content":{"rendered":"\n<p>El senado de los Estados Unidos lanz\u00f3 una seria advertencia con una resoluci\u00f3n en la que advierte que de no darse la transici\u00f3n pac\u00edfica este domingo 14, todas las instituciones del Estado de Guatemala, deber\u00e1n prepararse para revisar las relaciones bilaterales entre ambos pa\u00edses.<\/p>\n\n\n\n<p>En <a><\/a>la resoluci\u00f3n el senado \u201cpide al Departamento de Estado, al Departamento del Tesoro y a la Agencia de los Estados Unidos para el Desarrollo Internacional que se preparen para la posibilidad de que no se produzca una transici\u00f3n pac\u00edfica del poder el 14 de enero de 2024, se reevaluar todos los elementos de la asistencia exterior y la cooperaci\u00f3n bilateral de los Estados Unidos con el Gobierno de Guatemala.<\/p><div class=\"elmet-contenido\" id=\"elmet-4107579593\"><div class=\"elmet-adlabel\">Anuncios<\/div><div style=\"margin-top: 20px;margin-right: 20px;margin-bottom: 20px;margin-left: 20px;\" id=\"elmet-3481336965\"><a href=\"https:\/\/www.facebook.com\/arrincuanantigua\/\" aria-label=\"cintillo-arrin-cual\"><img loading=\"lazy\" decoding=\"async\" src=\"https:\/\/elmetropolitano.com.gt\/es\/wp-content\/uploads\/2021\/11\/cintillo-arrin-cual-1.jpg\" alt=\"\"  srcset=\"https:\/\/elmetropolitano.com.gt\/es\/wp-content\/uploads\/2021\/11\/cintillo-arrin-cual-1.jpg 750w, https:\/\/elmetropolitano.com.gt\/es\/wp-content\/uploads\/2021\/11\/cintillo-arrin-cual-1-300x36.jpg 300w, https:\/\/elmetropolitano.com.gt\/es\/wp-content\/uploads\/2021\/11\/cintillo-arrin-cual-1-600x72.jpg 600w\" sizes=\"(max-width: 750px) 100vw, 750px\" width=\"750\" height=\"90\"   \/><\/a><\/div><\/div>\n\n\n\n<p>Realizar una evaluaci\u00f3n de todas las herramientas diplom\u00e1ticas y econ\u00f3micas, incluidas las sanciones, que puedan usarse para responsabilizar a los funcionarios p\u00fablicos guatemaltecos, actores del sector privado y otros que hayan planificado, apoyado o emprendido esfuerzos para impedir la transici\u00f3n pac\u00edfica del poder en Guatemala.<\/p>\n\n\n\n<p>Trabajar con la Organizaci\u00f3n de Estados Americanos, la Uni\u00f3n Europea y las Naciones Unidas para reevaluar la posici\u00f3n de Guatemala en instituciones que requieren que sus miembros se adhieran a principios democr\u00e1ticos b\u00e1sicos e instan al gobierno de Guatemala a repudiar de inmediato los ataques de la fiscal general y del Ministerio P\u00fablico al presidente electo Ar\u00e9valo y miembros de su coalici\u00f3n pol\u00edtica.<\/p>\n\n\n\n<p>La resoluci\u00f3n presentada por los senadores CARDIN DURBIN, KAINE, MERKLEY, la Sra. BUTLER y el Sr. WELCH, expresan:<\/p>\n\n\n\n<p>Solidaridad con el pueblo de Guatemala e instando al Gobierno de Guatemala a permitir una transferencia pac\u00edfica del poder al presidente electo Bernardo Ar\u00e9valo.<\/p>\n\n\n\n<p>Considerando que Estados Unidos y Guatemala han compartido s\u00f3lidas relaciones bilaterales en temas de inter\u00e9s mutuo durante d\u00e9cadas, que incluyen:<\/p>\n\n\n\n<p>(1) abordar las causas profundas de la migraci\u00f3n irregular;<\/p>\n\n\n\n<p>(2) un compromiso compartido para abordar desaf\u00edos clave del desarrollo, como la pobreza, el hambre infantil y el analfabetismo, la seguridad ciudadana y una gobernanza m\u00e1s transparente y responsable; y<\/p>\n\n\n\n<p>(3) apoyar la independencia de Taiw\u00e1n y Ucrania de Rusia;<\/p>\n\n\n\n<p>Considerando que las elecciones generales se celebraron en Guatemala el 25 de junio de 2023, lo que result\u00f3 en una segunda vuelta entre los dos candidatos presidenciales que recibieron la mayor cantidad de votos, el congresista Bernardo Ar\u00e9valo del partido Movimiento Semilla y Sandra Torres, ex primera dama que representa el partido Unidad Nacional de la Esperanza (UNE);<\/p>\n\n\n\n<p>Considerando que, en la segunda vuelta de las elecciones, celebrada el 20 de agosto de 2023, el pueblo de Guatemala eligi\u00f3 al congresista Ar\u00e9valo como presidente con m\u00e1s del 60 por ciento del voto popular<\/p>\n\n\n\n<p>Considerando que los equipos de observaci\u00f3n electoral de la Uni\u00f3n Europea y la Organizaci\u00f3n de Estados Americanos, que estuvieron presentes por invitaci\u00f3n del Gobierno de Guatemala, informaron que ambas rondas de las elecciones se desarrollaron de manera profesional y eficiente y concluyeron que no hab\u00eda base para reclamaciones de fraude.<\/p>\n\n\n\n<p>Considerando que el Tribunal Supremo Electoral (TSE) de Guatemala certific\u00f3 que las elecciones presidenciales respetaron los est\u00e1ndares nacionales, regionales e internacionales para una elecci\u00f3n democr\u00e1tica.<\/p>\n\n\n\n<p>Considerando que las elecciones generales se celebraron en Guatemala el 25 de junio de 2023, lo que result\u00f3 en una segunda vuelta entre los dos candidatos presidenciales que recibieron la mayor cantidad de votos, el congresista Bernardo Ar\u00e9valo del partido Movimiento Semilla y Sandra Torres, ex primera dama que representa el partido Unidad Nacional de la Esperanza (UNE).<\/p>\n\n\n\n<p>Considerando que, en la segunda vuelta de las elecciones, celebrada el 20 de agosto de 2023, el pueblo de Guatemala eligi\u00f3 al congresista Ar\u00e9valo como presidente con m\u00e1s del 60 por ciento del voto popular.<\/p>\n\n\n\n<p>Considerando que los equipos de observaci\u00f3n electoral de la Uni\u00f3n Europea y la Organizaci\u00f3n de Estados Americanos, que estuvieron presentes por invitaci\u00f3n del Gobierno de Guatemala, informe que ambas rondas de las elecciones se desarrollaron de manera profesional y eficiente y concluyeron que no hab\u00eda base para reclamaciones. fraude; apoyo de una transferencia pac\u00edfica del poder.<\/p>\n\n\n\n<p><a href=\"https:\/\/www.facebook.com\/hashtag\/metroredes?__eep__=6&amp;__cft__[0]=AZXz7lUYm-MuT0DsE0vbBpnbMrpjSFRWy0g6Me1nk6s98QNwaAYQD1bjIP_h2gGqzh3_C4-7YZxMLUUaeHKq5AglyDGTJZ-RFP9EzairyYtXtxJnXhivEDare9HTWxUSqyXBPdmx2g_VovAAIUVVcmu_aoaB-VlaJo4s6to5TU4ML43_hOn725WR3IKeA4VelIs&amp;__tn__=*NK-R\">#metroredes<\/a><a href=\"http:\/\/www.metroredes.com\/?fbclid=IwAR2oqCEhyAS-HCbbMxOOw2NXX5t3p8_i442JBrEsLxCbKg6es43R8z8pFuA\" rel=\"noreferrer noopener\" target=\"_blank\">www.metroredes.com<\/a><a href=\"https:\/\/l.facebook.com\/l.php?u=http%3A%2F%2Fwww.elescuintleco.com%2F%3Ffbclid%3DIwAR19tgM9NrKH8PSuG8Qg8Ot9MRxOT2zfxLi4izAcGFIfozKh1bwVSJ5U_UA&amp;h=AT2yyc0XeB5wZi8NAZc2YY4R6ptx5uBPkce88VkszCx6nk-zJM4fB1A6ajGHE7RLmx6CSQwlYgUpIvI2p8qSycR1BHaKxW3shkttWRLDkLd4R1pcremB6uRqFTJoEYig_pHjBYvpzR5zRi5pliT2&amp;__tn__=-UK-R&amp;c[0]=AT3XhKOku8DimO0GWnrOv0Ufjp65qvKobTf-loSHT0M4FUAjuA4zJffBGySAeruL9Cd0--H7IdDRj4XCSCyTf46OE3NWj3As386TCsA5qeiSRQfzPp9xCLAGz0PUt_xryhXxvJfVMFAW9fvbNjrj6HxABBLcgKPYarxHrIrxWYDvRQNPqTCuMzE8jOpsMp75Z2OiIu1q9tIy\" rel=\"noreferrer noopener\" target=\"_blank\">www.elescuintleco.com<\/a><a href=\"http:\/\/www.elmetropolitano.com.gt\/?fbclid=IwAR0fTMjiYtJ5GsjXy2yx8RLGdbI4WDhQv1d5ykfUHGKk_RMR5w8fhWbZNMo\" rel=\"noreferrer noopener\" target=\"_blank\">www.elmetropolitano.com.gt<\/a><\/p>\n\n\n\n<figure class=\"wp-block-gallery has-nested-images columns-default is-cropped wp-block-gallery-1 is-layout-flex wp-block-gallery-is-layout-flex\">\n<figure class=\"wp-block-image size-large\"><img loading=\"lazy\" decoding=\"async\" width=\"550\" height=\"1024\" data-id=\"76546\" src=\"https:\/\/elmetropolitano.com.gt\/es\/wp-content\/uploads\/2024\/01\/GDhA5uoX0AAiISx-550x1024.jpeg\" alt=\"\" class=\"wp-image-76546\" srcset=\"https:\/\/elmetropolitano.com.gt\/es\/wp-content\/uploads\/2024\/01\/GDhA5uoX0AAiISx-550x1024.jpeg 550w, https:\/\/elmetropolitano.com.gt\/es\/wp-content\/uploads\/2024\/01\/GDhA5uoX0AAiISx-161x300.jpeg 161w, https:\/\/elmetropolitano.com.gt\/es\/wp-content\/uploads\/2024\/01\/GDhA5uoX0AAiISx-768x1431.jpeg 768w, https:\/\/elmetropolitano.com.gt\/es\/wp-content\/uploads\/2024\/01\/GDhA5uoX0AAiISx-824x1536.jpeg 824w, https:\/\/elmetropolitano.com.gt\/es\/wp-content\/uploads\/2024\/01\/GDhA5uoX0AAiISx-600x1118.jpeg 600w, https:\/\/elmetropolitano.com.gt\/es\/wp-content\/uploads\/2024\/01\/GDhA5uoX0AAiISx.jpeg 1025w\" sizes=\"auto, (max-width: 550px) 100vw, 550px\" \/><\/figure>\n\n\n\n<figure class=\"wp-block-image size-large\"><img loading=\"lazy\" decoding=\"async\" width=\"550\" height=\"1024\" data-id=\"76547\" src=\"https:\/\/elmetropolitano.com.gt\/es\/wp-content\/uploads\/2024\/01\/GDhA5urXIAEugfJ-550x1024.jpeg\" alt=\"\" class=\"wp-image-76547\" srcset=\"https:\/\/elmetropolitano.com.gt\/es\/wp-content\/uploads\/2024\/01\/GDhA5urXIAEugfJ-550x1024.jpeg 550w, https:\/\/elmetropolitano.com.gt\/es\/wp-content\/uploads\/2024\/01\/GDhA5urXIAEugfJ-161x300.jpeg 161w, https:\/\/elmetropolitano.com.gt\/es\/wp-content\/uploads\/2024\/01\/GDhA5urXIAEugfJ-768x1430.jpeg 768w, https:\/\/elmetropolitano.com.gt\/es\/wp-content\/uploads\/2024\/01\/GDhA5urXIAEugfJ-825x1536.jpeg 825w, https:\/\/elmetropolitano.com.gt\/es\/wp-content\/uploads\/2024\/01\/GDhA5urXIAEugfJ-600x1117.jpeg 600w, https:\/\/elmetropolitano.com.gt\/es\/wp-content\/uploads\/2024\/01\/GDhA5urXIAEugfJ.jpeg 1100w\" sizes=\"auto, (max-width: 550px) 100vw, 550px\" \/><\/figure>\n\n\n\n<figure class=\"wp-block-image size-large\"><img loading=\"lazy\" decoding=\"async\" width=\"677\" height=\"800\" data-id=\"76545\" src=\"https:\/\/elmetropolitano.com.gt\/es\/wp-content\/uploads\/2024\/01\/Sin-titulo-2.jpg\" alt=\"\" class=\"wp-image-76545\" srcset=\"https:\/\/elmetropolitano.com.gt\/es\/wp-content\/uploads\/2024\/01\/Sin-titulo-2.jpg 677w, https:\/\/elmetropolitano.com.gt\/es\/wp-content\/uploads\/2024\/01\/Sin-titulo-2-254x300.jpg 254w, https:\/\/elmetropolitano.com.gt\/es\/wp-content\/uploads\/2024\/01\/Sin-titulo-2-600x709.jpg 600w\" sizes=\"auto, (max-width: 677px) 100vw, 677px\" \/><\/figure>\n<\/figure>\n","protected":false},"excerpt":{"rendered":"<p>El senado de los Estados Unidos lanz\u00f3 una seria advertencia con una resoluci\u00f3n en la que advierte que de no darse la transici\u00f3n pac\u00edfica este domingo 14, todas las instituciones del Estado de Guatemala, deber\u00e1n prepararse para revisar las relaciones bilaterales entre ambos pa\u00edses. En la resoluci\u00f3n el senado \u201cpide al Departamento de Estado, al <a class=\"read-more\" href=\"https:\/\/elmetropolitano.com.gt\/es\/ee-uu-lanza-advertencia-ante-boicot-contra-la-transicion-de-mando-en-guatemala\/\">Leer m\u00e1s<\/a><\/p>\n","protected":false},"author":1,"featured_media":76544,"comment_status":"open","ping_status":"closed","sticky":false,"template":"","format":"standard","meta":{"footnotes":""},"categories":[14],"tags":[15],"class_list":["post-76543","post","type-post","status-publish","format-standard","has-post-thumbnail","hentry","category-internacionales","tag-internacionales"],"_links":{"self":[{"href":"https:\/\/elmetropolitano.com.gt\/es\/wp-json\/wp\/v2\/posts\/76543","targetHints":{"allow":["GET"]}}],"collection":[{"href":"https:\/\/elmetropolitano.com.gt\/es\/wp-json\/wp\/v2\/posts"}],"about":[{"href":"https:\/\/elmetropolitano.com.gt\/es\/wp-json\/wp\/v2\/types\/post"}],"author":[{"embeddable":true,"href":"https:\/\/elmetropolitano.com.gt\/es\/wp-json\/wp\/v2\/users\/1"}],"replies":[{"embeddable":true,"href":"https:\/\/elmetropolitano.com.gt\/es\/wp-json\/wp\/v2\/comments?post=76543"}],"version-history":[{"count":1,"href":"https:\/\/elmetropolitano.com.gt\/es\/wp-json\/wp\/v2\/posts\/76543\/revisions"}],"predecessor-version":[{"id":76548,"href":"https:\/\/elmetropolitano.com.gt\/es\/wp-json\/wp\/v2\/posts\/76543\/revisions\/76548"}],"wp:featuredmedia":[{"embeddable":true,"href":"https:\/\/elmetropolitano.com.gt\/es\/wp-json\/wp\/v2\/media\/76544"}],"wp:attachment":[{"href":"https:\/\/elmetropolitano.com.gt\/es\/wp-json\/wp\/v2\/media?parent=76543"}],"wp:term":[{"taxonomy":"category","embeddable":true,"href":"https:\/\/elmetropolitano.com.gt\/es\/wp-json\/wp\/v2\/categories?post=76543"},{"taxonomy":"post_tag","embeddable":true,"href":"https:\/\/elmetropolitano.com.gt\/es\/wp-json\/wp\/v2\/tags?post=76543"}],"curies":[{"name":"wp","href":"https:\/\/api.w.org\/{rel}","templated":true}]}}