{"id":76664,"date":"2024-01-15T13:19:29","date_gmt":"2024-01-15T19:19:29","guid":{"rendered":"https:\/\/elmetropolitano.com.gt\/es\/?p=76664"},"modified":"2024-01-15T13:19:31","modified_gmt":"2024-01-15T19:19:31","slug":"presidente-arevalo-juramenta-a-su-gabinete-de-gobierno-esta-madrugada","status":"publish","type":"post","link":"https:\/\/elmetropolitano.com.gt\/es\/presidente-arevalo-juramenta-a-su-gabinete-de-gobierno-esta-madrugada\/","title":{"rendered":"Presidente Ar\u00e9valo juramenta a su Gabinete de Gobierno esta madrugada"},"content":{"rendered":"\n<p>El presidente de la Rep\u00fablica, Bernardo Ar\u00e9valo, jurament\u00f3 la madrugada de este lunes a su Gabinete de Gobierno en el Palacio Nacional de la Cultura.<\/p>\n\n\n\n<p>Con gran alegr\u00eda, el nuevo mandatario de la naci\u00f3n, acompa\u00f1ado de la vicepresidente, Karin Herrera, acredit\u00f3 a los nuevos funcionarios que durante los pr\u00f3ximos cuatro a\u00f1os estar\u00e1n al frente de los 14 ministerios que conforman el Organismo Ejecutivo.<\/p><div class=\"elmet-contenido\" id=\"elmet-1004549589\"><div class=\"elmet-adlabel\">Anuncios<\/div><div style=\"margin-top: 20px;margin-right: 20px;margin-bottom: 20px;margin-left: 20px;\" id=\"elmet-2375760072\"><a href=\"https:\/\/www.facebook.com\/arrincuanantigua\/\" aria-label=\"cintillo-arrin-cual\"><img loading=\"lazy\" decoding=\"async\" src=\"https:\/\/elmetropolitano.com.gt\/es\/wp-content\/uploads\/2021\/11\/cintillo-arrin-cual-1.jpg\" alt=\"\"  srcset=\"https:\/\/elmetropolitano.com.gt\/es\/wp-content\/uploads\/2021\/11\/cintillo-arrin-cual-1.jpg 750w, https:\/\/elmetropolitano.com.gt\/es\/wp-content\/uploads\/2021\/11\/cintillo-arrin-cual-1-300x36.jpg 300w, https:\/\/elmetropolitano.com.gt\/es\/wp-content\/uploads\/2021\/11\/cintillo-arrin-cual-1-600x72.jpg 600w\" sizes=\"(max-width: 750px) 100vw, 750px\" width=\"750\" height=\"90\"   \/><\/a><\/div><\/div>\n\n\n\n<p>Ante <a><\/a>esto, el jefe de Estado agradeci\u00f3 a sus ministros por aceptar este nuevo reto que contempla un cambio positivo para la historia de Guatemala. En el acto, tambi\u00e9n se oficializ\u00f3 a los guatemaltecos que se encargar\u00e1n de las secretar\u00edas del Estado. El Presidente dio lectura al documento que concluy\u00f3 de la siguiente manera:<\/p>\n\n\n\n<p>Estando seguros que mediante el estricto cumplimiento de sus obligaciones sabr\u00e1n honrar a Dios, a la patria y a su familia.<\/p>\n\n\n\n<p>El gabinete del pueblo<\/p>\n\n\n\n<p>Asimismo, el pasado 8 de enero el presidente Ar\u00e9valo comparti\u00f3 con la poblaci\u00f3n los nombres de quienes integrar\u00edan el gabinete que le acompa\u00f1ar\u00e1 en su gesti\u00f3n.<\/p>\n\n\n\n<p>Para el per\u00edodo 2024-2028, los ministerios estar\u00e1n dirigidos por:<\/p>\n\n\n\n<p>Trabajo y Previsi\u00f3n Social, Miriam Roquel<\/p>\n\n\n\n<p>Finanzas P\u00fablicas, Jonathan Menkos<\/p>\n\n\n\n<p>Educaci\u00f3n, Anabella Giracca<\/p>\n\n\n\n<p>Gobernaci\u00f3n, Francisco Jim\u00e9nez<\/p>\n\n\n\n<p>Agricultura, Ganader\u00eda y Alimentaci\u00f3n, Maynor Estrada<\/p>\n\n\n\n<p>Econom\u00eda, Gabriela Garc\u00eda-Quinn<\/p>\n\n\n\n<p>Salud P\u00fablica y Asistencia Social, \u00d3scar Cord\u00f3n<\/p>\n\n\n\n<p>Comunicaciones, Infraestructura y Vivienda, Jazm\u00edn de La Vega<\/p>\n\n\n\n<p>Defensa Nacional, Henry S\u00e1enz<\/p>\n\n\n\n<p>Cultura y Deportes, Liwy Grazioso<\/p>\n\n\n\n<p>Desarrollo Social, Abelardo Pinto<\/p>\n\n\n\n<p>Ambiente y Recursos Naturales, Mar\u00eda Jos\u00e9 Iturbide<\/p>\n\n\n\n<p>Relaciones Exteriores, Carlos Mart\u00ednez<\/p>\n\n\n\n<p>Energ\u00eda y Minas, V\u00edctor Ventura.<\/p>\n\n\n\n<p>En cuanto a las personas que dirigir\u00e1n las secretar\u00edas de Estado se encuentran:<\/p>\n\n\n\n<p>Comunicaci\u00f3n Social de la Presidencia, Haroldo S\u00e1nchez<\/p>\n\n\n\n<p>Planificaci\u00f3n y Programaci\u00f3n de la Presidencia, Carlos Mendoza<\/p>\n\n\n\n<p>Asuntos Administrativos y de Seguridad, Ivan Alfaro<\/p>\n\n\n\n<p>Coordinaci\u00f3n Ejecutiva de la Presidencia, V\u00edctor Godoy<\/p>\n\n\n\n<p>Secretar\u00eda Estrat\u00e9gica de Inteligencia, Cristian Espinoza<\/p>\n\n\n\n<p>Secretar\u00eda T\u00e9cnica del Consejo Nacional de Seguridad,<\/p>\n\n\n\n<p>Privada de la Presidencia, Ana Glenda Rosado.<\/p>\n\n\n\n<p>Texto: Yuliza Mu\u00f1oz<\/p>\n\n\n\n<p><a href=\"https:\/\/www.facebook.com\/hashtag\/transmisi%C3%B3ndemandogt?__eep__=6&amp;__cft__[0]=AZWfG5bqLVbQRp3qHQJffsFCibvPtvBhO0pJ1hsE-dBLLOlTiFah653cvW6ru6ZnCyHu4O7FpbDVPoGfBnB79r4eA2rVPbRNGXfr1by5YDoK5f4QZqNF68S4t93y1NLuoTQtVNNMcxiQvAwjrwTdnn7K7TkJnGmgG0bSmbnzQBPVSdTOdeHf8q_t_RMpXfVB5Fs&amp;__tn__=*NK-R\">#transmisi\u00f3ndemandogt<\/a><a href=\"https:\/\/www.facebook.com\/hashtag\/metroredes?__eep__=6&amp;__cft__[0]=AZWfG5bqLVbQRp3qHQJffsFCibvPtvBhO0pJ1hsE-dBLLOlTiFah653cvW6ru6ZnCyHu4O7FpbDVPoGfBnB79r4eA2rVPbRNGXfr1by5YDoK5f4QZqNF68S4t93y1NLuoTQtVNNMcxiQvAwjrwTdnn7K7TkJnGmgG0bSmbnzQBPVSdTOdeHf8q_t_RMpXfVB5Fs&amp;__tn__=*NK-R\">#Metroredes<\/a><\/p>\n\n\n\n<p><a href=\"https:\/\/l.facebook.com\/l.php?u=http%3A%2F%2FWww.elmetropolitano.com.gt%2F%3Ffbclid%3DIwAR2Lb-OQfe9vd6Rbk-eutiA2PcYt7-gya-vdlSV4h-ms3hgXF_4c_lwexKw&amp;h=AT3ZbzDkrOyJT7TVnJiE6CYK7fEJfOIZZfAdijRU9zIAt8P2SreGl4M9muCnxC81VnqiCBr20_In_wZ3YeMGAOOqb_jpZcWw1iP1M0kUOtMES0PLlQwEB8GKS9PEW5vfJC_p&amp;__tn__=-UK-R&amp;c[0]=AT0nvlly1Ure9ondAIsoRhfZYWVHK1ay-wCm0kzSEecR0HWqLcpzvHfdOXLbYcHd2iITLYOAIt0F04aQWpxAxZO-UqsqKsGfOrGbPmP1HmWNftQrT6ueez0xjuZD0PpmsEgFXyJtxv0XxWxteNUf2JlDx1K7gtDUBoFOrjEkvm-8zHuv3r8cA0k3PIjJDxqiqKJIMDc73a_B\" rel=\"noreferrer noopener\" target=\"_blank\">Www.elmetropolitano.com.gt<\/a><\/p>\n\n\n\n<p><a rel=\"noreferrer noopener\" href=\"https:\/\/l.facebook.com\/l.php?u=http%3A%2F%2FWww.metroredes.com%2F%3Ffbclid%3DIwAR23-xPb1T3AO9j0pCHZJPVfka87iSk_6yHOZtJNseaVMzDz1Bb7sFwJc90&amp;h=AT0Yx2Qor8Pj5GtU1krZM3Gu6qjMtURoj74JuUak24BQhLi6JFO1fU5LssUUc-HfO6jc0uBCQOGHI0kWfWM7AqU1-89Ztdm-7MxNhx8Cj8iM84kcSBBgNnpW_H3p9xADrzVi&amp;__tn__=-UK-R&amp;c[0]=AT0nvlly1Ure9ondAIsoRhfZYWVHK1ay-wCm0kzSEecR0HWqLcpzvHfdOXLbYcHd2iITLYOAIt0F04aQWpxAxZO-UqsqKsGfOrGbPmP1HmWNftQrT6ueez0xjuZD0PpmsEgFXyJtxv0XxWxteNUf2JlDx1K7gtDUBoFOrjEkvm-8zHuv3r8cA0k3PIjJDxqiqKJIMDc73a_B\" target=\"_blank\">Www.metroredes.com<\/a><\/p>\n\n\n\n<p><\/p>\n","protected":false},"excerpt":{"rendered":"<p>El presidente de la Rep\u00fablica, Bernardo Ar\u00e9valo, jurament\u00f3 la madrugada de este lunes a su Gabinete de Gobierno en el Palacio Nacional de la Cultura. Con gran alegr\u00eda, el nuevo mandatario de la naci\u00f3n, acompa\u00f1ado de la vicepresidente, Karin Herrera, acredit\u00f3 a los nuevos funcionarios que durante los pr\u00f3ximos cuatro a\u00f1os estar\u00e1n al frente de <a class=\"read-more\" href=\"https:\/\/elmetropolitano.com.gt\/es\/presidente-arevalo-juramenta-a-su-gabinete-de-gobierno-esta-madrugada\/\">Leer m\u00e1s<\/a><\/p>\n","protected":false},"author":1,"featured_media":76665,"comment_status":"open","ping_status":"closed","sticky":false,"template":"","format":"standard","meta":{"footnotes":""},"categories":[2],"tags":[12],"class_list":["post-76664","post","type-post","status-publish","format-standard","has-post-thumbnail","hentry","category-nacionales","tag-nacionales"],"_links":{"self":[{"href":"https:\/\/elmetropolitano.com.gt\/es\/wp-json\/wp\/v2\/posts\/76664","targetHints":{"allow":["GET"]}}],"collection":[{"href":"https:\/\/elmetropolitano.com.gt\/es\/wp-json\/wp\/v2\/posts"}],"about":[{"href":"https:\/\/elmetropolitano.com.gt\/es\/wp-json\/wp\/v2\/types\/post"}],"author":[{"embeddable":true,"href":"https:\/\/elmetropolitano.com.gt\/es\/wp-json\/wp\/v2\/users\/1"}],"replies":[{"embeddable":true,"href":"https:\/\/elmetropolitano.com.gt\/es\/wp-json\/wp\/v2\/comments?post=76664"}],"version-history":[{"count":1,"href":"https:\/\/elmetropolitano.com.gt\/es\/wp-json\/wp\/v2\/posts\/76664\/revisions"}],"predecessor-version":[{"id":76666,"href":"https:\/\/elmetropolitano.com.gt\/es\/wp-json\/wp\/v2\/posts\/76664\/revisions\/76666"}],"wp:featuredmedia":[{"embeddable":true,"href":"https:\/\/elmetropolitano.com.gt\/es\/wp-json\/wp\/v2\/media\/76665"}],"wp:attachment":[{"href":"https:\/\/elmetropolitano.com.gt\/es\/wp-json\/wp\/v2\/media?parent=76664"}],"wp:term":[{"taxonomy":"category","embeddable":true,"href":"https:\/\/elmetropolitano.com.gt\/es\/wp-json\/wp\/v2\/categories?post=76664"},{"taxonomy":"post_tag","embeddable":true,"href":"https:\/\/elmetropolitano.com.gt\/es\/wp-json\/wp\/v2\/tags?post=76664"}],"curies":[{"name":"wp","href":"https:\/\/api.w.org\/{rel}","templated":true}]}}