{"id":76667,"date":"2024-01-15T13:22:57","date_gmt":"2024-01-15T19:22:57","guid":{"rendered":"https:\/\/elmetropolitano.com.gt\/es\/?p=76667"},"modified":"2024-01-15T13:22:58","modified_gmt":"2024-01-15T19:22:58","slug":"bernardo-arevalo-y-karin-herrera-saludan-al-pueblo-de-guatemala","status":"publish","type":"post","link":"https:\/\/elmetropolitano.com.gt\/es\/bernardo-arevalo-y-karin-herrera-saludan-al-pueblo-de-guatemala\/","title":{"rendered":"Bernardo Ar\u00e9valo y Karin Herrera saludan al pueblo de Guatemala"},"content":{"rendered":"\n<p>Bernardo Ar\u00e9valo ha asumido la Presidencia de la Rep\u00fablica, marcando un nuevo cap\u00edtulo en la historia del pa\u00eds. Acompa\u00f1ado de la vicepresidente constitucional, Karin Herrera, el mandatario sali\u00f3 al balc\u00f3n presidencial del Palacio Nacional de la Cultura para dirigir sus primeras palabras al pueblo.<\/p>\n\n\n\n<p>Con el Palacio iluminado por pirotecnia, el binomio presidencial sali\u00f3 al balc\u00f3n. El mandatario destac\u00f3 que este es el <a><\/a>inicio de una nueva temporada. La vicepresidente Herrera mencion\u00f3 que este es el inicio de un nuevo tiempo.<\/p><div class=\"elmet-contenido\" id=\"elmet-2903107463\"><div class=\"elmet-adlabel\">Anuncios<\/div><div style=\"margin-top: 20px;margin-right: 20px;margin-bottom: 20px;margin-left: 20px;\" id=\"elmet-4244075412\"><a href=\"https:\/\/www.facebook.com\/arrincuanantigua\/\" aria-label=\"cintillo-arrin-cual\"><img loading=\"lazy\" decoding=\"async\" src=\"https:\/\/elmetropolitano.com.gt\/es\/wp-content\/uploads\/2021\/11\/cintillo-arrin-cual-1.jpg\" alt=\"\"  srcset=\"https:\/\/elmetropolitano.com.gt\/es\/wp-content\/uploads\/2021\/11\/cintillo-arrin-cual-1.jpg 750w, https:\/\/elmetropolitano.com.gt\/es\/wp-content\/uploads\/2021\/11\/cintillo-arrin-cual-1-300x36.jpg 300w, https:\/\/elmetropolitano.com.gt\/es\/wp-content\/uploads\/2021\/11\/cintillo-arrin-cual-1-600x72.jpg 600w\" sizes=\"(max-width: 750px) 100vw, 750px\" width=\"750\" height=\"90\"   \/><\/a><\/div><\/div>\n\n\n\n<p>Este es el inicio de un proceso de transformaci\u00f3n para cada uno de nosotros.<\/p>\n\n\n\n<p>Ar\u00e9valo y Herrera enviaron un mensaje claro al pueblo guatemalteco, mostraron su cercan\u00eda y compromiso.<\/p>\n\n\n\n<p>\u201cEsta vos ya no es solo m\u00eda, es de quienes m\u00e1s la necesitan. Ha llegado el momento de tomar conciencia de un porvenir para Guatemala. Adem\u00e1s, el saludo al pueblo se convierte en un s\u00edmbolo de transparencia y apertura de su administraci\u00f3n, fundamentales en un per\u00edodo de cambio\u201d expres\u00f3 Ar\u00e9valo<\/p>\n\n\n\n<p>Compromisos y expectativas<\/p>\n\n\n\n<p>Asimismo, la vicepresidente Karin Herrera se comprometi\u00f3 a trabajar incansablemente para mejorar la calidad de vida de los guatemaltecos.<\/p>\n\n\n\n<p>\u201cEn este nuevo capitulo que se est\u00e1 por escribir tendr\u00e1n un binomio que trabajar\u00e1 por su naci\u00f3n\u201d indic\u00f3 la vicepresidenta<\/p>\n\n\n\n<p>Estableci\u00f3 metas claras y deline\u00f3 estrategias para abordar los problemas m\u00e1s apremiantes de la naci\u00f3n.<\/p>\n\n\n\n<p>Ante la mirada de una naci\u00f3n expectante, el nuevo mandatario y su equipo gubernamental se embarcar\u00e1n en un proceso de reformas y transformaciones.<\/p>\n\n\n\n<p>El Presidente indic\u00f3 que \u201cestamos abriendo senderos para ese futuro que nos aguarda. No basta con so\u00f1ar.<\/p>\n\n\n\n<p>Por ello, la implementaci\u00f3n de pol\u00edticas que impulsen el desarrollo econ\u00f3mico sostenible y fortalezcan las instituciones ser\u00e1 esencial para superar los obst\u00e1culos presentes y futuros\u201d<\/p>\n\n\n\n<p>Adem\u00e1s, la presencia de Karin Herrera como vicepresidente constitucional no pasa desapercibida. Su papel ser\u00e1 decisivo en el liderazgo del pa\u00eds, al trabajar de la mano con el presidente Ar\u00e9valo para alcanzar los objetivos planteados indic\u00f3<\/p>\n\n\n\n<p>Hemos reflexionado sobre la \u2018primavera democr\u00e1tica\u2019. La gente necesita avanzar, caminar hacia delante.<\/p>\n\n\n\n<p>La diversidad de enfoques y perspectivas en el Gobierno promete un abordaje integral de los problemas que enfrenta Guatemala.<\/p>\n\n\n\n<p>Un futuro de colaboraci\u00f3n<\/p>\n\n\n\n<p>En un contexto en el que la cohesi\u00f3n es crucial, el trabajo conjunto del Presidente y la Vicepresidente demuestra un compromiso compartido para construir un futuro m\u00e1s pr\u00f3spero y equitativo para el pa\u00eds.<\/p>\n\n\n\n<p>Asimismo, el mandatario destac\u00f3 que la unidad construir\u00e1 un futuro mejor.<\/p>\n\n\n\n<p>\u201cDebemos superar obst\u00e1culos significativos. Es hora de que juntos como pueblo, como naci\u00f3n, los enfrentemos con determinaci\u00f3n\u201d enfatiz\u00f3 Ar\u00e9valo<\/p>\n\n\n\n<p>El presidente Ar\u00e9valo salud\u00f3 al pueblo marcando el inicio de un nuevo cap\u00edtulo en la historia guatemalteca.<\/p>\n\n\n\n<p>Necesitamos avanzar y mi gobierno se compromete a emprender un camino hacia el progreso.<\/p>\n\n\n\n<p>Los desaf\u00edos son grandes, pero las expectativas y la determinaci\u00f3n del liderazgo apuntan hacia un futuro prometedor indic\u00f3 finalmente<\/p>\n\n\n\n<p>Texto: Lincy Rodr\u00edguez<\/p>\n\n\n\n<p><a href=\"https:\/\/www.facebook.com\/hashtag\/transmisi%C3%B3ndemandogt?__eep__=6&amp;__cft__[0]=AZVENX9tW6tKlRrpw3Y7h-PKZaZw9Nis1hwArP6iiWHPQOL8h1BQSqpqwHczdNciktUkulgtXvU8mkTaMNYrOoOY_0y8oeH2mfRHlCIdP0DpOhf_iXQhSDCTeajCM673ikIegvab5pGU-8F1tMIV2psxnKt6st6usHXvPnFatyyo3fynguqFjuus0SW59GI6IRA&amp;__tn__=*NK-R\">#transmisi\u00f3ndemandogt<\/a><a href=\"https:\/\/www.facebook.com\/hashtag\/metroredes?__eep__=6&amp;__cft__[0]=AZVENX9tW6tKlRrpw3Y7h-PKZaZw9Nis1hwArP6iiWHPQOL8h1BQSqpqwHczdNciktUkulgtXvU8mkTaMNYrOoOY_0y8oeH2mfRHlCIdP0DpOhf_iXQhSDCTeajCM673ikIegvab5pGU-8F1tMIV2psxnKt6st6usHXvPnFatyyo3fynguqFjuus0SW59GI6IRA&amp;__tn__=*NK-R\">#metroredes<\/a><\/p>\n\n\n\n<p><a href=\"http:\/\/www.elmetropolitano.com.gt\/?fbclid=IwAR3ARpUPrk2So5eQBPOItWp0tQyHBRSwAP25jn2V-A5Ubg-zxza0f-WFJUU\" rel=\"noreferrer noopener\" target=\"_blank\">Www.elmetropolitano.com.gt<\/a><\/p>\n\n\n\n<p><a href=\"https:\/\/l.facebook.com\/l.php?u=http%3A%2F%2FWww.metroredes.com%2F%3Ffbclid%3DIwAR1qxwF9ngy4P1toLWoFwmAeCg6E_GlZcXbftS7-UXNKba88u3MntIWoA8M&amp;h=AT0Yx2Qor8Pj5GtU1krZM3Gu6qjMtURoj74JuUak24BQhLi6JFO1fU5LssUUc-HfO6jc0uBCQOGHI0kWfWM7AqU1-89Ztdm-7MxNhx8Cj8iM84kcSBBgNnpW_H3p9xADrzVi&amp;__tn__=-UK-R&amp;c[0]=AT2XmqbTJqs_PlM0LnqYvmkAT_7Vp06Mf68Tv6ppmMYKaqtez7A57znnhgkwK7B57hSNri2YlMy4somp9fu-_vrBBZk8vCDPccTLkn77VfE1Gm9Ffk_jR_9RBevITDQjthRlmbZU_Qodu5F6GdW3zh54Le7-DQBNm95wdc9FyStgBhJMSmcTur1ztlJMViRQIFWLPz5YrGeF\" rel=\"noreferrer noopener\" target=\"_blank\">Www.metroredes.com<\/a><\/p>\n\n\n\n<p><a rel=\"noreferrer noopener\" href=\"https:\/\/l.facebook.com\/l.php?u=http%3A%2F%2FWww.elescuntleco.com%2F%3Ffbclid%3DIwAR1G8GDGj3_6FYoop8m5Yr7SUkhXtML5zACJE7MhFmeTB2SjSzF9TVeboQo&amp;h=AT13A_ONtzt5QYiEmduX-DE8I5FU927KxA3ri-hLdk9wyBwurioqOoa0EhWxs8UitFnXxk45XENsPIzkDesD7djedzRPd85VDgYcVI_rmo23XzxxdtrmhCUBbQE7k4ybPeEb&amp;__tn__=-UK-R&amp;c[0]=AT2XmqbTJqs_PlM0LnqYvmkAT_7Vp06Mf68Tv6ppmMYKaqtez7A57znnhgkwK7B57hSNri2YlMy4somp9fu-_vrBBZk8vCDPccTLkn77VfE1Gm9Ffk_jR_9RBevITDQjthRlmbZU_Qodu5F6GdW3zh54Le7-DQBNm95wdc9FyStgBhJMSmcTur1ztlJMViRQIFWLPz5YrGeF\" target=\"_blank\">Www.elescuntleco.com<\/a><\/p>\n\n\n\n<figure class=\"wp-block-gallery has-nested-images columns-default is-cropped wp-block-gallery-1 is-layout-flex wp-block-gallery-is-layout-flex\">\n<figure class=\"wp-block-image size-large\"><img loading=\"lazy\" decoding=\"async\" width=\"1024\" height=\"683\" data-id=\"76670\" src=\"https:\/\/elmetropolitano.com.gt\/es\/wp-content\/uploads\/2024\/01\/418523914_860812906044794_5801736440697253998_n-1024x683.jpg\" alt=\"\" class=\"wp-image-76670\" srcset=\"https:\/\/elmetropolitano.com.gt\/es\/wp-content\/uploads\/2024\/01\/418523914_860812906044794_5801736440697253998_n-1024x683.jpg 1024w, https:\/\/elmetropolitano.com.gt\/es\/wp-content\/uploads\/2024\/01\/418523914_860812906044794_5801736440697253998_n-300x200.jpg 300w, https:\/\/elmetropolitano.com.gt\/es\/wp-content\/uploads\/2024\/01\/418523914_860812906044794_5801736440697253998_n-768x512.jpg 768w, https:\/\/elmetropolitano.com.gt\/es\/wp-content\/uploads\/2024\/01\/418523914_860812906044794_5801736440697253998_n-600x400.jpg 600w, https:\/\/elmetropolitano.com.gt\/es\/wp-content\/uploads\/2024\/01\/418523914_860812906044794_5801736440697253998_n.jpg 1440w\" sizes=\"auto, (max-width: 1024px) 100vw, 1024px\" \/><\/figure>\n\n\n\n<figure class=\"wp-block-image size-large\"><img loading=\"lazy\" decoding=\"async\" width=\"1024\" height=\"682\" data-id=\"76669\" src=\"https:\/\/elmetropolitano.com.gt\/es\/wp-content\/uploads\/2024\/01\/419707392_860813232711428_3226709481060170193_n-1024x682.jpg\" alt=\"\" class=\"wp-image-76669\" srcset=\"https:\/\/elmetropolitano.com.gt\/es\/wp-content\/uploads\/2024\/01\/419707392_860813232711428_3226709481060170193_n-1024x682.jpg 1024w, https:\/\/elmetropolitano.com.gt\/es\/wp-content\/uploads\/2024\/01\/419707392_860813232711428_3226709481060170193_n-300x200.jpg 300w, https:\/\/elmetropolitano.com.gt\/es\/wp-content\/uploads\/2024\/01\/419707392_860813232711428_3226709481060170193_n-768x512.jpg 768w, https:\/\/elmetropolitano.com.gt\/es\/wp-content\/uploads\/2024\/01\/419707392_860813232711428_3226709481060170193_n-600x400.jpg 600w, https:\/\/elmetropolitano.com.gt\/es\/wp-content\/uploads\/2024\/01\/419707392_860813232711428_3226709481060170193_n.jpg 1286w\" sizes=\"auto, (max-width: 1024px) 100vw, 1024px\" \/><\/figure>\n\n\n\n<figure class=\"wp-block-image size-large\"><img loading=\"lazy\" decoding=\"async\" width=\"1024\" height=\"682\" data-id=\"76671\" src=\"https:\/\/elmetropolitano.com.gt\/es\/wp-content\/uploads\/2024\/01\/419721319_860813206044764_5612509893209196309_n-1024x682.jpg\" alt=\"\" class=\"wp-image-76671\" srcset=\"https:\/\/elmetropolitano.com.gt\/es\/wp-content\/uploads\/2024\/01\/419721319_860813206044764_5612509893209196309_n-1024x682.jpg 1024w, https:\/\/elmetropolitano.com.gt\/es\/wp-content\/uploads\/2024\/01\/419721319_860813206044764_5612509893209196309_n-300x200.jpg 300w, https:\/\/elmetropolitano.com.gt\/es\/wp-content\/uploads\/2024\/01\/419721319_860813206044764_5612509893209196309_n-768x512.jpg 768w, https:\/\/elmetropolitano.com.gt\/es\/wp-content\/uploads\/2024\/01\/419721319_860813206044764_5612509893209196309_n-600x400.jpg 600w, https:\/\/elmetropolitano.com.gt\/es\/wp-content\/uploads\/2024\/01\/419721319_860813206044764_5612509893209196309_n.jpg 1286w\" sizes=\"auto, (max-width: 1024px) 100vw, 1024px\" \/><\/figure>\n\n\n\n<figure class=\"wp-block-image size-large\"><img loading=\"lazy\" decoding=\"async\" width=\"1024\" height=\"682\" data-id=\"76672\" src=\"https:\/\/elmetropolitano.com.gt\/es\/wp-content\/uploads\/2024\/01\/419734293_860813412711410_8310020725915547369_n-1024x682.jpg\" alt=\"\" class=\"wp-image-76672\" srcset=\"https:\/\/elmetropolitano.com.gt\/es\/wp-content\/uploads\/2024\/01\/419734293_860813412711410_8310020725915547369_n-1024x682.jpg 1024w, https:\/\/elmetropolitano.com.gt\/es\/wp-content\/uploads\/2024\/01\/419734293_860813412711410_8310020725915547369_n-300x200.jpg 300w, https:\/\/elmetropolitano.com.gt\/es\/wp-content\/uploads\/2024\/01\/419734293_860813412711410_8310020725915547369_n-768x512.jpg 768w, https:\/\/elmetropolitano.com.gt\/es\/wp-content\/uploads\/2024\/01\/419734293_860813412711410_8310020725915547369_n-600x400.jpg 600w, https:\/\/elmetropolitano.com.gt\/es\/wp-content\/uploads\/2024\/01\/419734293_860813412711410_8310020725915547369_n.jpg 1208w\" sizes=\"auto, (max-width: 1024px) 100vw, 1024px\" \/><\/figure>\n<\/figure>\n","protected":false},"excerpt":{"rendered":"<p>Bernardo Ar\u00e9valo ha asumido la Presidencia de la Rep\u00fablica, marcando un nuevo cap\u00edtulo en la historia del pa\u00eds. Acompa\u00f1ado de la vicepresidente constitucional, Karin Herrera, el mandatario sali\u00f3 al balc\u00f3n presidencial del Palacio Nacional de la Cultura para dirigir sus primeras palabras al pueblo. Con el Palacio iluminado por pirotecnia, el binomio presidencial sali\u00f3 al <a class=\"read-more\" href=\"https:\/\/elmetropolitano.com.gt\/es\/bernardo-arevalo-y-karin-herrera-saludan-al-pueblo-de-guatemala\/\">Leer m\u00e1s<\/a><\/p>\n","protected":false},"author":1,"featured_media":76668,"comment_status":"open","ping_status":"closed","sticky":false,"template":"","format":"standard","meta":{"footnotes":""},"categories":[2],"tags":[12],"class_list":["post-76667","post","type-post","status-publish","format-standard","has-post-thumbnail","hentry","category-nacionales","tag-nacionales"],"_links":{"self":[{"href":"https:\/\/elmetropolitano.com.gt\/es\/wp-json\/wp\/v2\/posts\/76667","targetHints":{"allow":["GET"]}}],"collection":[{"href":"https:\/\/elmetropolitano.com.gt\/es\/wp-json\/wp\/v2\/posts"}],"about":[{"href":"https:\/\/elmetropolitano.com.gt\/es\/wp-json\/wp\/v2\/types\/post"}],"author":[{"embeddable":true,"href":"https:\/\/elmetropolitano.com.gt\/es\/wp-json\/wp\/v2\/users\/1"}],"replies":[{"embeddable":true,"href":"https:\/\/elmetropolitano.com.gt\/es\/wp-json\/wp\/v2\/comments?post=76667"}],"version-history":[{"count":1,"href":"https:\/\/elmetropolitano.com.gt\/es\/wp-json\/wp\/v2\/posts\/76667\/revisions"}],"predecessor-version":[{"id":76673,"href":"https:\/\/elmetropolitano.com.gt\/es\/wp-json\/wp\/v2\/posts\/76667\/revisions\/76673"}],"wp:featuredmedia":[{"embeddable":true,"href":"https:\/\/elmetropolitano.com.gt\/es\/wp-json\/wp\/v2\/media\/76668"}],"wp:attachment":[{"href":"https:\/\/elmetropolitano.com.gt\/es\/wp-json\/wp\/v2\/media?parent=76667"}],"wp:term":[{"taxonomy":"category","embeddable":true,"href":"https:\/\/elmetropolitano.com.gt\/es\/wp-json\/wp\/v2\/categories?post=76667"},{"taxonomy":"post_tag","embeddable":true,"href":"https:\/\/elmetropolitano.com.gt\/es\/wp-json\/wp\/v2\/tags?post=76667"}],"curies":[{"name":"wp","href":"https:\/\/api.w.org\/{rel}","templated":true}]}}