{"id":76674,"date":"2024-01-15T13:24:45","date_gmt":"2024-01-15T19:24:45","guid":{"rendered":"https:\/\/elmetropolitano.com.gt\/es\/?p=76674"},"modified":"2024-01-15T13:24:46","modified_gmt":"2024-01-15T19:24:46","slug":"pueblos-indigenas-reciben-saludo-del-binomio-presidencial-de-que-llego-al-mp","status":"publish","type":"post","link":"https:\/\/elmetropolitano.com.gt\/es\/pueblos-indigenas-reciben-saludo-del-binomio-presidencial-de-que-llego-al-mp\/","title":{"rendered":"Pueblos ind\u00edgenas reciben saludo del binomio presidencial de que lleg\u00f3 al MP"},"content":{"rendered":"\n<p>Cerca de las dos de la ma\u00f1ana de este 15 de enero, y luego de una larga jornada, el ahora presidente de la Rep\u00fablica de Guatemala, Bernardo Ar\u00e9valo, asisti\u00f3 a las instalaciones del Ministerio P\u00fablico para saludar a los pueblos ind\u00edgenas que demostraron su solidaridad desde ese lugar.<\/p>\n\n\n\n<p>Junto a la vicepresidenta, Karin Herrera, agradeci\u00f3 a los simpatizantes que desde tempranas horas del 14 de enero <a><\/a>esperaron para saludarlo.<\/p><div class=\"elmet-contenido\" id=\"elmet-1499386893\"><div class=\"elmet-adlabel\">Anuncios<\/div><div style=\"margin-top: 20px;margin-right: 20px;margin-bottom: 20px;margin-left: 20px;\" id=\"elmet-291383550\"><a href=\"https:\/\/www.facebook.com\/arrincuanantigua\/\" aria-label=\"cintillo-arrin-cual\"><img loading=\"lazy\" decoding=\"async\" src=\"https:\/\/elmetropolitano.com.gt\/es\/wp-content\/uploads\/2021\/11\/cintillo-arrin-cual-1.jpg\" alt=\"\"  srcset=\"https:\/\/elmetropolitano.com.gt\/es\/wp-content\/uploads\/2021\/11\/cintillo-arrin-cual-1.jpg 750w, https:\/\/elmetropolitano.com.gt\/es\/wp-content\/uploads\/2021\/11\/cintillo-arrin-cual-1-300x36.jpg 300w, https:\/\/elmetropolitano.com.gt\/es\/wp-content\/uploads\/2021\/11\/cintillo-arrin-cual-1-600x72.jpg 600w\" sizes=\"(max-width: 750px) 100vw, 750px\" width=\"750\" height=\"90\"   \/><\/a><\/div><\/div>\n\n\n\n<p>En el acto, el binomio presidencial salud\u00f3 a los representantes de los 48 cantones, quienes con alegr\u00eda agradecieron por el compromiso adquirido por las autoridades. Ante esto, el Presidente se dirigi\u00f3 a los presentes y dijo que, gracias a ellos y su liderazgo, el pa\u00eds le est\u00e1 dando una lecci\u00f3n democr\u00e1tica al mundo.<\/p>\n\n\n\n<p>\u201cEl liderazgo ind\u00edgena ha permitido que Guatemala le est\u00e9 dado una lecci\u00f3n al mundo. Una democracia que es salvada por su pueblo. Gracias a esta resistencia que ustedes han liderado\u201d indic\u00f3 Ar\u00e9valo<\/p>\n\n\n\n<p>Agreg\u00f3 que esta es muestra de sus ganas por atender las necesidades de los pueblos ancestrales, adem\u00e1s de que pretende crear unidad para rescatar la democracia del pa\u00eds.<\/p>\n\n\n\n<p>Nuestro primer acto como autoridades electas ha sido venir a decirles, al liderazgo ancestral, muchas gracias. Gracias en nombre del pueblo de Guatemala, en nombre de las generaciones futuras. El pueblo de Guatemala logr\u00f3 rescatar la primavera.<\/p>\n\n\n\n<p>Pueblos agradecidos<\/p>\n\n\n\n<p>Los representantes de los cuatro pueblos enfatizaron que esta visita significa mucho para ellos. Como muestra de agradecimiento, hicieron la entrega de un presente a los gobernantes. Se trat\u00f3 de un abrigo de los 48 cantones al Presidente y un rebozo a la Vicepresidenta. El representante de Solol\u00e1 expres\u00f3 unas palabras a los funcionarios.<\/p>\n\n\n\n<p>Queremos entregarle una chumpa de los 48 cantones, y un rebozo, para que tengan el recuerdo de qui\u00e9nes lucharon por ustedes.<\/p>\n\n\n\n<p>Los integrantes de los diferentes pueblos ind\u00edgenas pidieron el respaldo de los gobernantes para velar por que se cumplan sus derechos. Asimismo, hicieron menci\u00f3n de la importancia de que esta administraci\u00f3n cree acciones para la defensa de la voluntad del pueblo.<\/p>\n\n\n\n<p>Texto Yuliza Mu\u00f1oz<\/p>\n\n\n\n<p><a href=\"https:\/\/www.facebook.com\/hashtag\/transmisi%C3%B3ndemandogt?__eep__=6&amp;__cft__[0]=AZUWs9mTpSBkQbYkRJ6g6PQaBWPZak1LtrK1GALpMUqWeRQwyRtD0t7rnMj3xdUMjLkSSA-Txh_Q5Te5ZzBuMb_hZkC5GPIYyqOM6fC3-JWjNS1U8gU7-ERk34Ncpam7NVaZKC93m_nIMfTbX69ECZX7mJ82kqxcphkV4rNnUp9mMCgPEZI-0Tn2uKF_Ojw-3ks&amp;__tn__=*NK-R\">#transmisi\u00f3ndemandogt<\/a><a href=\"https:\/\/www.facebook.com\/hashtag\/metroredes?__eep__=6&amp;__cft__[0]=AZUWs9mTpSBkQbYkRJ6g6PQaBWPZak1LtrK1GALpMUqWeRQwyRtD0t7rnMj3xdUMjLkSSA-Txh_Q5Te5ZzBuMb_hZkC5GPIYyqOM6fC3-JWjNS1U8gU7-ERk34Ncpam7NVaZKC93m_nIMfTbX69ECZX7mJ82kqxcphkV4rNnUp9mMCgPEZI-0Tn2uKF_Ojw-3ks&amp;__tn__=*NK-R\">#metroredes<\/a><\/p>\n\n\n\n<figure class=\"wp-block-gallery has-nested-images columns-default is-cropped wp-block-gallery-1 is-layout-flex wp-block-gallery-is-layout-flex\">\n<figure class=\"wp-block-image size-large\"><img loading=\"lazy\" decoding=\"async\" width=\"679\" height=\"409\" data-id=\"76677\" src=\"https:\/\/elmetropolitano.com.gt\/es\/wp-content\/uploads\/2024\/01\/419712446_860826652710086_7314025034768351840_n.jpg\" alt=\"\" class=\"wp-image-76677\" srcset=\"https:\/\/elmetropolitano.com.gt\/es\/wp-content\/uploads\/2024\/01\/419712446_860826652710086_7314025034768351840_n.jpg 679w, https:\/\/elmetropolitano.com.gt\/es\/wp-content\/uploads\/2024\/01\/419712446_860826652710086_7314025034768351840_n-300x181.jpg 300w, https:\/\/elmetropolitano.com.gt\/es\/wp-content\/uploads\/2024\/01\/419712446_860826652710086_7314025034768351840_n-600x361.jpg 600w\" sizes=\"auto, (max-width: 679px) 100vw, 679px\" \/><\/figure>\n\n\n\n<figure class=\"wp-block-image size-large\"><img loading=\"lazy\" decoding=\"async\" width=\"360\" height=\"253\" data-id=\"76676\" src=\"https:\/\/elmetropolitano.com.gt\/es\/wp-content\/uploads\/2024\/01\/419719547_860826662710085_6568429501630442901_n.jpg\" alt=\"\" class=\"wp-image-76676\" srcset=\"https:\/\/elmetropolitano.com.gt\/es\/wp-content\/uploads\/2024\/01\/419719547_860826662710085_6568429501630442901_n.jpg 360w, https:\/\/elmetropolitano.com.gt\/es\/wp-content\/uploads\/2024\/01\/419719547_860826662710085_6568429501630442901_n-300x211.jpg 300w\" sizes=\"auto, (max-width: 360px) 100vw, 360px\" \/><\/figure>\n<\/figure>\n","protected":false},"excerpt":{"rendered":"<p>Cerca de las dos de la ma\u00f1ana de este 15 de enero, y luego de una larga jornada, el ahora presidente de la Rep\u00fablica de Guatemala, Bernardo Ar\u00e9valo, asisti\u00f3 a las instalaciones del Ministerio P\u00fablico para saludar a los pueblos ind\u00edgenas que demostraron su solidaridad desde ese lugar. Junto a la vicepresidenta, Karin Herrera, agradeci\u00f3 <a class=\"read-more\" href=\"https:\/\/elmetropolitano.com.gt\/es\/pueblos-indigenas-reciben-saludo-del-binomio-presidencial-de-que-llego-al-mp\/\">Leer m\u00e1s<\/a><\/p>\n","protected":false},"author":1,"featured_media":76675,"comment_status":"open","ping_status":"closed","sticky":false,"template":"","format":"standard","meta":{"footnotes":""},"categories":[2],"tags":[12],"class_list":["post-76674","post","type-post","status-publish","format-standard","has-post-thumbnail","hentry","category-nacionales","tag-nacionales"],"_links":{"self":[{"href":"https:\/\/elmetropolitano.com.gt\/es\/wp-json\/wp\/v2\/posts\/76674","targetHints":{"allow":["GET"]}}],"collection":[{"href":"https:\/\/elmetropolitano.com.gt\/es\/wp-json\/wp\/v2\/posts"}],"about":[{"href":"https:\/\/elmetropolitano.com.gt\/es\/wp-json\/wp\/v2\/types\/post"}],"author":[{"embeddable":true,"href":"https:\/\/elmetropolitano.com.gt\/es\/wp-json\/wp\/v2\/users\/1"}],"replies":[{"embeddable":true,"href":"https:\/\/elmetropolitano.com.gt\/es\/wp-json\/wp\/v2\/comments?post=76674"}],"version-history":[{"count":1,"href":"https:\/\/elmetropolitano.com.gt\/es\/wp-json\/wp\/v2\/posts\/76674\/revisions"}],"predecessor-version":[{"id":76678,"href":"https:\/\/elmetropolitano.com.gt\/es\/wp-json\/wp\/v2\/posts\/76674\/revisions\/76678"}],"wp:featuredmedia":[{"embeddable":true,"href":"https:\/\/elmetropolitano.com.gt\/es\/wp-json\/wp\/v2\/media\/76675"}],"wp:attachment":[{"href":"https:\/\/elmetropolitano.com.gt\/es\/wp-json\/wp\/v2\/media?parent=76674"}],"wp:term":[{"taxonomy":"category","embeddable":true,"href":"https:\/\/elmetropolitano.com.gt\/es\/wp-json\/wp\/v2\/categories?post=76674"},{"taxonomy":"post_tag","embeddable":true,"href":"https:\/\/elmetropolitano.com.gt\/es\/wp-json\/wp\/v2\/tags?post=76674"}],"curies":[{"name":"wp","href":"https:\/\/api.w.org\/{rel}","templated":true}]}}