{"id":76710,"date":"2024-01-15T23:12:54","date_gmt":"2024-01-16T05:12:54","guid":{"rendered":"https:\/\/elmetropolitano.com.gt\/es\/?p=76710"},"modified":"2024-01-15T23:12:55","modified_gmt":"2024-01-16T05:12:55","slug":"ministro-de-gobernacion-francisco-jimenez-presento-su-equipo-de-trabajo","status":"publish","type":"post","link":"https:\/\/elmetropolitano.com.gt\/es\/ministro-de-gobernacion-francisco-jimenez-presento-su-equipo-de-trabajo\/","title":{"rendered":"Ministro de Gobernaci\u00f3n Francisco Jim\u00e9nez presento su equipo de trabajo"},"content":{"rendered":"\n<p>Con la toma de posesi\u00f3n de Bernardo Ar\u00e9valo y Karin Herrera como presidente y vicepresidenta de la Rep\u00fablica, respectivamente, se oficializ\u00f3 el traspaso de mando de las m\u00e1ximas autoridades del Ministerio de Gobernaci\u00f3n (Mingob).<\/p>\n\n\n\n<p>En ese sentido, el titular del Mingob, Francisco Jim\u00e9nez, present\u00f3 a los viceministros que lo acompa\u00f1ar\u00e1n en su gesti\u00f3n administrativa 2024-2028.<\/p><div class=\"elmet-contenido\" id=\"elmet-3071932750\"><div class=\"elmet-adlabel\">Anuncios<\/div><div style=\"margin-top: 20px;margin-right: 20px;margin-bottom: 20px;margin-left: 20px;\" id=\"elmet-884821517\"><a href=\"https:\/\/www.facebook.com\/arrincuanantigua\/\" aria-label=\"cintillo-arrin-cual\"><img loading=\"lazy\" decoding=\"async\" src=\"https:\/\/elmetropolitano.com.gt\/es\/wp-content\/uploads\/2021\/11\/cintillo-arrin-cual-1.jpg\" alt=\"\"  srcset=\"https:\/\/elmetropolitano.com.gt\/es\/wp-content\/uploads\/2021\/11\/cintillo-arrin-cual-1.jpg 750w, https:\/\/elmetropolitano.com.gt\/es\/wp-content\/uploads\/2021\/11\/cintillo-arrin-cual-1-300x36.jpg 300w, https:\/\/elmetropolitano.com.gt\/es\/wp-content\/uploads\/2021\/11\/cintillo-arrin-cual-1-600x72.jpg 600w\" sizes=\"(max-width: 750px) 100vw, 750px\" width=\"750\" height=\"90\"   \/><\/a><\/div><\/div>\n\n\n\n<p><a><\/a>-Claudia Palencia, primera viceministra de seguridad<\/p>\n\n\n\n<p>-Felipe S\u00e1nchez, segundo viceministro administrativo<\/p>\n\n\n\n<p>-William Cameros, cuarto viceministro de las tecnolog\u00edas<\/p>\n\n\n\n<p>-Werner Ovalle, quinto viceministro de antinarc\u00f3ticos<\/p>\n\n\n\n<p>\u201cEsta convocatoria es para dar el banderazo de salida del trabajo y de los compromisos que el nuevo gobierno ha hecho a la poblaci\u00f3n en diferentes temas que competen al desarrollo de las tareas espec\u00edficas que tienen que ver con los 100 d\u00edas\u201d expres\u00f3 el ministro Jim\u00e9nez<\/p>\n\n\n\n<p>Para ello, reiter\u00f3 el compromiso de las tareas que le ha asignado el presidente Bernardo Ar\u00e9valo y cumplir con esas propuestas referentes a temas de seguridad.<\/p>\n\n\n\n<p>Hay una acci\u00f3n coordinada entre la perspectiva del programa de gobierno y las acciones que pondremos en marcha en el Ministerio de Gobernaci\u00f3n.<\/p>\n\n\n\n<p>Finalmente, reiter\u00f3 el compromiso de la cero tolerancia a la corrupci\u00f3n, seguridad enfocada en derechos humanos y la maximizaci\u00f3n de los recursos de la entidad.<\/p>\n\n\n\n<p>La juramentaci\u00f3n<\/p>\n\n\n\n<p>La madrugada de este lunes 15, el presidente Ar\u00e9valo jurament\u00f3 a Francisco Jim\u00e9nez como ministro de Gobernaci\u00f3n, en un acto realizado en el Sal\u00f3n de Recepciones del Palacio Nacional de la Cultura ante la presencia de mandatarios de otros pa\u00edses, representantes de organismos internacionales y miembros del cuerpo diplom\u00e1tico acreditado en el pa\u00eds.<\/p>\n\n\n\n<p>Junto con Jim\u00e9nez, fueron nombrados otros 13 ministros de Estado, as\u00ed como titulares de secretar\u00edas y otras instituciones del Gobierno.<\/p>\n\n\n\n<p>El nuevo jefe del Mingob se destaca por su experiencia en inteligencia civil para el combate del crimen. As\u00ed como gesti\u00f3n de conflictos sociales, seguridad ciudadana y construcci\u00f3n de la paz. Adem\u00e1s, ha sido asesor de organizaciones internacionales en temas de seguridad.<\/p>\n\n\n\n<p>Tambi\u00e9n, el funcionario cuenta con la Licenciatura en Filosof\u00eda de la Universidad de San Carlos de Guatemala (USAC) y ha obtenido tanto la licenciatura como un doctorado en Filosof\u00eda de la Pontificia Universita Gregoriana en Italia.<\/p>\n\n\n\n<p>Texto: Julio Morales<\/p>\n\n\n\n<p><\/p>\n","protected":false},"excerpt":{"rendered":"<p>Con la toma de posesi\u00f3n de Bernardo Ar\u00e9valo y Karin Herrera como presidente y vicepresidenta de la Rep\u00fablica, respectivamente, se oficializ\u00f3 el traspaso de mando de las m\u00e1ximas autoridades del Ministerio de Gobernaci\u00f3n (Mingob). En ese sentido, el titular del Mingob, Francisco Jim\u00e9nez, present\u00f3 a los viceministros que lo acompa\u00f1ar\u00e1n en su gesti\u00f3n administrativa 2024-2028. <a class=\"read-more\" href=\"https:\/\/elmetropolitano.com.gt\/es\/ministro-de-gobernacion-francisco-jimenez-presento-su-equipo-de-trabajo\/\">Leer m\u00e1s<\/a><\/p>\n","protected":false},"author":1,"featured_media":76711,"comment_status":"open","ping_status":"closed","sticky":false,"template":"","format":"standard","meta":{"footnotes":""},"categories":[2],"tags":[12],"class_list":["post-76710","post","type-post","status-publish","format-standard","has-post-thumbnail","hentry","category-nacionales","tag-nacionales"],"_links":{"self":[{"href":"https:\/\/elmetropolitano.com.gt\/es\/wp-json\/wp\/v2\/posts\/76710","targetHints":{"allow":["GET"]}}],"collection":[{"href":"https:\/\/elmetropolitano.com.gt\/es\/wp-json\/wp\/v2\/posts"}],"about":[{"href":"https:\/\/elmetropolitano.com.gt\/es\/wp-json\/wp\/v2\/types\/post"}],"author":[{"embeddable":true,"href":"https:\/\/elmetropolitano.com.gt\/es\/wp-json\/wp\/v2\/users\/1"}],"replies":[{"embeddable":true,"href":"https:\/\/elmetropolitano.com.gt\/es\/wp-json\/wp\/v2\/comments?post=76710"}],"version-history":[{"count":1,"href":"https:\/\/elmetropolitano.com.gt\/es\/wp-json\/wp\/v2\/posts\/76710\/revisions"}],"predecessor-version":[{"id":76712,"href":"https:\/\/elmetropolitano.com.gt\/es\/wp-json\/wp\/v2\/posts\/76710\/revisions\/76712"}],"wp:featuredmedia":[{"embeddable":true,"href":"https:\/\/elmetropolitano.com.gt\/es\/wp-json\/wp\/v2\/media\/76711"}],"wp:attachment":[{"href":"https:\/\/elmetropolitano.com.gt\/es\/wp-json\/wp\/v2\/media?parent=76710"}],"wp:term":[{"taxonomy":"category","embeddable":true,"href":"https:\/\/elmetropolitano.com.gt\/es\/wp-json\/wp\/v2\/categories?post=76710"},{"taxonomy":"post_tag","embeddable":true,"href":"https:\/\/elmetropolitano.com.gt\/es\/wp-json\/wp\/v2\/tags?post=76710"}],"curies":[{"name":"wp","href":"https:\/\/api.w.org\/{rel}","templated":true}]}}