{"id":76809,"date":"2024-01-20T10:31:15","date_gmt":"2024-01-20T16:31:15","guid":{"rendered":"https:\/\/elmetropolitano.com.gt\/es\/?p=76809"},"modified":"2024-01-20T10:31:16","modified_gmt":"2024-01-20T16:31:16","slug":"el-inter-miami-inicia-pretemporada-con-sabor-agridulce-en-el-salvador","status":"publish","type":"post","link":"https:\/\/elmetropolitano.com.gt\/es\/el-inter-miami-inicia-pretemporada-con-sabor-agridulce-en-el-salvador\/","title":{"rendered":"El Inter Miami inicia pretemporada con sabor agridulce en el Salvador"},"content":{"rendered":"\n<p>El Inter Miami oficialmente ha iniciado su pretemporada, luego de empatar sin goles ante una selecci\u00f3n de El Salvador, que durante la primera parte no mostr\u00f3 su mejor versi\u00f3n.<\/p>\n\n\n\n<p>Los <a><\/a>norteamericanos disputaron el primero de siete encuentros, que estar\u00e1n disputando durante esta pretemporada, la cual estar\u00e1 dividida en cinco pa\u00edses distintos.<\/p><div class=\"elmet-contenido\" id=\"elmet-1765912395\"><div class=\"elmet-adlabel\">Anuncios<\/div><div style=\"margin-top: 20px;margin-right: 20px;margin-bottom: 20px;margin-left: 20px;\" id=\"elmet-1474901765\"><a href=\"https:\/\/www.facebook.com\/arrincuanantigua\/\" aria-label=\"cintillo-arrin-cual\"><img loading=\"lazy\" decoding=\"async\" src=\"https:\/\/elmetropolitano.com.gt\/es\/wp-content\/uploads\/2021\/11\/cintillo-arrin-cual-1.jpg\" alt=\"\"  srcset=\"https:\/\/elmetropolitano.com.gt\/es\/wp-content\/uploads\/2021\/11\/cintillo-arrin-cual-1.jpg 750w, https:\/\/elmetropolitano.com.gt\/es\/wp-content\/uploads\/2021\/11\/cintillo-arrin-cual-1-300x36.jpg 300w, https:\/\/elmetropolitano.com.gt\/es\/wp-content\/uploads\/2021\/11\/cintillo-arrin-cual-1-600x72.jpg 600w\" sizes=\"(max-width: 750px) 100vw, 750px\" width=\"750\" height=\"90\"   \/><\/a><\/div><\/div>\n\n\n\n<p>De esta manera, los dirigidos por el t\u00e9cnico argentino, Gerardo Martino, retomaron actividades ante El Salvador, luego de estar m\u00e1s de dos meses de vacaciones.<\/p>\n\n\n\n<p>Fiesta en el Cuscatl\u00e1n<\/p>\n\n\n\n<p>El Inter Miami nos regal\u00f3 un partido hist\u00f3rico, ya que su primer encuentro de pretemporada se realiz\u00f3 ante una selecci\u00f3n nacional, algo que pocas veces se ha visto en la historia del futbol.<\/p>\n\n\n\n<p>Ante miles de aficionados que se hicieron cita en el estadio Cuscatl\u00e1n, el bal\u00f3n rod\u00f3 luego de un saque honorifico que realiz\u00f3 Jorge \u201cM\u00e1gico\u201d Gonz\u00e1les.<\/p>\n\n\n\n<p>Este encuentro signific\u00f3 el reencuentro entre Luis Su\u00e1rez y Lionel Messi, luego de estar alejados por tres a\u00f1os, tiempo suficiente para que el astro argentino se proclamase como campe\u00f3n del mundo.<\/p>\n\n\n\n<p>Sin tiempo para nada, el Inter Miami se volc\u00f3 en ataque ante una selecci\u00f3n que, a pesar de estar jugando de local, no pod\u00eda frenar a la locomotora de Florida.<\/p>\n\n\n\n<p>A pesar de tener un dominio absoluto en los primeros 45 minutos, el marcador no sufri\u00f3 modificaciones y El Salvador enviaba a Messi y compa\u00f1\u00eda a las duchas con el empate a cero en el resultado.<\/p>\n\n\n\n<p>Durante la segunda mitad, el equipo de la MLS sac\u00f3 a sus estrellas para dar rotaciones. El encuentro bajo su intensidad hasta que el juez central culmin\u00f3 las acciones con un empate a cero, que deja buenas sensaciones en el equipo de las Garzas.<\/p>\n\n\n\n<p>Calendario<\/p>\n\n\n\n<p>De esta manera se estar\u00e1n disputando los encuentros de pretemporada del Inter Miami:<\/p>\n\n\n\n<p>FC Dallas \u2013 22 de enero (Estados Unidos)<\/p>\n\n\n\n<p>Al-Hilal \u2013 29 de enero (Arabia Saudita)<\/p>\n\n\n\n<p>Al-Nassr \u2013 1 de febrero (Arabia Saudita)<\/p>\n\n\n\n<p>Hong Kong Team \u2013 4 de febrero (Hong Kong)<\/p>\n\n\n\n<p>Vissel Kobe \u2013 7 de febrero (Jap\u00f3n)<\/p>\n\n\n\n<p>Newell\u00b4s Old Boys \u2013 15 de febrero (Estados Unidos)<\/p>\n\n\n\n<p>Texto: Josu\u00e9 David Acevedo Rivas<\/p>\n\n\n\n<figure class=\"wp-block-gallery has-nested-images columns-default is-cropped wp-block-gallery-1 is-layout-flex wp-block-gallery-is-layout-flex\">\n<figure class=\"wp-block-image size-large\"><img loading=\"lazy\" decoding=\"async\" width=\"1024\" height=\"682\" data-id=\"76811\" src=\"https:\/\/elmetropolitano.com.gt\/es\/wp-content\/uploads\/2024\/01\/420137687_864258475700237_5821396455108077951_n.jpg\" alt=\"\" class=\"wp-image-76811\" srcset=\"https:\/\/elmetropolitano.com.gt\/es\/wp-content\/uploads\/2024\/01\/420137687_864258475700237_5821396455108077951_n.jpg 1024w, https:\/\/elmetropolitano.com.gt\/es\/wp-content\/uploads\/2024\/01\/420137687_864258475700237_5821396455108077951_n-300x200.jpg 300w, https:\/\/elmetropolitano.com.gt\/es\/wp-content\/uploads\/2024\/01\/420137687_864258475700237_5821396455108077951_n-768x512.jpg 768w, https:\/\/elmetropolitano.com.gt\/es\/wp-content\/uploads\/2024\/01\/420137687_864258475700237_5821396455108077951_n-600x400.jpg 600w\" sizes=\"auto, (max-width: 1024px) 100vw, 1024px\" \/><\/figure>\n\n\n\n<figure class=\"wp-block-image size-large\"><img loading=\"lazy\" decoding=\"async\" width=\"930\" height=\"524\" data-id=\"76812\" src=\"https:\/\/elmetropolitano.com.gt\/es\/wp-content\/uploads\/2024\/01\/420608825_864258002366951_1939437384437179838_n.jpg\" alt=\"\" class=\"wp-image-76812\" srcset=\"https:\/\/elmetropolitano.com.gt\/es\/wp-content\/uploads\/2024\/01\/420608825_864258002366951_1939437384437179838_n.jpg 930w, https:\/\/elmetropolitano.com.gt\/es\/wp-content\/uploads\/2024\/01\/420608825_864258002366951_1939437384437179838_n-300x169.jpg 300w, https:\/\/elmetropolitano.com.gt\/es\/wp-content\/uploads\/2024\/01\/420608825_864258002366951_1939437384437179838_n-768x433.jpg 768w, https:\/\/elmetropolitano.com.gt\/es\/wp-content\/uploads\/2024\/01\/420608825_864258002366951_1939437384437179838_n-600x338.jpg 600w\" sizes=\"auto, (max-width: 930px) 100vw, 930px\" \/><\/figure>\n\n\n\n<figure class=\"wp-block-image size-large\"><img loading=\"lazy\" decoding=\"async\" width=\"1024\" height=\"682\" data-id=\"76814\" src=\"https:\/\/elmetropolitano.com.gt\/es\/wp-content\/uploads\/2024\/01\/420626523_864258169033601_1307996433710702246_n.jpg\" alt=\"\" class=\"wp-image-76814\" srcset=\"https:\/\/elmetropolitano.com.gt\/es\/wp-content\/uploads\/2024\/01\/420626523_864258169033601_1307996433710702246_n.jpg 1024w, https:\/\/elmetropolitano.com.gt\/es\/wp-content\/uploads\/2024\/01\/420626523_864258169033601_1307996433710702246_n-300x200.jpg 300w, https:\/\/elmetropolitano.com.gt\/es\/wp-content\/uploads\/2024\/01\/420626523_864258169033601_1307996433710702246_n-768x512.jpg 768w, https:\/\/elmetropolitano.com.gt\/es\/wp-content\/uploads\/2024\/01\/420626523_864258169033601_1307996433710702246_n-600x400.jpg 600w\" sizes=\"auto, (max-width: 1024px) 100vw, 1024px\" \/><\/figure>\n\n\n\n<figure class=\"wp-block-image size-large\"><img loading=\"lazy\" decoding=\"async\" width=\"1024\" height=\"682\" data-id=\"76813\" src=\"https:\/\/elmetropolitano.com.gt\/es\/wp-content\/uploads\/2024\/01\/420657950_864258485700236_5202604113027603980_n.jpg\" alt=\"\" class=\"wp-image-76813\" srcset=\"https:\/\/elmetropolitano.com.gt\/es\/wp-content\/uploads\/2024\/01\/420657950_864258485700236_5202604113027603980_n.jpg 1024w, https:\/\/elmetropolitano.com.gt\/es\/wp-content\/uploads\/2024\/01\/420657950_864258485700236_5202604113027603980_n-300x200.jpg 300w, https:\/\/elmetropolitano.com.gt\/es\/wp-content\/uploads\/2024\/01\/420657950_864258485700236_5202604113027603980_n-768x512.jpg 768w, https:\/\/elmetropolitano.com.gt\/es\/wp-content\/uploads\/2024\/01\/420657950_864258485700236_5202604113027603980_n-600x400.jpg 600w\" sizes=\"auto, (max-width: 1024px) 100vw, 1024px\" \/><\/figure>\n<\/figure>\n","protected":false},"excerpt":{"rendered":"<p>El Inter Miami oficialmente ha iniciado su pretemporada, luego de empatar sin goles ante una selecci\u00f3n de El Salvador, que durante la primera parte no mostr\u00f3 su mejor versi\u00f3n. Los norteamericanos disputaron el primero de siete encuentros, que estar\u00e1n disputando durante esta pretemporada, la cual estar\u00e1 dividida en cinco pa\u00edses distintos. De esta manera, los <a class=\"read-more\" href=\"https:\/\/elmetropolitano.com.gt\/es\/el-inter-miami-inicia-pretemporada-con-sabor-agridulce-en-el-salvador\/\">Leer m\u00e1s<\/a><\/p>\n","protected":false},"author":1,"featured_media":76810,"comment_status":"open","ping_status":"closed","sticky":false,"template":"","format":"standard","meta":{"footnotes":""},"categories":[43],"tags":[44],"class_list":["post-76809","post","type-post","status-publish","format-standard","has-post-thumbnail","hentry","category-deportes","tag-deportes"],"_links":{"self":[{"href":"https:\/\/elmetropolitano.com.gt\/es\/wp-json\/wp\/v2\/posts\/76809","targetHints":{"allow":["GET"]}}],"collection":[{"href":"https:\/\/elmetropolitano.com.gt\/es\/wp-json\/wp\/v2\/posts"}],"about":[{"href":"https:\/\/elmetropolitano.com.gt\/es\/wp-json\/wp\/v2\/types\/post"}],"author":[{"embeddable":true,"href":"https:\/\/elmetropolitano.com.gt\/es\/wp-json\/wp\/v2\/users\/1"}],"replies":[{"embeddable":true,"href":"https:\/\/elmetropolitano.com.gt\/es\/wp-json\/wp\/v2\/comments?post=76809"}],"version-history":[{"count":1,"href":"https:\/\/elmetropolitano.com.gt\/es\/wp-json\/wp\/v2\/posts\/76809\/revisions"}],"predecessor-version":[{"id":76815,"href":"https:\/\/elmetropolitano.com.gt\/es\/wp-json\/wp\/v2\/posts\/76809\/revisions\/76815"}],"wp:featuredmedia":[{"embeddable":true,"href":"https:\/\/elmetropolitano.com.gt\/es\/wp-json\/wp\/v2\/media\/76810"}],"wp:attachment":[{"href":"https:\/\/elmetropolitano.com.gt\/es\/wp-json\/wp\/v2\/media?parent=76809"}],"wp:term":[{"taxonomy":"category","embeddable":true,"href":"https:\/\/elmetropolitano.com.gt\/es\/wp-json\/wp\/v2\/categories?post=76809"},{"taxonomy":"post_tag","embeddable":true,"href":"https:\/\/elmetropolitano.com.gt\/es\/wp-json\/wp\/v2\/tags?post=76809"}],"curies":[{"name":"wp","href":"https:\/\/api.w.org\/{rel}","templated":true}]}}