{"id":77070,"date":"2024-01-26T19:47:37","date_gmt":"2024-01-27T01:47:37","guid":{"rendered":"https:\/\/elmetropolitano.com.gt\/es\/?p=77070"},"modified":"2024-01-26T19:47:37","modified_gmt":"2024-01-27T01:47:37","slug":"refuerzan-servicios-y-jornadas-de-atencion-en-salud-en-comunidades-de-peten","status":"publish","type":"post","link":"https:\/\/elmetropolitano.com.gt\/es\/refuerzan-servicios-y-jornadas-de-atencion-en-salud-en-comunidades-de-peten\/","title":{"rendered":"Refuerzan servicios y jornadas de atenci\u00f3n en salud en comunidades de Pet\u00e9n"},"content":{"rendered":"<div class=\"x11i5rnm xat24cr x1mh8g0r x1vvkbs xtlvy1s x126k92a\">\n<div dir=\"auto\">Se ha llevado a cabo la adquisici\u00f3n de equipo que permitir\u00e1 fortalecer acciones para el bienestar de la poblaci\u00f3n petenera, especialmente en la lucha contra la desnutrici\u00f3n y la prevenci\u00f3n de muertes maternas neonatales.<\/div>\n<div dir=\"auto\"><\/div>\n<\/div>\n<div class=\"x11i5rnm xat24cr x1mh8g0r x1vvkbs xtlvy1s x126k92a\">\n<div dir=\"auto\">El Ministerio de Salud P\u00fablica y Asistencia Social (MSPAS) reiter\u00f3 el compromiso para que el personal salubrista tenga los insumos indispensables para la asistencia de calidad.<\/div>\n<div dir=\"auto\"><\/div>\n<\/div>\n<div class=\"x11i5rnm xat24cr x1mh8g0r x1vvkbs xtlvy1s x126k92a\">\n<div dir=\"auto\">Los laboratorios de los centros de Salud de Las Pozas y El Naranjo, ya cuentan con equipos de hematolog\u00eda automatizada.<\/div>\n<div dir=\"auto\"><\/div>\n<\/div>\n<div class=\"x11i5rnm xat24cr x1mh8g0r x1vvkbs xtlvy1s x126k92a\">\n<div dir=\"auto\">Autoridades de la Direcci\u00f3n Departamental de Redes Integradas de Servicios de Salud (DDRISS) Pet\u00e9n, \u00c1rea Sur Occidente, destacan que ahora se pueden efectuar ex\u00e1menes de hematolog\u00eda completa. Esto permite dar cumplimiento a las normas de atenci\u00f3n materna infantil para la prevenci\u00f3n de muertes.<\/div>\n<div dir=\"auto\"><\/div>\n<\/div>\n<div class=\"x11i5rnm xat24cr x1mh8g0r x1vvkbs xtlvy1s x126k92a\">\n<div dir=\"auto\">Refuerzan labor<\/div>\n<\/div>\n<div class=\"x11i5rnm xat24cr x1mh8g0r x1vvkbs xtlvy1s x126k92a\">\n<div dir=\"auto\">Para estos servicios de Salud se adquirieron dos equipos de qu\u00edmica sangu\u00ednea semi automatizada, lo que permite reforzar la labor que se lleva a cabo en los laboratorios, con el fin de proveer atenci\u00f3n de calidad.<\/div>\n<div dir=\"auto\"><\/div>\n<\/div>\n<div class=\"x11i5rnm xat24cr x1mh8g0r x1vvkbs xtlvy1s x126k92a\">\n<div dir=\"auto\">Por otra parte, se hizo la compra de 120 Doppler Fetal, para cubrir las necesidades de usuarias embarazadas que viven en lugares de dif\u00edcil acceso.<\/div>\n<div dir=\"auto\"><\/div>\n<\/div>\n<div class=\"x11i5rnm xat24cr x1mh8g0r x1vvkbs xtlvy1s x126k92a\">\n<div dir=\"auto\">De esa cuenta, se podr\u00e1 asistir en la detecci\u00f3n de se\u00f1ales de peligro del feto y as\u00ed tomar decisiones oportunas para la referencia obst\u00e9trica.<\/div>\n<div dir=\"auto\"><\/div>\n<\/div>\n<div class=\"x11i5rnm xat24cr x1mh8g0r x1vvkbs xtlvy1s x126k92a\">\n<div dir=\"auto\">A esto se agrega la compra de un aparato de ultrasonido y una impresora gr\u00e1fica, que ser\u00e1 de beneficio para las futuras madres.<\/div>\n<div dir=\"auto\"><\/div>\n<\/div>\n<div class=\"x11i5rnm xat24cr x1mh8g0r x1vvkbs xtlvy1s x126k92a\">\n<div dir=\"auto\">Acciones contra la desnutrici\u00f3n<\/div>\n<\/div>\n<div class=\"x11i5rnm xat24cr x1mh8g0r x1vvkbs xtlvy1s x126k92a\">\n<div dir=\"auto\">La DDRISS Pet\u00e9n, \u00c1rea Sur Occidente tambi\u00e9n hizo compras para las labores en la protecci\u00f3n de la nutrici\u00f3n de la ni\u00f1ez, estas consisten en:<\/div>\n<div dir=\"auto\"><\/div>\n<\/div>\n<div class=\"x11i5rnm xat24cr x1mh8g0r x1vvkbs xtlvy1s x126k92a\">\n<div dir=\"auto\">50 balanzas salter para asistencia ni\u00f1ez menor de 2 a\u00f1os<\/div>\n<div dir=\"auto\">20 pesas pedi\u00e1tricas, lo que permite atender a ni\u00f1ez menor de 6 meses<\/div>\n<div dir=\"auto\">70 pesas digitales para la atenci\u00f3n de ni\u00f1ez de 5 a\u00f1os y embarazadas.<\/div>\n<div dir=\"auto\"><\/div>\n<div dir=\"auto\">Con este equipamiento el personal salubrista podr\u00e1 seguir avanzando en cada comunidad haciendo visitas en los hogares evaluando las condiciones nutricionales de ni\u00f1as, ni\u00f1os, embarazadas. La finalidad es prevenir la desnutrici\u00f3n cr\u00f3nica y aguda, as\u00ed como la mortalidad materna y neonatal.<\/div>\n<div dir=\"auto\"><\/div>\n<\/div>\n<div class=\"x11i5rnm xat24cr x1mh8g0r x1vvkbs xtlvy1s x126k92a\">\n<div dir=\"auto\">Otras adquisiciones efectuadas se centraron en la adquisici\u00f3n de cinco microscopios. Lo anterior, permite labor de an\u00e1lisis de muestras cl\u00ednicas con alta resoluci\u00f3n y precisi\u00f3n, con la finalidad de contar con diagn\u00f3sticos oportunos y con mejores resultados.<\/div>\n<div dir=\"auto\"><\/div>\n<\/div>\n<div class=\"x11i5rnm xat24cr x1mh8g0r x1vvkbs xtlvy1s x126k92a\">\n<div dir=\"auto\">La compra de una autoclave cil\u00edndrica a vapor tambi\u00e9n contribuir\u00e1 a la esterilizaci\u00f3n del equipo quir\u00fargico que se utiliza en los servicios de Salud y eliminar microorganismos pat\u00f3genos existentes.<\/div>\n<div dir=\"auto\"><\/div>\n<\/div>\n<div class=\"x11i5rnm xat24cr x1mh8g0r x1vvkbs xtlvy1s x126k92a\">\n<div dir=\"auto\">Finalmente, el MSPAS enfatiz\u00f3 que seguir reforzando el primer y segundo nivel de atenci\u00f3n, tomando en cuenta que la labor conjunta que se hace en esta cartera est\u00e1 basada en derechos, dignidad, desarrollo y democracia.<\/div>\n<div dir=\"auto\"><\/div>\n<div dir=\"auto\"><a class=\"x1i10hfl xjbqb8w x6umtig x1b1mbwd xaqea5y xav7gou x9f619 x1ypdohk xt0psk2 xe8uvvx xdj266r x11i5rnm xat24cr x1mh8g0r xexx8yu x4uap5 x18d9i69 xkhd6sd x16tdsg8 x1hl2dhg xggy1nq x1a2a7pz xt0b8zv x1fey0fg xo1l8bm\" tabindex=\"0\" role=\"link\" href=\"https:\/\/www.facebook.com\/hashtag\/metroredes?__eep__=6&amp;__cft__[0]=AZUVoQ4Hk4GfqkXFcy9vU_dhbWyOuIKfREjwyWGHV9JmW9W9ksd4i6tq_QkROpl3s0e_fZ-KP0OVLxNqHJWWRF7C4DohN4pHt8eWE0gUeSuhWKWsNdsY5kP0HBY8lUtG29lHjCe6hdAjWX6dWw5k8EWxvtKS50A_wYlfLgjks_Hh1G3vh6hL4PrWlWkiyeNF9Ro&amp;__tn__=*NK-R\">#metroredes<\/a> <a class=\"x1i10hfl xjbqb8w x6umtig x1b1mbwd xaqea5y xav7gou x9f619 x1ypdohk xt0psk2 xe8uvvx xdj266r x11i5rnm xat24cr x1mh8g0r xexx8yu x4uap5 x18d9i69 xkhd6sd x16tdsg8 x1hl2dhg xggy1nq x1a2a7pz xt0b8zv x1fey0fg xo1l8bm\" tabindex=\"0\" role=\"link\" href=\"https:\/\/www.facebook.com\/hashtag\/salud?__eep__=6&amp;__cft__[0]=AZUVoQ4Hk4GfqkXFcy9vU_dhbWyOuIKfREjwyWGHV9JmW9W9ksd4i6tq_QkROpl3s0e_fZ-KP0OVLxNqHJWWRF7C4DohN4pHt8eWE0gUeSuhWKWsNdsY5kP0HBY8lUtG29lHjCe6hdAjWX6dWw5k8EWxvtKS50A_wYlfLgjks_Hh1G3vh6hL4PrWlWkiyeNF9Ro&amp;__tn__=*NK-R\">#Salud\u00a0<\/a><\/div>\n<\/div>\n<div dir=\"auto\"><\/div>\n<div dir=\"auto\">\n<div id='gallery-1' class='gallery galleryid-77070 gallery-columns-3 gallery-size-thumbnail'><figure class='gallery-item'>\n\t\t\t<div class='gallery-icon landscape'>\n\t\t\t\t<a href='https:\/\/elmetropolitano.com.gt\/es\/refuerzan-servicios-y-jornadas-de-atencion-en-salud-en-comunidades-de-peten\/421625385_868778458581572_5366713925912600465_n-2\/'><img loading=\"lazy\" decoding=\"async\" width=\"150\" height=\"150\" src=\"https:\/\/elmetropolitano.com.gt\/es\/wp-content\/uploads\/2024\/01\/421625385_868778458581572_5366713925912600465_n-1-150x150.jpg\" class=\"attachment-thumbnail size-thumbnail\" alt=\"\" srcset=\"https:\/\/elmetropolitano.com.gt\/es\/wp-content\/uploads\/2024\/01\/421625385_868778458581572_5366713925912600465_n-1-150x150.jpg 150w, https:\/\/elmetropolitano.com.gt\/es\/wp-content\/uploads\/2024\/01\/421625385_868778458581572_5366713925912600465_n-1-300x300.jpg 300w, https:\/\/elmetropolitano.com.gt\/es\/wp-content\/uploads\/2024\/01\/421625385_868778458581572_5366713925912600465_n-1-100x100.jpg 100w\" sizes=\"auto, (max-width: 150px) 100vw, 150px\" \/><\/a>\n\t\t\t<\/div><\/figure><figure class='gallery-item'>\n\t\t\t<div class='gallery-icon portrait'>\n\t\t\t\t<a href='https:\/\/elmetropolitano.com.gt\/es\/refuerzan-servicios-y-jornadas-de-atencion-en-salud-en-comunidades-de-peten\/422570863_868778518581566_8128561638930253908_n\/'><img loading=\"lazy\" decoding=\"async\" width=\"150\" height=\"150\" src=\"https:\/\/elmetropolitano.com.gt\/es\/wp-content\/uploads\/2024\/01\/422570863_868778518581566_8128561638930253908_n-150x150.jpg\" class=\"attachment-thumbnail size-thumbnail\" alt=\"\" srcset=\"https:\/\/elmetropolitano.com.gt\/es\/wp-content\/uploads\/2024\/01\/422570863_868778518581566_8128561638930253908_n-150x150.jpg 150w, https:\/\/elmetropolitano.com.gt\/es\/wp-content\/uploads\/2024\/01\/422570863_868778518581566_8128561638930253908_n-300x300.jpg 300w, https:\/\/elmetropolitano.com.gt\/es\/wp-content\/uploads\/2024\/01\/422570863_868778518581566_8128561638930253908_n-100x100.jpg 100w\" sizes=\"auto, (max-width: 150px) 100vw, 150px\" \/><\/a>\n\t\t\t<\/div><\/figure>\n\t\t<\/div>\n\n<\/div>\n","protected":false},"excerpt":{"rendered":"<p>Se ha llevado a cabo la adquisici\u00f3n de equipo que permitir\u00e1 fortalecer acciones para el bienestar de la poblaci\u00f3n petenera, especialmente en la lucha contra la desnutrici\u00f3n y la prevenci\u00f3n de muertes maternas neonatales. El Ministerio de Salud P\u00fablica y Asistencia Social (MSPAS) reiter\u00f3 el compromiso para que el personal salubrista tenga los insumos indispensables <a class=\"read-more\" href=\"https:\/\/elmetropolitano.com.gt\/es\/refuerzan-servicios-y-jornadas-de-atencion-en-salud-en-comunidades-de-peten\/\">Leer m\u00e1s<\/a><\/p>\n","protected":false},"author":1,"featured_media":77071,"comment_status":"open","ping_status":"closed","sticky":false,"template":"","format":"standard","meta":{"footnotes":""},"categories":[2],"tags":[12],"class_list":["post-77070","post","type-post","status-publish","format-standard","has-post-thumbnail","hentry","category-nacionales","tag-nacionales"],"_links":{"self":[{"href":"https:\/\/elmetropolitano.com.gt\/es\/wp-json\/wp\/v2\/posts\/77070","targetHints":{"allow":["GET"]}}],"collection":[{"href":"https:\/\/elmetropolitano.com.gt\/es\/wp-json\/wp\/v2\/posts"}],"about":[{"href":"https:\/\/elmetropolitano.com.gt\/es\/wp-json\/wp\/v2\/types\/post"}],"author":[{"embeddable":true,"href":"https:\/\/elmetropolitano.com.gt\/es\/wp-json\/wp\/v2\/users\/1"}],"replies":[{"embeddable":true,"href":"https:\/\/elmetropolitano.com.gt\/es\/wp-json\/wp\/v2\/comments?post=77070"}],"version-history":[{"count":1,"href":"https:\/\/elmetropolitano.com.gt\/es\/wp-json\/wp\/v2\/posts\/77070\/revisions"}],"predecessor-version":[{"id":77074,"href":"https:\/\/elmetropolitano.com.gt\/es\/wp-json\/wp\/v2\/posts\/77070\/revisions\/77074"}],"wp:featuredmedia":[{"embeddable":true,"href":"https:\/\/elmetropolitano.com.gt\/es\/wp-json\/wp\/v2\/media\/77071"}],"wp:attachment":[{"href":"https:\/\/elmetropolitano.com.gt\/es\/wp-json\/wp\/v2\/media?parent=77070"}],"wp:term":[{"taxonomy":"category","embeddable":true,"href":"https:\/\/elmetropolitano.com.gt\/es\/wp-json\/wp\/v2\/categories?post=77070"},{"taxonomy":"post_tag","embeddable":true,"href":"https:\/\/elmetropolitano.com.gt\/es\/wp-json\/wp\/v2\/tags?post=77070"}],"curies":[{"name":"wp","href":"https:\/\/api.w.org\/{rel}","templated":true}]}}