{"id":77084,"date":"2024-01-29T13:58:21","date_gmt":"2024-01-29T19:58:21","guid":{"rendered":"https:\/\/elmetropolitano.com.gt\/es\/?p=77084"},"modified":"2024-07-30T13:13:19","modified_gmt":"2024-07-30T19:13:19","slug":"alcalde-sebastian-siero-lidera-la-anam","status":"publish","type":"post","link":"https:\/\/elmetropolitano.com.gt\/es\/alcalde-sebastian-siero-lidera-la-anam\/","title":{"rendered":"Alcalde Sebasti\u00e1n Siero lidera la Anam"},"content":{"rendered":"\n<p>Sebasti\u00e1n Siero, alcalde de Santa Catarina Pinula, se alz\u00f3 victorioso como el nuevo presidente de la Asociaci\u00f3n Nacional de Municipalidades (Anam). Su elecci\u00f3n fue un\u00e1nime, ya que encabez\u00f3 la \u00fanica planilla presentada para el proceso.<\/p>\n\n\n\n<p>Un compromiso con el poder municipal<\/p><div class=\"elmet-contenido\" id=\"elmet-1981836149\"><div class=\"elmet-adlabel\">Anuncios<\/div><div style=\"margin-top: 20px;margin-right: 20px;margin-bottom: 20px;margin-left: 20px;\" id=\"elmet-2493588847\"><a href=\"https:\/\/www.facebook.com\/arrincuanantigua\/\" aria-label=\"cintillo-arrin-cual\"><img loading=\"lazy\" decoding=\"async\" src=\"https:\/\/elmetropolitano.com.gt\/es\/wp-content\/uploads\/2021\/11\/cintillo-arrin-cual-1.jpg\" alt=\"\"  srcset=\"https:\/\/elmetropolitano.com.gt\/es\/wp-content\/uploads\/2021\/11\/cintillo-arrin-cual-1.jpg 750w, https:\/\/elmetropolitano.com.gt\/es\/wp-content\/uploads\/2021\/11\/cintillo-arrin-cual-1-300x36.jpg 300w, https:\/\/elmetropolitano.com.gt\/es\/wp-content\/uploads\/2021\/11\/cintillo-arrin-cual-1-600x72.jpg 600w\" sizes=\"(max-width: 750px) 100vw, 750px\" width=\"750\" height=\"90\"   \/><\/a><\/div><\/div>\n\n\n\n<p>En su discurso inaugural, Siero destac\u00f3 la importancia del papel de las municipalidades en el pa\u00eds, refiri\u00e9ndose a ellas as\u00ed \u201cSon el poder m\u00e1s fuerte que tiene el pa\u00eds\u201d<\/p>\n\n\n\n<p>No obstante, utiliz\u00f3 una met\u00e1fora al decir lo siguiente \u201cUn le\u00f1o no arde solo\u201d<\/p>\n\n\n\n<p>Aqu\u00ed, hizo hincapi\u00e9 en la necesidad de unidad entre los 340 alcaldes, subrayando la fuerza colectiva como el camino hacia un impacto significativo.<\/p>\n\n\n\n<p>Durante su intervenci\u00f3n, Siero manifest\u00f3 su compromiso de enfrentar los desaf\u00edos, asegurando que su palabra ser\u00eda un pilar fundamental durante los dos a\u00f1os de su administraci\u00f3n.<\/p>\n\n\n\n<p>Al respecto, enfatiz\u00f3 \u201cEl compromiso de verlos a la cara, de darles nuestra palabra sigue vigente y seguir\u00e1 vigen\u201d<\/p>\n\n\n\n<p>Lo anterior, instando a una administraci\u00f3n basada en la transparencia y el di\u00e1logo constante.<\/p>\n\n\n\n<p>Alianza estrat\u00e9gica por Guatemala<\/p>\n\n\n\n<p>Siero particip\u00f3 en una reuni\u00f3n con el presidente Bernardo Ar\u00e9valo y todos los alcaldes del pa\u00eds, ayer 26 de enero en uno de los salones del Palacio Nacional de la Cultura. En este encuentro, Ar\u00e9valo reafirm\u00f3 su compromiso de establecer una ruta de di\u00e1logo efectivo con los l\u00edderes municipales en beneficio de todos los guatemaltecos.<\/p>\n\n\n\n<p>La alianza estrat\u00e9gica entre el nuevo presidente de la Anam y el presidente de la naci\u00f3n destaca el enfoque en el di\u00e1logo como una herramienta fundamental para abordar los desaf\u00edos y oportunidades que se presentan en las distintas municipalidades.<\/p>\n\n\n\n<p>Esta iniciativa busca generar pol\u00edticas p\u00fablicas efectivas que impacten positivamente en la vida de los ciudadanos a nivel local.<\/p>\n\n\n\n<p>Perspectivas futuras<\/p>\n\n\n\n<p>Con la elecci\u00f3n de Sebasti\u00e1n Siero como presidente de la Anam se abre un nuevo cap\u00edtulo en la gesti\u00f3n municipal en Guatemala. Su llamado a la unidad, compromiso con la transparencia y el respaldo del presidente Ar\u00e9valo delinean un horizonte en el que la colaboraci\u00f3n y el di\u00e1logo se consolidan como pilares fundamentales para el desarrollo y el bienestar de las comunidades a lo largo y ancho del pa\u00eds.<\/p>\n\n\n\n<p>Texto: Lincy Rodr\u00edguez<\/p>\n\n\n\n<p><a href=\"https:\/\/www.facebook.com\/hashtag\/sebastiansiero?__eep__=6&amp;__cft__[0]=AZWLsxZYCyfQ60ZThmGxkSPQpK9OlQzPSex-26vgNYENSZZRhXY0c9bpLEod0FVteLXSiYQr-cJzRPlHbsswI_PU0RRZUE_BJgjOtwRzvOSs3SV9TDAd5xDQLOYtgu05CU3B9EawqKL_ovhJyX1yd3uxWfBB7KvuuQDWq_uK_g7DsuucNTbiofr9Bd6BxoaVnSc&amp;__tn__=*NK-R\">#SebastianSiero<\/a><a href=\"https:\/\/www.facebook.com\/hashtag\/anam?__eep__=6&amp;__cft__[0]=AZWLsxZYCyfQ60ZThmGxkSPQpK9OlQzPSex-26vgNYENSZZRhXY0c9bpLEod0FVteLXSiYQr-cJzRPlHbsswI_PU0RRZUE_BJgjOtwRzvOSs3SV9TDAd5xDQLOYtgu05CU3B9EawqKL_ovhJyX1yd3uxWfBB7KvuuQDWq_uK_g7DsuucNTbiofr9Bd6BxoaVnSc&amp;__tn__=*NK-R\">#Anam<\/a><a href=\"https:\/\/www.facebook.com\/hashtag\/metroredes?__eep__=6&amp;__cft__[0]=AZWLsxZYCyfQ60ZThmGxkSPQpK9OlQzPSex-26vgNYENSZZRhXY0c9bpLEod0FVteLXSiYQr-cJzRPlHbsswI_PU0RRZUE_BJgjOtwRzvOSs3SV9TDAd5xDQLOYtgu05CU3B9EawqKL_ovhJyX1yd3uxWfBB7KvuuQDWq_uK_g7DsuucNTbiofr9Bd6BxoaVnSc&amp;__tn__=*NK-R\">#metroredes<\/a><\/p>\n\n\n\n<p><a href=\"https:\/\/l.facebook.com\/l.php?u=http%3A%2F%2FWww.elmetropolitano.com.gt%2F%3Ffbclid%3DIwAR18LZpNAq8klEfwoIbWcccszv8ssdAyg66RJglQzbQtH5TfM0yImuwSweI&amp;h=AT3S10OCH-LzuMxZTDbqH6SeaHSpTw_fOSXDtoaE_FBgBtaHrBS5bO2XrG1cNYkXEcdpChx0qXYCkKNrUj5s76JtCl6MPB25j-rovLFWvfx1PGpjDoQghEXyB3aqWvnDU1DA8fdYITNYtM4hNgj1&amp;__tn__=-UK-R&amp;c[0]=AT2ONkwgoOTZWKpLq1ssujtdsx9dpUh9yc2_ZWc2HlyxCp2iPEMfO_1GT9LvHLYFSvhUGQgQUW1yWxSSGovceX_CXfeaZCPOdaqkpzeJ4HbdDFUasmMSdE8M0fW1MN_-j45EAuPjRrksEWsJDjRpO44CdSJ3CubiLGuK5XdRCkUkOTVsGWxrqfSSxmvFuxwD-JAgS7kJQu2i\" target=\"_blank\" rel=\"noreferrer noopener\">Www.elmetropolitano.com.gt<\/a><\/p>\n\n\n\n<figure class=\"wp-block-gallery has-nested-images columns-default is-cropped wp-block-gallery-1 is-layout-flex wp-block-gallery-is-layout-flex\">\n<figure class=\"wp-block-image size-large\"><img loading=\"lazy\" decoding=\"async\" width=\"1024\" height=\"768\" data-id=\"77086\" src=\"https:\/\/elmetropolitano.com.gt\/es\/wp-content\/uploads\/2024\/01\/421569325_869601825165902_3486420466275942361_n-1024x768.jpg\" alt=\"\" class=\"wp-image-77086\" srcset=\"https:\/\/elmetropolitano.com.gt\/es\/wp-content\/uploads\/2024\/01\/421569325_869601825165902_3486420466275942361_n-1024x768.jpg 1024w, https:\/\/elmetropolitano.com.gt\/es\/wp-content\/uploads\/2024\/01\/421569325_869601825165902_3486420466275942361_n-300x225.jpg 300w, https:\/\/elmetropolitano.com.gt\/es\/wp-content\/uploads\/2024\/01\/421569325_869601825165902_3486420466275942361_n-768x576.jpg 768w, https:\/\/elmetropolitano.com.gt\/es\/wp-content\/uploads\/2024\/01\/421569325_869601825165902_3486420466275942361_n.jpg 1080w\" sizes=\"auto, (max-width: 1024px) 100vw, 1024px\" \/><\/figure>\n\n\n\n<figure class=\"wp-block-image size-large\"><img loading=\"lazy\" decoding=\"async\" width=\"1024\" height=\"683\" data-id=\"77088\" src=\"https:\/\/elmetropolitano.com.gt\/es\/wp-content\/uploads\/2024\/01\/421627089_869601311832620_4102928822564783944_n-1024x683.jpg\" alt=\"\" class=\"wp-image-77088\" srcset=\"https:\/\/elmetropolitano.com.gt\/es\/wp-content\/uploads\/2024\/01\/421627089_869601311832620_4102928822564783944_n-1024x683.jpg 1024w, https:\/\/elmetropolitano.com.gt\/es\/wp-content\/uploads\/2024\/01\/421627089_869601311832620_4102928822564783944_n-300x200.jpg 300w, https:\/\/elmetropolitano.com.gt\/es\/wp-content\/uploads\/2024\/01\/421627089_869601311832620_4102928822564783944_n-768x512.jpg 768w, https:\/\/elmetropolitano.com.gt\/es\/wp-content\/uploads\/2024\/01\/421627089_869601311832620_4102928822564783944_n.jpg 1286w\" sizes=\"auto, (max-width: 1024px) 100vw, 1024px\" \/><\/figure>\n\n\n\n<figure class=\"wp-block-image size-large\"><img loading=\"lazy\" decoding=\"async\" width=\"1024\" height=\"683\" data-id=\"77089\" src=\"https:\/\/elmetropolitano.com.gt\/es\/wp-content\/uploads\/2024\/01\/421691611_869601305165954_2345378186051976494_n-1024x683.jpg\" alt=\"\" class=\"wp-image-77089\" srcset=\"https:\/\/elmetropolitano.com.gt\/es\/wp-content\/uploads\/2024\/01\/421691611_869601305165954_2345378186051976494_n-1024x683.jpg 1024w, https:\/\/elmetropolitano.com.gt\/es\/wp-content\/uploads\/2024\/01\/421691611_869601305165954_2345378186051976494_n-300x200.jpg 300w, https:\/\/elmetropolitano.com.gt\/es\/wp-content\/uploads\/2024\/01\/421691611_869601305165954_2345378186051976494_n-768x512.jpg 768w, https:\/\/elmetropolitano.com.gt\/es\/wp-content\/uploads\/2024\/01\/421691611_869601305165954_2345378186051976494_n.jpg 1286w\" sizes=\"auto, (max-width: 1024px) 100vw, 1024px\" \/><\/figure>\n\n\n\n<figure class=\"wp-block-image size-large\"><img loading=\"lazy\" decoding=\"async\" width=\"960\" height=\"640\" data-id=\"77087\" src=\"https:\/\/elmetropolitano.com.gt\/es\/wp-content\/uploads\/2024\/01\/422648222_869601048499313_6952444849539685448_n.jpg\" alt=\"\" class=\"wp-image-77087\" srcset=\"https:\/\/elmetropolitano.com.gt\/es\/wp-content\/uploads\/2024\/01\/422648222_869601048499313_6952444849539685448_n.jpg 960w, https:\/\/elmetropolitano.com.gt\/es\/wp-content\/uploads\/2024\/01\/422648222_869601048499313_6952444849539685448_n-300x200.jpg 300w, https:\/\/elmetropolitano.com.gt\/es\/wp-content\/uploads\/2024\/01\/422648222_869601048499313_6952444849539685448_n-768x512.jpg 768w\" sizes=\"auto, (max-width: 960px) 100vw, 960px\" \/><\/figure>\n<\/figure>\n","protected":false},"excerpt":{"rendered":"<p>Sebasti\u00e1n Siero, alcalde de Santa Catarina Pinula, se alz\u00f3 victorioso como el nuevo presidente de la Asociaci\u00f3n Nacional de Municipalidades (Anam). Su elecci\u00f3n fue un\u00e1nime, ya que encabez\u00f3 la \u00fanica planilla presentada para el proceso. Un compromiso con el poder municipal En su discurso inaugural, Siero destac\u00f3 la importancia del papel de las municipalidades en <a class=\"read-more\" href=\"https:\/\/elmetropolitano.com.gt\/es\/alcalde-sebastian-siero-lidera-la-anam\/\">Leer m\u00e1s<\/a><\/p>\n","protected":false},"author":1,"featured_media":77085,"comment_status":"open","ping_status":"closed","sticky":false,"template":"","format":"standard","meta":{"footnotes":""},"categories":[2],"tags":[12],"class_list":["post-77084","post","type-post","status-publish","format-standard","has-post-thumbnail","hentry","category-nacionales","tag-nacionales"],"_links":{"self":[{"href":"https:\/\/elmetropolitano.com.gt\/es\/wp-json\/wp\/v2\/posts\/77084","targetHints":{"allow":["GET"]}}],"collection":[{"href":"https:\/\/elmetropolitano.com.gt\/es\/wp-json\/wp\/v2\/posts"}],"about":[{"href":"https:\/\/elmetropolitano.com.gt\/es\/wp-json\/wp\/v2\/types\/post"}],"author":[{"embeddable":true,"href":"https:\/\/elmetropolitano.com.gt\/es\/wp-json\/wp\/v2\/users\/1"}],"replies":[{"embeddable":true,"href":"https:\/\/elmetropolitano.com.gt\/es\/wp-json\/wp\/v2\/comments?post=77084"}],"version-history":[{"count":2,"href":"https:\/\/elmetropolitano.com.gt\/es\/wp-json\/wp\/v2\/posts\/77084\/revisions"}],"predecessor-version":[{"id":86929,"href":"https:\/\/elmetropolitano.com.gt\/es\/wp-json\/wp\/v2\/posts\/77084\/revisions\/86929"}],"wp:featuredmedia":[{"embeddable":true,"href":"https:\/\/elmetropolitano.com.gt\/es\/wp-json\/wp\/v2\/media\/77085"}],"wp:attachment":[{"href":"https:\/\/elmetropolitano.com.gt\/es\/wp-json\/wp\/v2\/media?parent=77084"}],"wp:term":[{"taxonomy":"category","embeddable":true,"href":"https:\/\/elmetropolitano.com.gt\/es\/wp-json\/wp\/v2\/categories?post=77084"},{"taxonomy":"post_tag","embeddable":true,"href":"https:\/\/elmetropolitano.com.gt\/es\/wp-json\/wp\/v2\/tags?post=77084"}],"curies":[{"name":"wp","href":"https:\/\/api.w.org\/{rel}","templated":true}]}}