{"id":77091,"date":"2024-01-29T13:59:46","date_gmt":"2024-01-29T19:59:46","guid":{"rendered":"https:\/\/elmetropolitano.com.gt\/es\/?p=77091"},"modified":"2024-01-29T13:59:47","modified_gmt":"2024-01-29T19:59:47","slug":"descubren-microfonos-en-despacho-de-caminos","status":"publish","type":"post","link":"https:\/\/elmetropolitano.com.gt\/es\/descubren-microfonos-en-despacho-de-caminos\/","title":{"rendered":"Descubren micr\u00f3fonos en despacho de Caminos"},"content":{"rendered":"\n<p>En un giro inesperado, la intriga en el Ministerio de Comunicaciones Infraestructura y Vivienda (CIV) y sus dependencias persiste con el descubrimiento de m\u00e1s micr\u00f3fonos, sumando un total de tres dispositivos electr\u00f3nicos hallados. El Director General de Caminos, la entidad encargada de la infraestructura vial, revel\u00f3 la inquietante noticia durante un barrido electr\u00f3nico en su propio despacho.<\/p>\n\n\n\n<p>El <a><\/a>despacho del Director General de Caminos se ha convertido en el \u00faltimo escenario donde se descubrieron micr\u00f3fonos, intensificando la incertidumbre en el CIV. Adem\u00e1s, este nuevo incidente se suma a los previos, generando preocupaci\u00f3n y levantando interrogantes sobre la seguridad en las instalaciones gubernamentales.<\/p><div class=\"elmet-contenido\" id=\"elmet-2613596826\"><div class=\"elmet-adlabel\">Anuncios<\/div><div style=\"margin-top: 20px;margin-right: 20px;margin-bottom: 20px;margin-left: 20px;\" id=\"elmet-4250757794\"><a href=\"https:\/\/www.facebook.com\/arrincuanantigua\/\" aria-label=\"cintillo-arrin-cual\"><img loading=\"lazy\" decoding=\"async\" src=\"https:\/\/elmetropolitano.com.gt\/es\/wp-content\/uploads\/2021\/11\/cintillo-arrin-cual-1.jpg\" alt=\"\"  srcset=\"https:\/\/elmetropolitano.com.gt\/es\/wp-content\/uploads\/2021\/11\/cintillo-arrin-cual-1.jpg 750w, https:\/\/elmetropolitano.com.gt\/es\/wp-content\/uploads\/2021\/11\/cintillo-arrin-cual-1-300x36.jpg 300w, https:\/\/elmetropolitano.com.gt\/es\/wp-content\/uploads\/2021\/11\/cintillo-arrin-cual-1-600x72.jpg 600w\" sizes=\"(max-width: 750px) 100vw, 750px\" width=\"750\" height=\"90\"   \/><\/a><\/div><\/div>\n\n\n\n<p>Hace unos d\u00edas<\/p>\n\n\n\n<p>Asimismo, en una reciente conferencia de prensa, la ministra de Comunicaciones, Jazm\u00edn de la Vega, denunci\u00f3 la presencia de micr\u00f3fonos en las camionetas oficiales asignadas a su cargo. Este revelador acontecimiento se suma a la creciente lista de incidentes relacionados con dispositivos de escucha en el Ministerio.<\/p>\n\n\n\n<p>La Ministra de Comunicaciones expres\u00f3 su inquietud y consternaci\u00f3n al descubrir los micr\u00f3fonos en sus veh\u00edculos oficiales. Durante la conferencia de prensa, la titular del CIV, manifest\u00f3: \u201cDetectamos que hab\u00eda micr\u00f3fonos en las camionetas, los estamos quitando, porque no puede ser que la ministra sea escuchada.<\/p>\n\n\n\n<p>El descubrimiento de micr\u00f3fonos en el despacho de Caminos y en las camionetas asignadas a la Ministra de Comunicaciones plantea interrogantes cruciales sobre la seguridad en las instituciones gubernamentales\u201d<\/p>\n\n\n\n<p>Las autoridades contin\u00faan con la investigaci\u00f3n, buscando identificar a los responsables detr\u00e1s de estos actos de espionaje. Mientras, la preocupaci\u00f3n por la privacidad y la integridad de la informaci\u00f3n oficial crece entre los funcionarios del Ministerio de Comunicaciones y la opini\u00f3n p\u00fablica<\/p>\n\n\n\n<p>Texto Lincy Rodr\u00edguez<\/p>\n\n\n\n<p><a href=\"https:\/\/www.facebook.com\/hashtag\/espionaje?__eep__=6&amp;__cft__[0]=AZXtw84o_RgzuzyS4lkfaw9jmkXD8wrYmRoSjAwqpwRfTGh0GEiOF7s0Z6C9zIq6LmtyP2ZKvFAJVFmUYjZPSGowASJisS4M7Mh9j41x5l9Zcf81i4kbE7cTAYVwhDIsUPbQITI1HVmy6XEMzBrg-qEzYvKKaBEP--z3T6N_oR3YsVYSMuLK5mncdG79OUl0Xdk&amp;__tn__=*NK-R\">#Espionaje<\/a><a href=\"https:\/\/www.facebook.com\/hashtag\/metroredes?__eep__=6&amp;__cft__[0]=AZXtw84o_RgzuzyS4lkfaw9jmkXD8wrYmRoSjAwqpwRfTGh0GEiOF7s0Z6C9zIq6LmtyP2ZKvFAJVFmUYjZPSGowASJisS4M7Mh9j41x5l9Zcf81i4kbE7cTAYVwhDIsUPbQITI1HVmy6XEMzBrg-qEzYvKKaBEP--z3T6N_oR3YsVYSMuLK5mncdG79OUl0Xdk&amp;__tn__=*NK-R\">#metroredes<\/a>  www.metroredes.com  www.elescuintleco.com  <\/p>\n","protected":false},"excerpt":{"rendered":"<p>En un giro inesperado, la intriga en el Ministerio de Comunicaciones Infraestructura y Vivienda (CIV) y sus dependencias persiste con el descubrimiento de m\u00e1s micr\u00f3fonos, sumando un total de tres dispositivos electr\u00f3nicos hallados. El Director General de Caminos, la entidad encargada de la infraestructura vial, revel\u00f3 la inquietante noticia durante un barrido electr\u00f3nico en su <a class=\"read-more\" href=\"https:\/\/elmetropolitano.com.gt\/es\/descubren-microfonos-en-despacho-de-caminos\/\">Leer m\u00e1s<\/a><\/p>\n","protected":false},"author":1,"featured_media":77092,"comment_status":"open","ping_status":"closed","sticky":false,"template":"","format":"standard","meta":{"footnotes":""},"categories":[2],"tags":[12],"class_list":["post-77091","post","type-post","status-publish","format-standard","has-post-thumbnail","hentry","category-nacionales","tag-nacionales"],"_links":{"self":[{"href":"https:\/\/elmetropolitano.com.gt\/es\/wp-json\/wp\/v2\/posts\/77091","targetHints":{"allow":["GET"]}}],"collection":[{"href":"https:\/\/elmetropolitano.com.gt\/es\/wp-json\/wp\/v2\/posts"}],"about":[{"href":"https:\/\/elmetropolitano.com.gt\/es\/wp-json\/wp\/v2\/types\/post"}],"author":[{"embeddable":true,"href":"https:\/\/elmetropolitano.com.gt\/es\/wp-json\/wp\/v2\/users\/1"}],"replies":[{"embeddable":true,"href":"https:\/\/elmetropolitano.com.gt\/es\/wp-json\/wp\/v2\/comments?post=77091"}],"version-history":[{"count":1,"href":"https:\/\/elmetropolitano.com.gt\/es\/wp-json\/wp\/v2\/posts\/77091\/revisions"}],"predecessor-version":[{"id":77093,"href":"https:\/\/elmetropolitano.com.gt\/es\/wp-json\/wp\/v2\/posts\/77091\/revisions\/77093"}],"wp:featuredmedia":[{"embeddable":true,"href":"https:\/\/elmetropolitano.com.gt\/es\/wp-json\/wp\/v2\/media\/77092"}],"wp:attachment":[{"href":"https:\/\/elmetropolitano.com.gt\/es\/wp-json\/wp\/v2\/media?parent=77091"}],"wp:term":[{"taxonomy":"category","embeddable":true,"href":"https:\/\/elmetropolitano.com.gt\/es\/wp-json\/wp\/v2\/categories?post=77091"},{"taxonomy":"post_tag","embeddable":true,"href":"https:\/\/elmetropolitano.com.gt\/es\/wp-json\/wp\/v2\/tags?post=77091"}],"curies":[{"name":"wp","href":"https:\/\/api.w.org\/{rel}","templated":true}]}}