{"id":77094,"date":"2024-01-29T14:01:38","date_gmt":"2024-01-29T20:01:38","guid":{"rendered":"https:\/\/elmetropolitano.com.gt\/es\/?p=77094"},"modified":"2024-01-29T14:01:39","modified_gmt":"2024-01-29T20:01:39","slug":"finaliza-la-edicion-44-de-la-feria-internacional-de-turismo","status":"publish","type":"post","link":"https:\/\/elmetropolitano.com.gt\/es\/finaliza-la-edicion-44-de-la-feria-internacional-de-turismo\/","title":{"rendered":"Finaliza la edici\u00f3n 44 de la Feria Internacional de Turismo"},"content":{"rendered":"\n<p>En la edici\u00f3n n\u00famero 44 de la Feria Internacional de Turismo (Fitur), que concluye hoy 28 de enero, Guatemala hizo fuerte presencia con una delegaci\u00f3n encabezada por el director del Instituto Guatemalteco de Turismo (Inguat), Harris Whitbeck. Este evento, que congrega a miles de profesionales del turismo de todo el mundo, es una oportunidad para que Guatemala muestre sus encantos y atractivos tur\u00edsticos al mercado <a><\/a>europeo.<\/p>\n\n\n\n<p>Guatemala tiene como objetivo principal posicionarse en el mercado europeo como un destino tur\u00edstico de primera categor\u00eda. Para lograrlo, busca resaltar la diversidad y riqueza de su cultura, tradiciones, naturaleza, arqueolog\u00eda y gastronom\u00eda. El Inguat detalla que lo que busca es promover las relaciones comerciales bilaterales y participar en alianzas y acuerdos que fortalezcan el sector tur\u00edstico en el pa\u00eds.<\/p><div class=\"elmet-contenido\" id=\"elmet-2471779733\"><div class=\"elmet-adlabel\">Anuncios<\/div><div style=\"margin-top: 20px;margin-right: 20px;margin-bottom: 20px;margin-left: 20px;\" id=\"elmet-2227457699\"><a href=\"https:\/\/www.facebook.com\/arrincuanantigua\/\" aria-label=\"cintillo-arrin-cual\"><img loading=\"lazy\" decoding=\"async\" src=\"https:\/\/elmetropolitano.com.gt\/es\/wp-content\/uploads\/2021\/11\/cintillo-arrin-cual-1.jpg\" alt=\"\"  srcset=\"https:\/\/elmetropolitano.com.gt\/es\/wp-content\/uploads\/2021\/11\/cintillo-arrin-cual-1.jpg 750w, https:\/\/elmetropolitano.com.gt\/es\/wp-content\/uploads\/2021\/11\/cintillo-arrin-cual-1-300x36.jpg 300w, https:\/\/elmetropolitano.com.gt\/es\/wp-content\/uploads\/2021\/11\/cintillo-arrin-cual-1-600x72.jpg 600w\" sizes=\"(max-width: 750px) 100vw, 750px\" width=\"750\" height=\"90\"   \/><\/a><\/div><\/div>\n\n\n\n<p>Participaci\u00f3n en Fitur<\/p>\n\n\n\n<p>La Feria Internacional de Turismo es una de las primeras grandes citas del calendario internacional en este \u00e1mbito. En esta edici\u00f3n, m\u00e1s de 800 expositores se distribuyen en 9 pabellones. La meta para esta edici\u00f3n consisti\u00f3 en atraer a 150 mil profesionales y 100 mil asistentes en general, seg\u00fan los organizadores.<\/p>\n\n\n\n<p>Este entorno ofrece a Guatemala una plataforma importante para mostrar sus destinos tur\u00edsticos y establecer v\u00ednculos comerciales con empresas y profesionales del sector.<\/p>\n\n\n\n<p>La presencia de Guatemala en Fitur representa una oportunidad \u00fanica para promover sus atractivos tur\u00edsticos y ampliar su visibilidad en el mercado europeo. Adem\u00e1s de mostrar la belleza natural y cultural del pa\u00eds, la participaci\u00f3n en eventos como este permite establecer contactos estrat\u00e9gicos y fortalecer la industria tur\u00edstica nacional.<\/p>\n\n\n\n<p>Durante su participaci\u00f3n en Fitur, Guatemala llev\u00f3 a cabo diversas actividades de promoci\u00f3n, que incluyen presentaciones, muestras gastron\u00f3micas y exhibiciones culturales. Estas iniciativas buscan captar la atenci\u00f3n del p\u00fablico y generar inter\u00e9s en visitar Guatemala como destino tur\u00edstico. Asimismo, se espera que la interacci\u00f3n con profesionales del sector proporcione oportunidades para establecer alianzas comerciales y promover el turismo sostenible en el pa\u00eds.<\/p>\n\n\n\n<p>Impacto econ\u00f3mico y tur\u00edstico<\/p>\n\n\n\n<p>La presencia de Guatemala en la Feria Internacional de Turismo tiene como objetivo atraer visitantes extranjeros, asimismo, generar un impacto econ\u00f3mico positivo en las comunidades dedicadas a esta industria. El fortalecimiento del sector tur\u00edstico contribuye al desarrollo econ\u00f3mico y social del pa\u00eds, creando empleo y fomentando la conservaci\u00f3n de los recursos naturales y culturales.<\/p>\n\n\n\n<p>La participaci\u00f3n de Guatemala en la Fitur representa una importante oportunidad para promover el pa\u00eds como destino tur\u00edstico de primer nivel. Con una propuesta centrada en la diversidad cultural y natural, Guatemala busca destacarse en el mercado europeo y fortalecer su industria tur\u00edstica mediante la generaci\u00f3n de alianzas comerciales y la promoci\u00f3n de un turismo sostenible<\/p>\n\n\n\n<p>Texto: Lincy Rodr\u00edguez<\/p>\n\n\n\n<p><a href=\"https:\/\/www.facebook.com\/hashtag\/inguat?__eep__=6&amp;__cft__[0]=AZVEiOJynDbwGT5iVTW6gQ3A7cK8_9RnLPXIHJdVrsAdh9ZefbCJK0fUStO2fdOA1upjs1QTXYwgqCa_OTI9bOjZiDnRivTsRVbjWHJ6iYylYUn7sr-BoGRH8eLUVOVzTBDkAgARNmhzlGG3ERRFdlz8TYxFaRdtfuw9719Qo7ona3TxLwP15hLBbZaloSzbBp4&amp;__tn__=*NK-R\">#Inguat<\/a><a href=\"https:\/\/www.facebook.com\/hashtag\/fitur2024?__eep__=6&amp;__cft__[0]=AZVEiOJynDbwGT5iVTW6gQ3A7cK8_9RnLPXIHJdVrsAdh9ZefbCJK0fUStO2fdOA1upjs1QTXYwgqCa_OTI9bOjZiDnRivTsRVbjWHJ6iYylYUn7sr-BoGRH8eLUVOVzTBDkAgARNmhzlGG3ERRFdlz8TYxFaRdtfuw9719Qo7ona3TxLwP15hLBbZaloSzbBp4&amp;__tn__=*NK-R\">#FITUR2024<\/a><a href=\"https:\/\/www.facebook.com\/hashtag\/metroredes?__eep__=6&amp;__cft__[0]=AZVEiOJynDbwGT5iVTW6gQ3A7cK8_9RnLPXIHJdVrsAdh9ZefbCJK0fUStO2fdOA1upjs1QTXYwgqCa_OTI9bOjZiDnRivTsRVbjWHJ6iYylYUn7sr-BoGRH8eLUVOVzTBDkAgARNmhzlGG3ERRFdlz8TYxFaRdtfuw9719Qo7ona3TxLwP15hLBbZaloSzbBp4&amp;__tn__=*NK-R\">#metroredes<\/a>  www.metroredes.com  www.elescuintle.com  <\/p>\n\n\n\n<figure class=\"wp-block-gallery has-nested-images columns-default is-cropped wp-block-gallery-1 is-layout-flex wp-block-gallery-is-layout-flex\">\n<figure class=\"wp-block-image size-large\"><img loading=\"lazy\" decoding=\"async\" width=\"1024\" height=\"683\" data-id=\"77097\" src=\"https:\/\/elmetropolitano.com.gt\/es\/wp-content\/uploads\/2024\/01\/423195250_870375141755237_4673852586957914120_n-1024x683.jpg\" alt=\"\" class=\"wp-image-77097\" srcset=\"https:\/\/elmetropolitano.com.gt\/es\/wp-content\/uploads\/2024\/01\/423195250_870375141755237_4673852586957914120_n-1024x683.jpg 1024w, https:\/\/elmetropolitano.com.gt\/es\/wp-content\/uploads\/2024\/01\/423195250_870375141755237_4673852586957914120_n-300x200.jpg 300w, https:\/\/elmetropolitano.com.gt\/es\/wp-content\/uploads\/2024\/01\/423195250_870375141755237_4673852586957914120_n-768x512.jpg 768w, https:\/\/elmetropolitano.com.gt\/es\/wp-content\/uploads\/2024\/01\/423195250_870375141755237_4673852586957914120_n-1536x1025.jpg 1536w, https:\/\/elmetropolitano.com.gt\/es\/wp-content\/uploads\/2024\/01\/423195250_870375141755237_4673852586957914120_n.jpg 2048w\" sizes=\"auto, (max-width: 1024px) 100vw, 1024px\" \/><\/figure>\n\n\n\n<figure class=\"wp-block-image size-large\"><img loading=\"lazy\" decoding=\"async\" width=\"1024\" height=\"683\" data-id=\"77096\" src=\"https:\/\/elmetropolitano.com.gt\/es\/wp-content\/uploads\/2024\/01\/423224313_870374901755261_1960966525617550330_n-1024x683.jpg\" alt=\"\" class=\"wp-image-77096\" srcset=\"https:\/\/elmetropolitano.com.gt\/es\/wp-content\/uploads\/2024\/01\/423224313_870374901755261_1960966525617550330_n-1024x683.jpg 1024w, https:\/\/elmetropolitano.com.gt\/es\/wp-content\/uploads\/2024\/01\/423224313_870374901755261_1960966525617550330_n-300x200.jpg 300w, https:\/\/elmetropolitano.com.gt\/es\/wp-content\/uploads\/2024\/01\/423224313_870374901755261_1960966525617550330_n-768x512.jpg 768w, https:\/\/elmetropolitano.com.gt\/es\/wp-content\/uploads\/2024\/01\/423224313_870374901755261_1960966525617550330_n-1536x1025.jpg 1536w, https:\/\/elmetropolitano.com.gt\/es\/wp-content\/uploads\/2024\/01\/423224313_870374901755261_1960966525617550330_n.jpg 2048w\" sizes=\"auto, (max-width: 1024px) 100vw, 1024px\" \/><\/figure>\n\n\n\n<figure class=\"wp-block-image size-large\"><img loading=\"lazy\" decoding=\"async\" width=\"1024\" height=\"683\" data-id=\"77098\" src=\"https:\/\/elmetropolitano.com.gt\/es\/wp-content\/uploads\/2024\/01\/424627746_870375121755239_6162668897549839878_n-1024x683.jpg\" alt=\"\" class=\"wp-image-77098\" srcset=\"https:\/\/elmetropolitano.com.gt\/es\/wp-content\/uploads\/2024\/01\/424627746_870375121755239_6162668897549839878_n-1024x683.jpg 1024w, https:\/\/elmetropolitano.com.gt\/es\/wp-content\/uploads\/2024\/01\/424627746_870375121755239_6162668897549839878_n-300x200.jpg 300w, https:\/\/elmetropolitano.com.gt\/es\/wp-content\/uploads\/2024\/01\/424627746_870375121755239_6162668897549839878_n-768x512.jpg 768w, https:\/\/elmetropolitano.com.gt\/es\/wp-content\/uploads\/2024\/01\/424627746_870375121755239_6162668897549839878_n-1536x1025.jpg 1536w, https:\/\/elmetropolitano.com.gt\/es\/wp-content\/uploads\/2024\/01\/424627746_870375121755239_6162668897549839878_n.jpg 2048w\" sizes=\"auto, (max-width: 1024px) 100vw, 1024px\" \/><\/figure>\n<\/figure>\n","protected":false},"excerpt":{"rendered":"<p>En la edici\u00f3n n\u00famero 44 de la Feria Internacional de Turismo (Fitur), que concluye hoy 28 de enero, Guatemala hizo fuerte presencia con una delegaci\u00f3n encabezada por el director del Instituto Guatemalteco de Turismo (Inguat), Harris Whitbeck. Este evento, que congrega a miles de profesionales del turismo de todo el mundo, es una oportunidad para <a class=\"read-more\" href=\"https:\/\/elmetropolitano.com.gt\/es\/finaliza-la-edicion-44-de-la-feria-internacional-de-turismo\/\">Leer m\u00e1s<\/a><\/p>\n","protected":false},"author":1,"featured_media":77095,"comment_status":"open","ping_status":"closed","sticky":false,"template":"","format":"standard","meta":{"footnotes":""},"categories":[2],"tags":[12],"class_list":["post-77094","post","type-post","status-publish","format-standard","has-post-thumbnail","hentry","category-nacionales","tag-nacionales"],"_links":{"self":[{"href":"https:\/\/elmetropolitano.com.gt\/es\/wp-json\/wp\/v2\/posts\/77094","targetHints":{"allow":["GET"]}}],"collection":[{"href":"https:\/\/elmetropolitano.com.gt\/es\/wp-json\/wp\/v2\/posts"}],"about":[{"href":"https:\/\/elmetropolitano.com.gt\/es\/wp-json\/wp\/v2\/types\/post"}],"author":[{"embeddable":true,"href":"https:\/\/elmetropolitano.com.gt\/es\/wp-json\/wp\/v2\/users\/1"}],"replies":[{"embeddable":true,"href":"https:\/\/elmetropolitano.com.gt\/es\/wp-json\/wp\/v2\/comments?post=77094"}],"version-history":[{"count":1,"href":"https:\/\/elmetropolitano.com.gt\/es\/wp-json\/wp\/v2\/posts\/77094\/revisions"}],"predecessor-version":[{"id":77099,"href":"https:\/\/elmetropolitano.com.gt\/es\/wp-json\/wp\/v2\/posts\/77094\/revisions\/77099"}],"wp:featuredmedia":[{"embeddable":true,"href":"https:\/\/elmetropolitano.com.gt\/es\/wp-json\/wp\/v2\/media\/77095"}],"wp:attachment":[{"href":"https:\/\/elmetropolitano.com.gt\/es\/wp-json\/wp\/v2\/media?parent=77094"}],"wp:term":[{"taxonomy":"category","embeddable":true,"href":"https:\/\/elmetropolitano.com.gt\/es\/wp-json\/wp\/v2\/categories?post=77094"},{"taxonomy":"post_tag","embeddable":true,"href":"https:\/\/elmetropolitano.com.gt\/es\/wp-json\/wp\/v2\/tags?post=77094"}],"curies":[{"name":"wp","href":"https:\/\/api.w.org\/{rel}","templated":true}]}}