{"id":77104,"date":"2024-01-29T15:45:51","date_gmt":"2024-01-29T21:45:51","guid":{"rendered":"https:\/\/elmetropolitano.com.gt\/es\/?p=77104"},"modified":"2024-01-29T15:45:52","modified_gmt":"2024-01-29T21:45:52","slug":"bernardo-arevalo-analiza-acciones-legales-contra-la-fiscal-general-consuelo-porras","status":"publish","type":"post","link":"https:\/\/elmetropolitano.com.gt\/es\/bernardo-arevalo-analiza-acciones-legales-contra-la-fiscal-general-consuelo-porras\/","title":{"rendered":"Bernardo Ar\u00e9valo analiza acciones legales contra la fiscal general Consuelo Porras"},"content":{"rendered":"\n<p>Acompa\u00f1ado de su gabinete de gobierno, el presidente de la Rep\u00fablica, Bernardo Ar\u00e9valo manifest\u00f3 este lunes en conferencia de prensa que la asistencia de fiscal general, Consuelo Porras, y posterior retiro de la reuni\u00f3n de gabinete, evidenci\u00f3 su falta de voluntad para cumplir con la ley. Por ello, manifest\u00f3 que su gobierno analiza las acciones que se tomar\u00e1n.<\/p>\n\n\n\n<p>La reuni\u00f3n se llev\u00f3 a cabo en la <a><\/a>Casa Presidencial. El mandatario explic\u00f3 que en ning\u00fan caso trat\u00f3 de discutir ni siquiera pedir informaci\u00f3n sobre casos espec\u00edficos. Esto de conformidad con los art\u00edculos 134-183 inciso M y 251 de la Constituci\u00f3n Pol\u00edtica de la Rep\u00fablica de Guatemala.<\/p><div class=\"elmet-contenido\" id=\"elmet-3506267572\"><div class=\"elmet-adlabel\">Anuncios<\/div><div style=\"margin-top: 20px;margin-right: 20px;margin-bottom: 20px;margin-left: 20px;\" id=\"elmet-943466390\"><a href=\"https:\/\/www.facebook.com\/arrincuanantigua\/\" aria-label=\"cintillo-arrin-cual\"><img loading=\"lazy\" decoding=\"async\" src=\"https:\/\/elmetropolitano.com.gt\/es\/wp-content\/uploads\/2021\/11\/cintillo-arrin-cual-1.jpg\" alt=\"\"  srcset=\"https:\/\/elmetropolitano.com.gt\/es\/wp-content\/uploads\/2021\/11\/cintillo-arrin-cual-1.jpg 750w, https:\/\/elmetropolitano.com.gt\/es\/wp-content\/uploads\/2021\/11\/cintillo-arrin-cual-1-300x36.jpg 300w, https:\/\/elmetropolitano.com.gt\/es\/wp-content\/uploads\/2021\/11\/cintillo-arrin-cual-1-600x72.jpg 600w\" sizes=\"(max-width: 750px) 100vw, 750px\" width=\"750\" height=\"90\"   \/><\/a><\/div><\/div>\n\n\n\n<p>\u201cEl objeto de la invitaci\u00f3n era establecer una coordinaci\u00f3n interinstitucional sobre aspectos de inter\u00e9s para el Gobierno de la Rep\u00fablica\u201d dijo Ar\u00e9valo<\/p>\n\n\n\n<p>La solicitud<\/p>\n\n\n\n<p>El Presidente solicit\u00f3 a la fiscal informaci\u00f3n sobre las pol\u00edticas que el Ministerio P\u00fablico (MP) sigue, para ajustarlas a las pol\u00edticas del Gobierno.<\/p>\n\n\n\n<p>La se\u00f1ora fiscal general estaba perfectamente enterada del objeto de la invitaci\u00f3n, en virtud de la recepci\u00f3n de los oficios por el MP del 19 y 24 de enero del presente a\u00f1o. Se enviaron de acuerdo con la ley del MP, la cual obliga a la se\u00f1ora fiscal a asistir y participar en las reuniones de gabinete, con voz, pero sin voto.<\/p>\n\n\n\n<p>Argumentos no aplicables<\/p>\n\n\n\n<p>Tambi\u00e9n explic\u00f3 el Presidente Ar\u00e9valo que la fiscal general, luego de argumentar por qu\u00e9 no pod\u00eda quedarse en la reuni\u00f3n, comunic\u00f3 su decisi\u00f3n de retirarse. Con ello, la funcionaria se neg\u00f3 a cumplir con su obligaci\u00f3n legal establecida en el art\u00edculo 4 de la Ley Org\u00e1nica del MP.<\/p>\n\n\n\n<p>Lo que dice el dicho art\u00edculo:<\/p>\n\n\n\n<p>El Presidente de la Rep\u00fablica podr\u00e1 invitar al fiscal general para que participe en cualquier junta de gabinete o de los ministros de Estado. En este supuesto, el fiscal general estar\u00e1 obligado a concurrir a la junta con voz, pero sin voto.<\/p>\n\n\n\n<p>Asimismo, puntualiz\u00f3 Bernardo Ar\u00e9valo que los argumentos de la fiscal general son simplemente no aplicables y solo evidencian la falta de voluntad para cumplir con lo establecido en la Ley.<\/p>\n\n\n\n<p>El Presidente concluy\u00f3 que el Gobierno de la Rep\u00fablica estar\u00e1 examinando lo ocurrido dentro de las pr\u00f3ximas horas, para determinar las acciones legales que proceden.<\/p>\n\n\n\n<p><a href=\"https:\/\/www.facebook.com\/hashtag\/crisismp?__eep__=6&amp;__cft__[0]=AZUkvmD6ibQr5ZeIGmJsU8aIgcVBAOJl8AVQXcFSriDggA84uaw9u9ImgTavD3prKMTtWQiGNJguHj0dNOmTI2RjW8OUo49jesFwuqhkA8-D-t8y-H-R4PLrQWBJBKwN5MaH3dCN8B01DK5TgtxZyoerpZe__21dyNU1d-RmvJ4c6ozjmLQuTHdY6N32FSJwNdo&amp;__tn__=*NK-R\">#crisismp<\/a><a href=\"https:\/\/www.facebook.com\/hashtag\/metroredes?__eep__=6&amp;__cft__[0]=AZUkvmD6ibQr5ZeIGmJsU8aIgcVBAOJl8AVQXcFSriDggA84uaw9u9ImgTavD3prKMTtWQiGNJguHj0dNOmTI2RjW8OUo49jesFwuqhkA8-D-t8y-H-R4PLrQWBJBKwN5MaH3dCN8B01DK5TgtxZyoerpZe__21dyNU1d-RmvJ4c6ozjmLQuTHdY6N32FSJwNdo&amp;__tn__=*NK-R\">#metroredes<\/a>  www.metroredes.com  www.elescuintleco.com  <\/p>\n\n\n\n<figure class=\"wp-block-gallery has-nested-images columns-default is-cropped wp-block-gallery-1 is-layout-flex wp-block-gallery-is-layout-flex\">\n<figure class=\"wp-block-image size-large\"><img loading=\"lazy\" decoding=\"async\" width=\"720\" height=\"405\" data-id=\"77106\" src=\"https:\/\/elmetropolitano.com.gt\/es\/wp-content\/uploads\/2024\/01\/424642647_870940655032019_7579131892336957174_n.jpg\" alt=\"\" class=\"wp-image-77106\" srcset=\"https:\/\/elmetropolitano.com.gt\/es\/wp-content\/uploads\/2024\/01\/424642647_870940655032019_7579131892336957174_n.jpg 720w, https:\/\/elmetropolitano.com.gt\/es\/wp-content\/uploads\/2024\/01\/424642647_870940655032019_7579131892336957174_n-300x169.jpg 300w\" sizes=\"auto, (max-width: 720px) 100vw, 720px\" \/><\/figure>\n\n\n\n<figure class=\"wp-block-image size-large\"><img loading=\"lazy\" decoding=\"async\" width=\"1024\" height=\"512\" data-id=\"77107\" src=\"https:\/\/elmetropolitano.com.gt\/es\/wp-content\/uploads\/2024\/01\/424655949_870944051698346_4745687747478437505_n-1024x512.jpg\" alt=\"\" class=\"wp-image-77107\" srcset=\"https:\/\/elmetropolitano.com.gt\/es\/wp-content\/uploads\/2024\/01\/424655949_870944051698346_4745687747478437505_n-1024x512.jpg 1024w, https:\/\/elmetropolitano.com.gt\/es\/wp-content\/uploads\/2024\/01\/424655949_870944051698346_4745687747478437505_n-300x150.jpg 300w, https:\/\/elmetropolitano.com.gt\/es\/wp-content\/uploads\/2024\/01\/424655949_870944051698346_4745687747478437505_n-768x384.jpg 768w, https:\/\/elmetropolitano.com.gt\/es\/wp-content\/uploads\/2024\/01\/424655949_870944051698346_4745687747478437505_n.jpg 1140w\" sizes=\"auto, (max-width: 1024px) 100vw, 1024px\" \/><\/figure>\n\n\n\n<figure class=\"wp-block-image size-large\"><img loading=\"lazy\" decoding=\"async\" width=\"1024\" height=\"683\" data-id=\"77108\" src=\"https:\/\/elmetropolitano.com.gt\/es\/wp-content\/uploads\/2024\/01\/424721011_870944091698342_4921001828141092339_n-1024x683.jpg\" alt=\"\" class=\"wp-image-77108\" srcset=\"https:\/\/elmetropolitano.com.gt\/es\/wp-content\/uploads\/2024\/01\/424721011_870944091698342_4921001828141092339_n-1024x683.jpg 1024w, https:\/\/elmetropolitano.com.gt\/es\/wp-content\/uploads\/2024\/01\/424721011_870944091698342_4921001828141092339_n-300x200.jpg 300w, https:\/\/elmetropolitano.com.gt\/es\/wp-content\/uploads\/2024\/01\/424721011_870944091698342_4921001828141092339_n-768x512.jpg 768w, https:\/\/elmetropolitano.com.gt\/es\/wp-content\/uploads\/2024\/01\/424721011_870944091698342_4921001828141092339_n-1536x1024.jpg 1536w, https:\/\/elmetropolitano.com.gt\/es\/wp-content\/uploads\/2024\/01\/424721011_870944091698342_4921001828141092339_n.jpg 2048w\" sizes=\"auto, (max-width: 1024px) 100vw, 1024px\" \/><\/figure>\n<\/figure>\n","protected":false},"excerpt":{"rendered":"<p>Acompa\u00f1ado de su gabinete de gobierno, el presidente de la Rep\u00fablica, Bernardo Ar\u00e9valo manifest\u00f3 este lunes en conferencia de prensa que la asistencia de fiscal general, Consuelo Porras, y posterior retiro de la reuni\u00f3n de gabinete, evidenci\u00f3 su falta de voluntad para cumplir con la ley. Por ello, manifest\u00f3 que su gobierno analiza las acciones <a class=\"read-more\" href=\"https:\/\/elmetropolitano.com.gt\/es\/bernardo-arevalo-analiza-acciones-legales-contra-la-fiscal-general-consuelo-porras\/\">Leer m\u00e1s<\/a><\/p>\n","protected":false},"author":1,"featured_media":77105,"comment_status":"open","ping_status":"closed","sticky":false,"template":"","format":"standard","meta":{"footnotes":""},"categories":[2],"tags":[12],"class_list":["post-77104","post","type-post","status-publish","format-standard","has-post-thumbnail","hentry","category-nacionales","tag-nacionales"],"_links":{"self":[{"href":"https:\/\/elmetropolitano.com.gt\/es\/wp-json\/wp\/v2\/posts\/77104","targetHints":{"allow":["GET"]}}],"collection":[{"href":"https:\/\/elmetropolitano.com.gt\/es\/wp-json\/wp\/v2\/posts"}],"about":[{"href":"https:\/\/elmetropolitano.com.gt\/es\/wp-json\/wp\/v2\/types\/post"}],"author":[{"embeddable":true,"href":"https:\/\/elmetropolitano.com.gt\/es\/wp-json\/wp\/v2\/users\/1"}],"replies":[{"embeddable":true,"href":"https:\/\/elmetropolitano.com.gt\/es\/wp-json\/wp\/v2\/comments?post=77104"}],"version-history":[{"count":1,"href":"https:\/\/elmetropolitano.com.gt\/es\/wp-json\/wp\/v2\/posts\/77104\/revisions"}],"predecessor-version":[{"id":77109,"href":"https:\/\/elmetropolitano.com.gt\/es\/wp-json\/wp\/v2\/posts\/77104\/revisions\/77109"}],"wp:featuredmedia":[{"embeddable":true,"href":"https:\/\/elmetropolitano.com.gt\/es\/wp-json\/wp\/v2\/media\/77105"}],"wp:attachment":[{"href":"https:\/\/elmetropolitano.com.gt\/es\/wp-json\/wp\/v2\/media?parent=77104"}],"wp:term":[{"taxonomy":"category","embeddable":true,"href":"https:\/\/elmetropolitano.com.gt\/es\/wp-json\/wp\/v2\/categories?post=77104"},{"taxonomy":"post_tag","embeddable":true,"href":"https:\/\/elmetropolitano.com.gt\/es\/wp-json\/wp\/v2\/tags?post=77104"}],"curies":[{"name":"wp","href":"https:\/\/api.w.org\/{rel}","templated":true}]}}