{"id":77117,"date":"2024-01-30T09:21:54","date_gmt":"2024-01-30T15:21:54","guid":{"rendered":"https:\/\/elmetropolitano.com.gt\/es\/?p=77117"},"modified":"2024-01-30T09:21:56","modified_gmt":"2024-01-30T15:21:56","slug":"congreso-crea-comision-para-conocer-ley-de-competencia","status":"publish","type":"post","link":"https:\/\/elmetropolitano.com.gt\/es\/congreso-crea-comision-para-conocer-ley-de-competencia\/","title":{"rendered":"Congreso crea comisi\u00f3n para conocer ley de competencia"},"content":{"rendered":"\n<p>El presidente del Congreso, Nery Ramos anunci\u00f3 hoy en la instancia de jefes de bloque que se cre\u00f3 la comisi\u00f3n Presidencial para conocer la ley de competencia.<\/p>\n\n\n\n<p>Esta comisi\u00f3n presidencial la integrar\u00e1n todos los bloques parlamentarios e iniciar\u00e1n su trabajo la pr\u00f3xima semana, explic\u00f3 el presidente del Congreso.<\/p><div class=\"elmet-contenido\" id=\"elmet-4222595186\"><div class=\"elmet-adlabel\">Anuncios<\/div><div style=\"margin-top: 20px;margin-right: 20px;margin-bottom: 20px;margin-left: 20px;\" id=\"elmet-3244409930\"><a href=\"https:\/\/www.facebook.com\/arrincuanantigua\/\" aria-label=\"cintillo-arrin-cual\"><img loading=\"lazy\" decoding=\"async\" src=\"https:\/\/elmetropolitano.com.gt\/es\/wp-content\/uploads\/2021\/11\/cintillo-arrin-cual-1.jpg\" alt=\"\"  srcset=\"https:\/\/elmetropolitano.com.gt\/es\/wp-content\/uploads\/2021\/11\/cintillo-arrin-cual-1.jpg 750w, https:\/\/elmetropolitano.com.gt\/es\/wp-content\/uploads\/2021\/11\/cintillo-arrin-cual-1-300x36.jpg 300w, https:\/\/elmetropolitano.com.gt\/es\/wp-content\/uploads\/2021\/11\/cintillo-arrin-cual-1-600x72.jpg 600w\" sizes=\"(max-width: 750px) 100vw, 750px\" width=\"750\" height=\"90\"   \/><\/a><\/div><\/div>\n\n\n\n<p><a><\/a>Con esta iniciativa se acaban los monopolios y oligopolios expres\u00f3 el diputado de la bancada TODOS, Cornelio Garc\u00eda,cuando se refiri\u00f3 al tema.<\/p>\n\n\n\n<p>Varios diputados aplaudieron la propuesta y uno de ellos fue Jairo Flores de la bancada VOS, pues dijo que con eso se logra abarrotar el di\u00e9sel, la gasolina, los medicamentos, la telefon\u00eda y hasta algunos alimentos.<\/p>\n\n\n\n<p>El diputado In\u00e9s Castillo de la renovada bancada UNE, considera que debe de aprobarse dicha ley de una forma bien trabajada y sin \u201cpalanganeos\u201d y no como ofertas de campa\u00f1a.<\/p>\n\n\n\n<p>El Presidente del Congreso dijo que no es para crear m\u00e1s plazas que se busca trabajar esa ley y que se ver\u00e1n las tres iniciativas que est\u00e1n en la Direcci\u00f3n Legislativa.<\/p>\n\n\n\n<p>El diputado Manuel Archila de CABAL destac\u00f3 que est\u00e1 confirmado que se formar\u00e1 una comisi\u00f3n para analizar el tema de la iniciativa de ley de Competencia, es importante se\u00f1alar que est\u00e1 ley debe ser en favor de los consumidores de una econom\u00eda de mercado sana que tambi\u00e9n apoye a los emprendedores peque\u00f1os empresarios y lo que debe prevalecer son los intereses nacionales para el desarrollo y transformaci\u00f3n econ\u00f3mico del pa\u00eds.<\/p>\n\n\n\n<p>Adem\u00e1s debe ser una ley que genere oportunidades de trabajo, crear empresas, inversi\u00f3n y desarrollo para la gente.<\/p>\n\n\n\n<p>Para ma\u00f1ana martes, el Congreso dar\u00e1 a conocer la distribuci\u00f3n de las comisiones de trabajo y el jueves los bloques dar\u00e1n a conocer los nombres de los diputados asignados para presidir las mismas.<\/p>\n\n\n\n<p>Las clases pasivas<\/p>\n\n\n\n<p>Para ma\u00f1ana martes tambi\u00e9n se conocer\u00e1 en su primer debate las reformas al Decreto 6388 Ley de Clases civiles pasivas del Estado, iniciativa 5563.<\/p>\n\n\n\n<p>Esta tambi\u00e9n provoc\u00f3 discusi\u00f3n entre los jefes de bloque ya que algunos opinaban que se sometiera de urgencia nacional y otros no.<\/p>\n\n\n\n<p>Nery Ramos como presidente del Congreso anunci\u00f3 que para el mi\u00e9rcoles a las 16 horas en la instancia de jefes de bloque se escuchar\u00e1 al ministro de Finanzas para que informe al respecto.<\/p>\n\n\n\n<p>Texto Francisco Javier Hurtarte<\/p>\n\n\n\n<p><a href=\"https:\/\/www.facebook.com\/hashtag\/congresodelarepublicagt?__eep__=6&amp;__cft__[0]=AZWl7Gj5dMUQgROkf11ak3NUBcggc8MLmPbgwDq9EA9ss0qSkxfRYPuTGLllQGmjlTpUOC-CcbxJtZ1VuLSVwvOzByNyY9EW4hhMOurO0wPqjEQT7jETwzay3ml5Oe_D4PMRxWr3EOCvrourpLrW2DaWgJvnyc7VH8_tMszxbZPUs21qjAnQCY_ofCq2pt5Opes&amp;__tn__=*NK-R\">#CongresoDeLaRepublicagt<\/a><a href=\"https:\/\/www.facebook.com\/hashtag\/metroredes?__eep__=6&amp;__cft__[0]=AZWl7Gj5dMUQgROkf11ak3NUBcggc8MLmPbgwDq9EA9ss0qSkxfRYPuTGLllQGmjlTpUOC-CcbxJtZ1VuLSVwvOzByNyY9EW4hhMOurO0wPqjEQT7jETwzay3ml5Oe_D4PMRxWr3EOCvrourpLrW2DaWgJvnyc7VH8_tMszxbZPUs21qjAnQCY_ofCq2pt5Opes&amp;__tn__=*NK-R\">#metroredes<\/a><\/p>\n\n\n\n<p><a href=\"http:\/\/www.elmetropolitano.com.gt\/?fbclid=IwAR3Vf3Uh3fC1Md9JdnTAQ_dlul1RDGIadEgi8Eht7jmeATX6kw1AOT2emis\" rel=\"noreferrer noopener\" target=\"_blank\">Www.elmetropolitano.com.gt<\/a><\/p>\n\n\n\n<p><a href=\"https:\/\/l.facebook.com\/l.php?u=http%3A%2F%2FWww.metroredes.com%2F%3Ffbclid%3DIwAR3WWX3ZpzuNu2QHPbbhpIXhicuBluqQlO1EiL_RZA8HZo6VRWnDmNeY7EM&amp;h=AT1L99fab_2oaRFVQlzxwYkMT1zOTA5nb18w2MeWf6mkO0-uCWyX_6OPwFsQqCkeX3Mfr-VdGy55flK_50FQbmi6S6wSgrcYlvJ25PGLpmmI_5tVCgE2pMbtwI5DQZg_4_Zx-E9aLowVZ6Al9KB5&amp;__tn__=-UK-R&amp;c[0]=AT2y83PN0gooznDsUAIC6EpOJ_lYUxfNc5D3Z5sRQN8zCxwXhMwn0Q1wZzyCa4-zngUF-zb0Wmf2dqVz7LT6E-mNVN2FPxdi0YlmOsoSWv-58wdwb39Ih04y9NW2uORN74JePY9WP0dNy05q07G8J4TSVCJiH5f6mxQr8nTpTDB6GwjzRaoZu-6sbrZqHQhWX_49b6pP16yy\" target=\"_blank\" rel=\"noreferrer noopener\">Www.metroredes.com<\/a> <\/p>\n\n\n\n<figure class=\"wp-block-gallery has-nested-images columns-default is-cropped wp-block-gallery-1 is-layout-flex wp-block-gallery-is-layout-flex\">\n<figure class=\"wp-block-image size-large\"><img loading=\"lazy\" decoding=\"async\" width=\"1024\" height=\"690\" data-id=\"77120\" src=\"https:\/\/elmetropolitano.com.gt\/es\/wp-content\/uploads\/2024\/01\/424624403_870998715026213_3013851689125239528_n-1024x690.jpg\" alt=\"\" class=\"wp-image-77120\" srcset=\"https:\/\/elmetropolitano.com.gt\/es\/wp-content\/uploads\/2024\/01\/424624403_870998715026213_3013851689125239528_n-1024x690.jpg 1024w, https:\/\/elmetropolitano.com.gt\/es\/wp-content\/uploads\/2024\/01\/424624403_870998715026213_3013851689125239528_n-300x202.jpg 300w, https:\/\/elmetropolitano.com.gt\/es\/wp-content\/uploads\/2024\/01\/424624403_870998715026213_3013851689125239528_n-768x518.jpg 768w, https:\/\/elmetropolitano.com.gt\/es\/wp-content\/uploads\/2024\/01\/424624403_870998715026213_3013851689125239528_n-1536x1035.jpg 1536w, https:\/\/elmetropolitano.com.gt\/es\/wp-content\/uploads\/2024\/01\/424624403_870998715026213_3013851689125239528_n.jpg 2048w\" sizes=\"auto, (max-width: 1024px) 100vw, 1024px\" \/><\/figure>\n\n\n\n<figure class=\"wp-block-image size-large\"><img loading=\"lazy\" decoding=\"async\" width=\"1024\" height=\"683\" data-id=\"77119\" src=\"https:\/\/elmetropolitano.com.gt\/es\/wp-content\/uploads\/2024\/01\/424631829_870998871692864_2129224798025665289_n-1024x683.jpg\" alt=\"\" class=\"wp-image-77119\" srcset=\"https:\/\/elmetropolitano.com.gt\/es\/wp-content\/uploads\/2024\/01\/424631829_870998871692864_2129224798025665289_n-1024x683.jpg 1024w, https:\/\/elmetropolitano.com.gt\/es\/wp-content\/uploads\/2024\/01\/424631829_870998871692864_2129224798025665289_n-300x200.jpg 300w, https:\/\/elmetropolitano.com.gt\/es\/wp-content\/uploads\/2024\/01\/424631829_870998871692864_2129224798025665289_n-768x512.jpg 768w, https:\/\/elmetropolitano.com.gt\/es\/wp-content\/uploads\/2024\/01\/424631829_870998871692864_2129224798025665289_n-1536x1024.jpg 1536w, https:\/\/elmetropolitano.com.gt\/es\/wp-content\/uploads\/2024\/01\/424631829_870998871692864_2129224798025665289_n.jpg 1600w\" sizes=\"auto, (max-width: 1024px) 100vw, 1024px\" \/><\/figure>\n\n\n\n<figure class=\"wp-block-image size-large\"><img loading=\"lazy\" decoding=\"async\" width=\"1024\" height=\"682\" data-id=\"77121\" src=\"https:\/\/elmetropolitano.com.gt\/es\/wp-content\/uploads\/2024\/01\/424707618_870998741692877_1797864319915421182_n-1024x682.jpg\" alt=\"\" class=\"wp-image-77121\" srcset=\"https:\/\/elmetropolitano.com.gt\/es\/wp-content\/uploads\/2024\/01\/424707618_870998741692877_1797864319915421182_n-1024x682.jpg 1024w, https:\/\/elmetropolitano.com.gt\/es\/wp-content\/uploads\/2024\/01\/424707618_870998741692877_1797864319915421182_n-300x200.jpg 300w, https:\/\/elmetropolitano.com.gt\/es\/wp-content\/uploads\/2024\/01\/424707618_870998741692877_1797864319915421182_n-768x511.jpg 768w, https:\/\/elmetropolitano.com.gt\/es\/wp-content\/uploads\/2024\/01\/424707618_870998741692877_1797864319915421182_n-1536x1022.jpg 1536w, https:\/\/elmetropolitano.com.gt\/es\/wp-content\/uploads\/2024\/01\/424707618_870998741692877_1797864319915421182_n.jpg 2048w\" sizes=\"auto, (max-width: 1024px) 100vw, 1024px\" \/><\/figure>\n<\/figure>\n","protected":false},"excerpt":{"rendered":"<p>El presidente del Congreso, Nery Ramos anunci\u00f3 hoy en la instancia de jefes de bloque que se cre\u00f3 la comisi\u00f3n Presidencial para conocer la ley de competencia. Esta comisi\u00f3n presidencial la integrar\u00e1n todos los bloques parlamentarios e iniciar\u00e1n su trabajo la pr\u00f3xima semana, explic\u00f3 el presidente del Congreso. Con esta iniciativa se acaban los monopolios <a class=\"read-more\" href=\"https:\/\/elmetropolitano.com.gt\/es\/congreso-crea-comision-para-conocer-ley-de-competencia\/\">Leer m\u00e1s<\/a><\/p>\n","protected":false},"author":1,"featured_media":77118,"comment_status":"open","ping_status":"closed","sticky":false,"template":"","format":"standard","meta":{"footnotes":""},"categories":[2],"tags":[12],"class_list":["post-77117","post","type-post","status-publish","format-standard","has-post-thumbnail","hentry","category-nacionales","tag-nacionales"],"_links":{"self":[{"href":"https:\/\/elmetropolitano.com.gt\/es\/wp-json\/wp\/v2\/posts\/77117","targetHints":{"allow":["GET"]}}],"collection":[{"href":"https:\/\/elmetropolitano.com.gt\/es\/wp-json\/wp\/v2\/posts"}],"about":[{"href":"https:\/\/elmetropolitano.com.gt\/es\/wp-json\/wp\/v2\/types\/post"}],"author":[{"embeddable":true,"href":"https:\/\/elmetropolitano.com.gt\/es\/wp-json\/wp\/v2\/users\/1"}],"replies":[{"embeddable":true,"href":"https:\/\/elmetropolitano.com.gt\/es\/wp-json\/wp\/v2\/comments?post=77117"}],"version-history":[{"count":1,"href":"https:\/\/elmetropolitano.com.gt\/es\/wp-json\/wp\/v2\/posts\/77117\/revisions"}],"predecessor-version":[{"id":77122,"href":"https:\/\/elmetropolitano.com.gt\/es\/wp-json\/wp\/v2\/posts\/77117\/revisions\/77122"}],"wp:featuredmedia":[{"embeddable":true,"href":"https:\/\/elmetropolitano.com.gt\/es\/wp-json\/wp\/v2\/media\/77118"}],"wp:attachment":[{"href":"https:\/\/elmetropolitano.com.gt\/es\/wp-json\/wp\/v2\/media?parent=77117"}],"wp:term":[{"taxonomy":"category","embeddable":true,"href":"https:\/\/elmetropolitano.com.gt\/es\/wp-json\/wp\/v2\/categories?post=77117"},{"taxonomy":"post_tag","embeddable":true,"href":"https:\/\/elmetropolitano.com.gt\/es\/wp-json\/wp\/v2\/tags?post=77117"}],"curies":[{"name":"wp","href":"https:\/\/api.w.org\/{rel}","templated":true}]}}