{"id":77190,"date":"2024-01-30T21:54:46","date_gmt":"2024-01-31T03:54:46","guid":{"rendered":"https:\/\/elmetropolitano.com.gt\/es\/?p=77190"},"modified":"2024-01-30T21:54:47","modified_gmt":"2024-01-31T03:54:47","slug":"autoridades-del-mingob-se-reunieron-con-el-secretario-estadounidense-alejandro-mayorkas","status":"publish","type":"post","link":"https:\/\/elmetropolitano.com.gt\/es\/autoridades-del-mingob-se-reunieron-con-el-secretario-estadounidense-alejandro-mayorkas\/","title":{"rendered":"Autoridades del Mingob se reunieron con el secretario estadounidense Alejandro Mayorkas"},"content":{"rendered":"\n<p>El ministro de Gobernaci\u00f3n, Francisco Jim\u00e9nez, y el quinto viceministro de Antinarc\u00f3ticos, Werner Ovalle, se reunieron virtualmente con el secretario de Seguridad Nacional de Estados Unidos, Alejandro Mayorkas, para abordar temas de seguridad que son de inter\u00e9s para ambas naciones.<\/p>\n\n\n\n<p>En el encuentro virtual, el ministro Francisco Jim\u00e9nez y su viceministro Werner Ovalle dialogaron con Mayorkas <a><\/a>sobre la cooperaci\u00f3n internacional, seguridad en las fronteras, derechos humanos y migraci\u00f3n.<\/p><div class=\"elmet-contenido\" id=\"elmet-727988110\"><div class=\"elmet-adlabel\">Anuncios<\/div><div style=\"margin-top: 20px;margin-right: 20px;margin-bottom: 20px;margin-left: 20px;\" id=\"elmet-3492735030\"><a href=\"https:\/\/www.facebook.com\/arrincuanantigua\/\" aria-label=\"cintillo-arrin-cual\"><img loading=\"lazy\" decoding=\"async\" src=\"https:\/\/elmetropolitano.com.gt\/es\/wp-content\/uploads\/2021\/11\/cintillo-arrin-cual-1.jpg\" alt=\"\"  srcset=\"https:\/\/elmetropolitano.com.gt\/es\/wp-content\/uploads\/2021\/11\/cintillo-arrin-cual-1.jpg 750w, https:\/\/elmetropolitano.com.gt\/es\/wp-content\/uploads\/2021\/11\/cintillo-arrin-cual-1-300x36.jpg 300w, https:\/\/elmetropolitano.com.gt\/es\/wp-content\/uploads\/2021\/11\/cintillo-arrin-cual-1-600x72.jpg 600w\" sizes=\"(max-width: 750px) 100vw, 750px\" width=\"750\" height=\"90\"   \/><\/a><\/div><\/div>\n\n\n\n<p>Guatemala y Estados Unidos han trabajado constantemente como aliados para abordar desaf\u00edos en la regi\u00f3n.<\/p>\n\n\n\n<p>Guatemala como aliado clave<\/p>\n\n\n\n<p>Alejandro Mayorkas, a trav\u00e9s de sus redes sociales, destac\u00f3 la importancia estrat\u00e9gica de Guatemala en la lucha regional contra problemas como el tr\u00e1fico de personas, el narcotr\u00e1fico, la migraci\u00f3n irregular, la corrupci\u00f3n y la seguridad portuaria.<\/p>\n\n\n\n<p>\u201cGuatemala es un socio clave en nuestra batalla regional. Tuve una excelente reuni\u00f3n con el nuevo ministro de Gobernaci\u00f3n, Francisco Jim\u00e9nez, de Guatemala, sobre nuestro trabajo conjunto en estos esfuerzos.<\/p>\n\n\n\n<p>En respuesta, el ministro Francisco Jim\u00e9nez utiliz\u00f3 sus redes sociales para reafirmar el compromiso de Guatemala en esta alianza estrat\u00e9gica\u201d expres\u00f3 el funcionario estadounidense<\/p>\n\n\n\n<p>Reitero nuestro compromiso de continuar trabajando juntos contra los riesgos y amenazas que afectan a nuestra regi\u00f3n. Estaremos preparados para su visita en un futuro pr\u00f3ximo.<\/p>\n\n\n\n<p>Esta declaraci\u00f3n resalta el enfoque firme del pa\u00eds centroamericano en abordar los desaf\u00edos comunes.<\/p>\n\n\n\n<p>Di\u00e1logo fruct\u00edfero<\/p>\n\n\n\n<p>Durante la reuni\u00f3n virtual, ambos l\u00edderes en seguridad discutieron detalladamente estrategias para fortalecer la cooperaci\u00f3n bilateral. Adem\u00e1s, el respeto a los derechos humanos fue un tema central en el di\u00e1logo. Ambos pa\u00edses reafirmaron su compromiso con el pleno respeto de los derechos fundamentales, promoviendo sociedades m\u00e1s justas e inclusivas.<\/p>\n\n\n\n<p>Con los mensajes de los funcionarios se evidencia que las redes sociales se han convertido en un medio clave para destacar la importancia de estos encuentros. Asimismo, son un canal para evidenciar la renovaci\u00f3n del compromiso entre naciones en la b\u00fasqueda de soluciones. En este caso, a los desaf\u00edos a nivel regional en seguridad.<\/p>\n\n\n\n<p>Tambi\u00e9n se observa la cercan\u00eda de las autoridades estadounidenses con las nuevas autoridades guatemaltecas, con la llegada del presidente Bernardo Ar\u00e9valo y la vicepresidenta Karin Herrera al Ejecutivo. Esto debido al enfoque anticorrupci\u00f3n y la voluntad de abordar los problemas que afectan a la poblaci\u00f3n para que Guatemala avance.<\/p>\n\n\n\n<p>Texto: Lincy Rodr\u00edguez<\/p>\n\n\n\n<p><a href=\"https:\/\/www.facebook.com\/hashtag\/metroredes?__eep__=6&amp;__cft__[0]=AZUSHA5upEGnTE7EMnni2s8Edc1uUxC-QVuiS2JPPXz_Ybb4dQPm9rlob4YNa2I_oSoUTIGKLXU3cmKqCDYy077DnvaXweZYfrCX2qY-PJX61Ls8O3IxQjLnJ_veG4Wx91dI_tFSnUWcmpJ8OVmV-CYKoDak_X209Zi0v6vVss_nHKPDVzBg7HIC0tssc0kQzx0&amp;__tn__=*NK-R\">#metroredes<\/a>  www.metroredes.com  www.elescuintleco.com <\/p>\n","protected":false},"excerpt":{"rendered":"<p>El ministro de Gobernaci\u00f3n, Francisco Jim\u00e9nez, y el quinto viceministro de Antinarc\u00f3ticos, Werner Ovalle, se reunieron virtualmente con el secretario de Seguridad Nacional de Estados Unidos, Alejandro Mayorkas, para abordar temas de seguridad que son de inter\u00e9s para ambas naciones. En el encuentro virtual, el ministro Francisco Jim\u00e9nez y su viceministro Werner Ovalle dialogaron con <a class=\"read-more\" href=\"https:\/\/elmetropolitano.com.gt\/es\/autoridades-del-mingob-se-reunieron-con-el-secretario-estadounidense-alejandro-mayorkas\/\">Leer m\u00e1s<\/a><\/p>\n","protected":false},"author":1,"featured_media":77191,"comment_status":"open","ping_status":"closed","sticky":false,"template":"","format":"standard","meta":{"footnotes":""},"categories":[2],"tags":[12],"class_list":["post-77190","post","type-post","status-publish","format-standard","has-post-thumbnail","hentry","category-nacionales","tag-nacionales"],"_links":{"self":[{"href":"https:\/\/elmetropolitano.com.gt\/es\/wp-json\/wp\/v2\/posts\/77190","targetHints":{"allow":["GET"]}}],"collection":[{"href":"https:\/\/elmetropolitano.com.gt\/es\/wp-json\/wp\/v2\/posts"}],"about":[{"href":"https:\/\/elmetropolitano.com.gt\/es\/wp-json\/wp\/v2\/types\/post"}],"author":[{"embeddable":true,"href":"https:\/\/elmetropolitano.com.gt\/es\/wp-json\/wp\/v2\/users\/1"}],"replies":[{"embeddable":true,"href":"https:\/\/elmetropolitano.com.gt\/es\/wp-json\/wp\/v2\/comments?post=77190"}],"version-history":[{"count":1,"href":"https:\/\/elmetropolitano.com.gt\/es\/wp-json\/wp\/v2\/posts\/77190\/revisions"}],"predecessor-version":[{"id":77192,"href":"https:\/\/elmetropolitano.com.gt\/es\/wp-json\/wp\/v2\/posts\/77190\/revisions\/77192"}],"wp:featuredmedia":[{"embeddable":true,"href":"https:\/\/elmetropolitano.com.gt\/es\/wp-json\/wp\/v2\/media\/77191"}],"wp:attachment":[{"href":"https:\/\/elmetropolitano.com.gt\/es\/wp-json\/wp\/v2\/media?parent=77190"}],"wp:term":[{"taxonomy":"category","embeddable":true,"href":"https:\/\/elmetropolitano.com.gt\/es\/wp-json\/wp\/v2\/categories?post=77190"},{"taxonomy":"post_tag","embeddable":true,"href":"https:\/\/elmetropolitano.com.gt\/es\/wp-json\/wp\/v2\/tags?post=77190"}],"curies":[{"name":"wp","href":"https:\/\/api.w.org\/{rel}","templated":true}]}}