{"id":77349,"date":"2024-02-02T17:57:42","date_gmt":"2024-02-02T23:57:42","guid":{"rendered":"https:\/\/elmetropolitano.com.gt\/es\/?p=77349"},"modified":"2024-02-02T17:57:45","modified_gmt":"2024-02-02T23:57:45","slug":"ecuador-confirma-amistoso-ante-guatemala-en-fecha-fifa","status":"publish","type":"post","link":"https:\/\/elmetropolitano.com.gt\/es\/ecuador-confirma-amistoso-ante-guatemala-en-fecha-fifa\/","title":{"rendered":"Ecuador confirma amistoso ante Guatemala en fecha FIFA"},"content":{"rendered":"\n<p>Mediante las redes sociales de la Federaci\u00f3n Ecuatoriana de F\u00fatbol (FEF), se anunci\u00f3 que Ecuador se medir\u00e1 a Guatemala durante la fecha FIFA de marzo, en los Estados Unidos.<\/p>\n\n\n\n<p>Los <a><\/a>sudamericanos anunciaron sus dos encuentros de preparaci\u00f3n antes de disputar la Copa Am\u00e9rica 2024 en Estados Unidos, durante la primera parada se medir\u00e1n ante los guatemaltecos. De esta manera, la azul y blanco continuar\u00e1 midi\u00e9ndose a grandes rivales, para llegar de la mejor forma posible a sus primeros encuentros de las eliminatorias mundialistas 2024-2025.<\/p><div class=\"elmet-contenido\" id=\"elmet-1295113441\"><div class=\"elmet-adlabel\">Anuncios<\/div><div style=\"margin-top: 20px;margin-right: 20px;margin-bottom: 20px;margin-left: 20px;\" id=\"elmet-3837629672\"><a href=\"https:\/\/www.facebook.com\/arrincuanantigua\/\" aria-label=\"cintillo-arrin-cual\"><img loading=\"lazy\" decoding=\"async\" src=\"https:\/\/elmetropolitano.com.gt\/es\/wp-content\/uploads\/2021\/11\/cintillo-arrin-cual-1.jpg\" alt=\"\"  srcset=\"https:\/\/elmetropolitano.com.gt\/es\/wp-content\/uploads\/2021\/11\/cintillo-arrin-cual-1.jpg 750w, https:\/\/elmetropolitano.com.gt\/es\/wp-content\/uploads\/2021\/11\/cintillo-arrin-cual-1-300x36.jpg 300w, https:\/\/elmetropolitano.com.gt\/es\/wp-content\/uploads\/2021\/11\/cintillo-arrin-cual-1-600x72.jpg 600w\" sizes=\"(max-width: 750px) 100vw, 750px\" width=\"750\" height=\"90\"   \/><\/a><\/div><\/div>\n\n\n\n<p>Una gran oportunidad<\/p>\n\n\n\n<p>Guatemala tendr\u00e1 la gran oportunidad de seguir enfrentando a rivales de alto nivel, para poder alcanzar su mejor versi\u00f3n en la b\u00fasqueda de clasificar a su primera Copa del Mundo en 2026. Frente a la Bicolor se encuentra una gran selecci\u00f3n, como lo es Ecuador. Mundialista en cuatro ocasiones, siendo la \u00faltima en Qatar 2022.<\/p>\n\n\n\n<p>Actualmente, la selecci\u00f3n que lidera F\u00e9lix S\u00e1nchez Bas se ubica en la quinta posici\u00f3n de las eliminatorias mundialistas de la Conmebol rumbo al Mundial de 2026. Este es el \u00fanico encuentro confirmado para la selecci\u00f3n de Guatemala en el par\u00f3n de marzo.<\/p>\n\n\n\n<p>Fecha del partido<\/p>\n\n\n\n<p>El encuentro entre guatemaltecos y ecuatorianos se disputar\u00e1 el jueves 21 de marzo en el Red Bull Arena, New Jersey. Posteriormente a ello, Ecuador se enfrentar\u00e1 a Italia el 24 de marzo.<\/p>\n\n\n\n<p>Este ser\u00e1 el noveno partido entre ambas naciones. La balanza est\u00e1 totalmente a favor de Ecuador, ya que cuenta con cuatro victorias, tres empates y una derrota ante Guatemala. La \u00faltima vez que se enfrentaron fue en septiembre de 2018 cuando la Tri se impuso 2-0.<\/p>\n\n\n\n<p>Texto: Josu\u00e9 David Acevedo Rivas<\/p>\n\n\n\n<p><a href=\"https:\/\/www.facebook.com\/hashtag\/metroredes?__eep__=6&amp;__cft__[0]=AZULCGqhzgPxS-3dzYQkXcK_M6SP0Y6UxbFfUgcAADOKjrgSmZndYcBXLGfJxC3QEHP19JB5Z87UEWTCamaXfWOS0nP-38quFNZ3WViRVO2j-VDzgr4Qx62isxRXNDl7mOjFSPG5g44bMQz0bmkC2CJImluAsFcFbdOJCWwl4QxEfDs1DI8A5wU7aHxZd_E6DGQ&amp;__tn__=*NK-R\">#metroredes<\/a><a href=\"https:\/\/www.facebook.com\/hashtag\/futbol?__eep__=6&amp;__cft__[0]=AZULCGqhzgPxS-3dzYQkXcK_M6SP0Y6UxbFfUgcAADOKjrgSmZndYcBXLGfJxC3QEHP19JB5Z87UEWTCamaXfWOS0nP-38quFNZ3WViRVO2j-VDzgr4Qx62isxRXNDl7mOjFSPG5g44bMQz0bmkC2CJImluAsFcFbdOJCWwl4QxEfDs1DI8A5wU7aHxZd_E6DGQ&amp;__tn__=*NK-R\">#futbol<\/a> www.metroredes.com  www.elescuintleco.com <\/p>\n\n\n\n<figure class=\"wp-block-image size-large\"><img loading=\"lazy\" decoding=\"async\" width=\"819\" height=\"1024\" src=\"https:\/\/elmetropolitano.com.gt\/es\/wp-content\/uploads\/2024\/02\/424990086_873718024754282_4607820047450137988_n-819x1024.jpg\" alt=\"\" class=\"wp-image-77351\" srcset=\"https:\/\/elmetropolitano.com.gt\/es\/wp-content\/uploads\/2024\/02\/424990086_873718024754282_4607820047450137988_n-819x1024.jpg 819w, https:\/\/elmetropolitano.com.gt\/es\/wp-content\/uploads\/2024\/02\/424990086_873718024754282_4607820047450137988_n-240x300.jpg 240w, https:\/\/elmetropolitano.com.gt\/es\/wp-content\/uploads\/2024\/02\/424990086_873718024754282_4607820047450137988_n-768x960.jpg 768w, https:\/\/elmetropolitano.com.gt\/es\/wp-content\/uploads\/2024\/02\/424990086_873718024754282_4607820047450137988_n.jpg 1098w\" sizes=\"auto, (max-width: 819px) 100vw, 819px\" \/><\/figure>\n","protected":false},"excerpt":{"rendered":"<p>Mediante las redes sociales de la Federaci\u00f3n Ecuatoriana de F\u00fatbol (FEF), se anunci\u00f3 que Ecuador se medir\u00e1 a Guatemala durante la fecha FIFA de marzo, en los Estados Unidos. Los sudamericanos anunciaron sus dos encuentros de preparaci\u00f3n antes de disputar la Copa Am\u00e9rica 2024 en Estados Unidos, durante la primera parada se medir\u00e1n ante los <a class=\"read-more\" href=\"https:\/\/elmetropolitano.com.gt\/es\/ecuador-confirma-amistoso-ante-guatemala-en-fecha-fifa\/\">Leer m\u00e1s<\/a><\/p>\n","protected":false},"author":1,"featured_media":77350,"comment_status":"open","ping_status":"closed","sticky":false,"template":"","format":"standard","meta":{"footnotes":""},"categories":[43],"tags":[44],"class_list":["post-77349","post","type-post","status-publish","format-standard","has-post-thumbnail","hentry","category-deportes","tag-deportes"],"_links":{"self":[{"href":"https:\/\/elmetropolitano.com.gt\/es\/wp-json\/wp\/v2\/posts\/77349","targetHints":{"allow":["GET"]}}],"collection":[{"href":"https:\/\/elmetropolitano.com.gt\/es\/wp-json\/wp\/v2\/posts"}],"about":[{"href":"https:\/\/elmetropolitano.com.gt\/es\/wp-json\/wp\/v2\/types\/post"}],"author":[{"embeddable":true,"href":"https:\/\/elmetropolitano.com.gt\/es\/wp-json\/wp\/v2\/users\/1"}],"replies":[{"embeddable":true,"href":"https:\/\/elmetropolitano.com.gt\/es\/wp-json\/wp\/v2\/comments?post=77349"}],"version-history":[{"count":1,"href":"https:\/\/elmetropolitano.com.gt\/es\/wp-json\/wp\/v2\/posts\/77349\/revisions"}],"predecessor-version":[{"id":77352,"href":"https:\/\/elmetropolitano.com.gt\/es\/wp-json\/wp\/v2\/posts\/77349\/revisions\/77352"}],"wp:featuredmedia":[{"embeddable":true,"href":"https:\/\/elmetropolitano.com.gt\/es\/wp-json\/wp\/v2\/media\/77350"}],"wp:attachment":[{"href":"https:\/\/elmetropolitano.com.gt\/es\/wp-json\/wp\/v2\/media?parent=77349"}],"wp:term":[{"taxonomy":"category","embeddable":true,"href":"https:\/\/elmetropolitano.com.gt\/es\/wp-json\/wp\/v2\/categories?post=77349"},{"taxonomy":"post_tag","embeddable":true,"href":"https:\/\/elmetropolitano.com.gt\/es\/wp-json\/wp\/v2\/tags?post=77349"}],"curies":[{"name":"wp","href":"https:\/\/api.w.org\/{rel}","templated":true}]}}