{"id":77385,"date":"2024-02-05T18:55:07","date_gmt":"2024-02-06T00:55:07","guid":{"rendered":"https:\/\/elmetropolitano.com.gt\/es\/?p=77385"},"modified":"2024-02-05T18:55:08","modified_gmt":"2024-02-06T00:55:08","slug":"gaby-moreno-gana-grammy-a-mejor-album-pop-latino","status":"publish","type":"post","link":"https:\/\/elmetropolitano.com.gt\/es\/gaby-moreno-gana-grammy-a-mejor-album-pop-latino\/","title":{"rendered":"Gaby Moreno gana Grammy a \u00abmejor \u00e1lbum pop latino\u00bb"},"content":{"rendered":"\n<p>La artista guatemalteca Gaby Moreno consigui\u00f3 este domingo el Grammy en la categor\u00eda de Mejor \u00c1lbum de Pop Latino, con la producci\u00f3n (\u2018X M\u00ed Vol. 1\u2019) en la 66 edici\u00f3n de los premios de la Academia de la Grabaci\u00f3n de EE.UU y en guatenala a generado una reacci\u00f3n en cadena de felicitaciones de diversos sectores del Pa\u00eds<\/p>\n\n\n\n<p><a><\/a>Moreno y Albor\u00e1n compet\u00edan en este apartado con AleMor (\u2018Beautiful Humans\u2019), Paula Arenas (\u2018A Ciegas\u2019), Pedro Cap\u00f3 (\u2018La Neta\u2019) y Maluma (\u2018Don Juan\u2019).<\/p><div class=\"elmet-contenido\" id=\"elmet-3807184365\"><div class=\"elmet-adlabel\">Anuncios<\/div><div style=\"margin-top: 20px;margin-right: 20px;margin-bottom: 20px;margin-left: 20px;\" id=\"elmet-3061829837\"><a href=\"https:\/\/www.facebook.com\/arrincuanantigua\/\" aria-label=\"cintillo-arrin-cual\"><img loading=\"lazy\" decoding=\"async\" src=\"https:\/\/elmetropolitano.com.gt\/es\/wp-content\/uploads\/2021\/11\/cintillo-arrin-cual-1.jpg\" alt=\"\"  srcset=\"https:\/\/elmetropolitano.com.gt\/es\/wp-content\/uploads\/2021\/11\/cintillo-arrin-cual-1.jpg 750w, https:\/\/elmetropolitano.com.gt\/es\/wp-content\/uploads\/2021\/11\/cintillo-arrin-cual-1-300x36.jpg 300w, https:\/\/elmetropolitano.com.gt\/es\/wp-content\/uploads\/2021\/11\/cintillo-arrin-cual-1-600x72.jpg 600w\" sizes=\"(max-width: 750px) 100vw, 750px\" width=\"750\" height=\"90\"   \/><\/a><\/div><\/div>\n\n\n\n<p>La cantautoraguatemalteca, que hab\u00eda sido ovacionada minutos antes con una actuaci\u00f3n durante la pregala de los Grammy en la que se entreg\u00f3 el premio, se mostr\u00f3 muy emocionada al recibir el galard\u00f3n.<\/p>\n\n\n\n<p>\u201cMuchas gracias a mi madre y a mi hermana por venir desde Guatemala aqu\u00ed solo para verme (\u2026) Este es un \u00e1lbum ac\u00fastico conformado por canciones que han significado mucho para m\u00ed de otros proyectos (\u2026) Se lo quiero dedicar a toda mi gente en Guatemala\u201d expres\u00f3 Gaby Moreno<\/p>\n\n\n\n<p>La gala principal los Grammy, los premios m\u00e1s reputados de la industria de la m\u00fasica a nivel internacional, se celebraron este domingo 4 de febrero en el recinto Crypto.co Arena de Los \u00c1ngeles<\/p>\n\n\n\n<p>Texto: Josue David Acevedo Rivas<\/p>\n\n\n\n<p><a href=\"https:\/\/www.facebook.com\/hashtag\/gabymoreno?__eep__=6&amp;__cft__[0]=AZWSrvZ11Wcuc77584i33i57KlpD4gxSxU18l6Q_1siHF4rcGWj_ig0cgZR7Hq8QtavnFw_3-RBhjTHlB9S32jNXLaxtcZh4mWekw-mFimITdVDunvDB0JOD4qAtL5iUc1S4CQJqZ4u_uembD8B1TeZRKYR_bhcVPmioB73IFzcBhr6-hjMeTbTE6iYGq_L-XRE&amp;__tn__=*NK-R\">#GabyMoreno<\/a><a href=\"https:\/\/www.facebook.com\/hashtag\/grammys?__eep__=6&amp;__cft__[0]=AZWSrvZ11Wcuc77584i33i57KlpD4gxSxU18l6Q_1siHF4rcGWj_ig0cgZR7Hq8QtavnFw_3-RBhjTHlB9S32jNXLaxtcZh4mWekw-mFimITdVDunvDB0JOD4qAtL5iUc1S4CQJqZ4u_uembD8B1TeZRKYR_bhcVPmioB73IFzcBhr6-hjMeTbTE6iYGq_L-XRE&amp;__tn__=*NK-R\">#GRAMMYs<\/a><\/p>\n\n\n\n<figure class=\"wp-block-gallery has-nested-images columns-default is-cropped wp-block-gallery-1 is-layout-flex wp-block-gallery-is-layout-flex\">\n<figure class=\"wp-block-image size-large\"><img loading=\"lazy\" decoding=\"async\" width=\"1024\" height=\"1024\" data-id=\"77388\" src=\"https:\/\/elmetropolitano.com.gt\/es\/wp-content\/uploads\/2024\/02\/425617080_875099044616180_515958013420513336_n-1024x1024.jpg\" alt=\"\" class=\"wp-image-77388\" srcset=\"https:\/\/elmetropolitano.com.gt\/es\/wp-content\/uploads\/2024\/02\/425617080_875099044616180_515958013420513336_n-1024x1024.jpg 1024w, https:\/\/elmetropolitano.com.gt\/es\/wp-content\/uploads\/2024\/02\/425617080_875099044616180_515958013420513336_n-300x300.jpg 300w, https:\/\/elmetropolitano.com.gt\/es\/wp-content\/uploads\/2024\/02\/425617080_875099044616180_515958013420513336_n-150x150.jpg 150w, https:\/\/elmetropolitano.com.gt\/es\/wp-content\/uploads\/2024\/02\/425617080_875099044616180_515958013420513336_n-768x768.jpg 768w, https:\/\/elmetropolitano.com.gt\/es\/wp-content\/uploads\/2024\/02\/425617080_875099044616180_515958013420513336_n.jpg 1200w\" sizes=\"auto, (max-width: 1024px) 100vw, 1024px\" \/><\/figure>\n\n\n\n<figure class=\"wp-block-image size-large\"><img loading=\"lazy\" decoding=\"async\" width=\"1000\" height=\"667\" data-id=\"77387\" src=\"https:\/\/elmetropolitano.com.gt\/es\/wp-content\/uploads\/2024\/02\/425623857_875099034616181_7412008699840087046_n.jpg\" alt=\"\" class=\"wp-image-77387\" srcset=\"https:\/\/elmetropolitano.com.gt\/es\/wp-content\/uploads\/2024\/02\/425623857_875099034616181_7412008699840087046_n.jpg 1000w, https:\/\/elmetropolitano.com.gt\/es\/wp-content\/uploads\/2024\/02\/425623857_875099034616181_7412008699840087046_n-300x200.jpg 300w, https:\/\/elmetropolitano.com.gt\/es\/wp-content\/uploads\/2024\/02\/425623857_875099034616181_7412008699840087046_n-768x512.jpg 768w\" sizes=\"auto, (max-width: 1000px) 100vw, 1000px\" \/><\/figure>\n\n\n\n<figure class=\"wp-block-image size-large\"><img loading=\"lazy\" decoding=\"async\" width=\"1000\" height=\"667\" data-id=\"77389\" src=\"https:\/\/elmetropolitano.com.gt\/es\/wp-content\/uploads\/2024\/02\/425708033_875099051282846_4964136755023781773_n.jpg\" alt=\"\" class=\"wp-image-77389\" srcset=\"https:\/\/elmetropolitano.com.gt\/es\/wp-content\/uploads\/2024\/02\/425708033_875099051282846_4964136755023781773_n.jpg 1000w, https:\/\/elmetropolitano.com.gt\/es\/wp-content\/uploads\/2024\/02\/425708033_875099051282846_4964136755023781773_n-300x200.jpg 300w, https:\/\/elmetropolitano.com.gt\/es\/wp-content\/uploads\/2024\/02\/425708033_875099051282846_4964136755023781773_n-768x512.jpg 768w\" sizes=\"auto, (max-width: 1000px) 100vw, 1000px\" \/><\/figure>\n<\/figure>\n","protected":false},"excerpt":{"rendered":"<p>La artista guatemalteca Gaby Moreno consigui\u00f3 este domingo el Grammy en la categor\u00eda de Mejor \u00c1lbum de Pop Latino, con la producci\u00f3n (\u2018X M\u00ed Vol. 1\u2019) en la 66 edici\u00f3n de los premios de la Academia de la Grabaci\u00f3n de EE.UU y en guatenala a generado una reacci\u00f3n en cadena de felicitaciones de diversos sectores <a class=\"read-more\" href=\"https:\/\/elmetropolitano.com.gt\/es\/gaby-moreno-gana-grammy-a-mejor-album-pop-latino\/\">Leer m\u00e1s<\/a><\/p>\n","protected":false},"author":1,"featured_media":77386,"comment_status":"open","ping_status":"closed","sticky":false,"template":"","format":"standard","meta":{"footnotes":""},"categories":[22],"tags":[18],"class_list":["post-77385","post","type-post","status-publish","format-standard","has-post-thumbnail","hentry","category-espectaculos","tag-espectaculos"],"_links":{"self":[{"href":"https:\/\/elmetropolitano.com.gt\/es\/wp-json\/wp\/v2\/posts\/77385","targetHints":{"allow":["GET"]}}],"collection":[{"href":"https:\/\/elmetropolitano.com.gt\/es\/wp-json\/wp\/v2\/posts"}],"about":[{"href":"https:\/\/elmetropolitano.com.gt\/es\/wp-json\/wp\/v2\/types\/post"}],"author":[{"embeddable":true,"href":"https:\/\/elmetropolitano.com.gt\/es\/wp-json\/wp\/v2\/users\/1"}],"replies":[{"embeddable":true,"href":"https:\/\/elmetropolitano.com.gt\/es\/wp-json\/wp\/v2\/comments?post=77385"}],"version-history":[{"count":1,"href":"https:\/\/elmetropolitano.com.gt\/es\/wp-json\/wp\/v2\/posts\/77385\/revisions"}],"predecessor-version":[{"id":77390,"href":"https:\/\/elmetropolitano.com.gt\/es\/wp-json\/wp\/v2\/posts\/77385\/revisions\/77390"}],"wp:featuredmedia":[{"embeddable":true,"href":"https:\/\/elmetropolitano.com.gt\/es\/wp-json\/wp\/v2\/media\/77386"}],"wp:attachment":[{"href":"https:\/\/elmetropolitano.com.gt\/es\/wp-json\/wp\/v2\/media?parent=77385"}],"wp:term":[{"taxonomy":"category","embeddable":true,"href":"https:\/\/elmetropolitano.com.gt\/es\/wp-json\/wp\/v2\/categories?post=77385"},{"taxonomy":"post_tag","embeddable":true,"href":"https:\/\/elmetropolitano.com.gt\/es\/wp-json\/wp\/v2\/tags?post=77385"}],"curies":[{"name":"wp","href":"https:\/\/api.w.org\/{rel}","templated":true}]}}