{"id":77457,"date":"2024-02-06T09:28:13","date_gmt":"2024-02-06T15:28:13","guid":{"rendered":"https:\/\/elmetropolitano.com.gt\/es\/?p=77457"},"modified":"2024-02-06T09:28:15","modified_gmt":"2024-02-06T15:28:15","slug":"guatemala-confirma-amistosos-para-fecha-fifa-de-marzo","status":"publish","type":"post","link":"https:\/\/elmetropolitano.com.gt\/es\/guatemala-confirma-amistosos-para-fecha-fifa-de-marzo\/","title":{"rendered":"Guatemala confirma amistosos para fecha FIFA de marzo"},"content":{"rendered":"\n<p>Mediante las redes sociales de la Federaci\u00f3n Nacional de F\u00fatbol de Guatemala (FedeFut), se comunic\u00f3 que la selecci\u00f3n nacional tendr\u00e1 dos encuentros durante la fecha FIFA de marzo.<\/p>\n\n\n\n<p>Los <a><\/a>rivales de la Bicolor ser\u00e1n dos grandes rivales de la Conmebol, este encuentro ser\u00e1 de suma importancia para ambos combinados, ya que Guatemala arrancar\u00e1 el sue\u00f1o mundialista en junio, mientras que los sudamericanos disputar\u00e1n la Copa Am\u00e9rica 2024.<\/p><div class=\"elmet-contenido\" id=\"elmet-512749005\"><div class=\"elmet-adlabel\">Anuncios<\/div><div style=\"margin-top: 20px;margin-right: 20px;margin-bottom: 20px;margin-left: 20px;\" id=\"elmet-4064339303\"><a href=\"https:\/\/www.facebook.com\/arrincuanantigua\/\" aria-label=\"cintillo-arrin-cual\"><img loading=\"lazy\" decoding=\"async\" src=\"https:\/\/elmetropolitano.com.gt\/es\/wp-content\/uploads\/2021\/11\/cintillo-arrin-cual-1.jpg\" alt=\"\"  srcset=\"https:\/\/elmetropolitano.com.gt\/es\/wp-content\/uploads\/2021\/11\/cintillo-arrin-cual-1.jpg 750w, https:\/\/elmetropolitano.com.gt\/es\/wp-content\/uploads\/2021\/11\/cintillo-arrin-cual-1-300x36.jpg 300w, https:\/\/elmetropolitano.com.gt\/es\/wp-content\/uploads\/2021\/11\/cintillo-arrin-cual-1-600x72.jpg 600w\" sizes=\"(max-width: 750px) 100vw, 750px\" width=\"750\" height=\"90\"   \/><\/a><\/div><\/div>\n\n\n\n<p>Una gran oportunidad<\/p>\n\n\n\n<p>Guatemala tendr\u00e1 la gran oportunidad de seguir enfrentando a rivales de alto nivel, para poder alcanzar su mejor versi\u00f3n en la b\u00fasqueda de clasificar a su primera Copa del Mundo en 2026. Frente a la Bicolor se encuentran unas grandes selecciones, como lo son Ecuador y Venezuela, ambas escuadras se ubican en la parte alta de la eliminatoria mundialista de Conmebol.<\/p>\n\n\n\n<p>El primer encuentro ser\u00e1 ante el jueves 21 de marzo en el Red Bull Arena, New Jersey, ante la selecci\u00f3n de Ecuador. El encuentro entre estos dos grandes equipos ser\u00e1 a las 18:30 horas, horario guatemalteco.<\/p>\n\n\n\n<p>Por su parte, los dirigidos por Luis Fernando Tena se medir\u00e1n el 24 de marzo frente a Venezuela en el Shell Energy Stadium, ubicado en Texas. El bal\u00f3n rodar\u00e1 en punto de las 16:00 horas de Guatemala.<\/p>\n\n\n\n<p>\u00daltimos precedentes<\/p>\n\n\n\n<p>Frente a Ecuador, la estad\u00edstica est\u00e1 en contra de Guatemala. Ya que, de nueve partidos, los ecuatorianos se han quedado con la victoria en cuatro oportunidades, tres empates y una derrota ante Guatemala.<\/p>\n\n\n\n<p>En cuanto a la Vinotinto, los n\u00fameros tampoco favorecen a Guatemala. De ocho encuentros entre estos dos equipos, Venezuela se ha quedado con la victoria en cinco ocasiones, un empate y dos derrotas frente a la Bicolor. La \u00faltima vez que la azul y blanco le pudo pegar a la Vinotinto fue en 2004 en un partido amistoso<\/p>\n\n\n\n<p>Texto: Josu\u00e9 David Acevedo Rivas<\/p>\n\n\n\n<figure class=\"wp-block-gallery has-nested-images columns-default is-cropped wp-block-gallery-1 is-layout-flex wp-block-gallery-is-layout-flex\">\n<figure class=\"wp-block-image size-large\"><img loading=\"lazy\" decoding=\"async\" width=\"720\" height=\"720\" data-id=\"77459\" src=\"https:\/\/elmetropolitano.com.gt\/es\/wp-content\/uploads\/2024\/02\/425729536_2768817219950137_7724218496526711136_n.jpg\" alt=\"\" class=\"wp-image-77459\" srcset=\"https:\/\/elmetropolitano.com.gt\/es\/wp-content\/uploads\/2024\/02\/425729536_2768817219950137_7724218496526711136_n.jpg 720w, https:\/\/elmetropolitano.com.gt\/es\/wp-content\/uploads\/2024\/02\/425729536_2768817219950137_7724218496526711136_n-300x300.jpg 300w, https:\/\/elmetropolitano.com.gt\/es\/wp-content\/uploads\/2024\/02\/425729536_2768817219950137_7724218496526711136_n-150x150.jpg 150w\" sizes=\"auto, (max-width: 720px) 100vw, 720px\" \/><\/figure>\n\n\n\n<figure class=\"wp-block-image size-large\"><img loading=\"lazy\" decoding=\"async\" width=\"720\" height=\"720\" data-id=\"77460\" src=\"https:\/\/elmetropolitano.com.gt\/es\/wp-content\/uploads\/2024\/02\/425750126_2768817253283467_5284795574415032182_n.jpg\" alt=\"\" class=\"wp-image-77460\" srcset=\"https:\/\/elmetropolitano.com.gt\/es\/wp-content\/uploads\/2024\/02\/425750126_2768817253283467_5284795574415032182_n.jpg 720w, https:\/\/elmetropolitano.com.gt\/es\/wp-content\/uploads\/2024\/02\/425750126_2768817253283467_5284795574415032182_n-300x300.jpg 300w, https:\/\/elmetropolitano.com.gt\/es\/wp-content\/uploads\/2024\/02\/425750126_2768817253283467_5284795574415032182_n-150x150.jpg 150w\" sizes=\"auto, (max-width: 720px) 100vw, 720px\" \/><\/figure>\n<\/figure>\n","protected":false},"excerpt":{"rendered":"<p>Mediante las redes sociales de la Federaci\u00f3n Nacional de F\u00fatbol de Guatemala (FedeFut), se comunic\u00f3 que la selecci\u00f3n nacional tendr\u00e1 dos encuentros durante la fecha FIFA de marzo. Los rivales de la Bicolor ser\u00e1n dos grandes rivales de la Conmebol, este encuentro ser\u00e1 de suma importancia para ambos combinados, ya que Guatemala arrancar\u00e1 el sue\u00f1o <a class=\"read-more\" href=\"https:\/\/elmetropolitano.com.gt\/es\/guatemala-confirma-amistosos-para-fecha-fifa-de-marzo\/\">Leer m\u00e1s<\/a><\/p>\n","protected":false},"author":1,"featured_media":77458,"comment_status":"open","ping_status":"closed","sticky":false,"template":"","format":"standard","meta":{"footnotes":""},"categories":[43],"tags":[44],"class_list":["post-77457","post","type-post","status-publish","format-standard","has-post-thumbnail","hentry","category-deportes","tag-deportes"],"_links":{"self":[{"href":"https:\/\/elmetropolitano.com.gt\/es\/wp-json\/wp\/v2\/posts\/77457","targetHints":{"allow":["GET"]}}],"collection":[{"href":"https:\/\/elmetropolitano.com.gt\/es\/wp-json\/wp\/v2\/posts"}],"about":[{"href":"https:\/\/elmetropolitano.com.gt\/es\/wp-json\/wp\/v2\/types\/post"}],"author":[{"embeddable":true,"href":"https:\/\/elmetropolitano.com.gt\/es\/wp-json\/wp\/v2\/users\/1"}],"replies":[{"embeddable":true,"href":"https:\/\/elmetropolitano.com.gt\/es\/wp-json\/wp\/v2\/comments?post=77457"}],"version-history":[{"count":1,"href":"https:\/\/elmetropolitano.com.gt\/es\/wp-json\/wp\/v2\/posts\/77457\/revisions"}],"predecessor-version":[{"id":77461,"href":"https:\/\/elmetropolitano.com.gt\/es\/wp-json\/wp\/v2\/posts\/77457\/revisions\/77461"}],"wp:featuredmedia":[{"embeddable":true,"href":"https:\/\/elmetropolitano.com.gt\/es\/wp-json\/wp\/v2\/media\/77458"}],"wp:attachment":[{"href":"https:\/\/elmetropolitano.com.gt\/es\/wp-json\/wp\/v2\/media?parent=77457"}],"wp:term":[{"taxonomy":"category","embeddable":true,"href":"https:\/\/elmetropolitano.com.gt\/es\/wp-json\/wp\/v2\/categories?post=77457"},{"taxonomy":"post_tag","embeddable":true,"href":"https:\/\/elmetropolitano.com.gt\/es\/wp-json\/wp\/v2\/tags?post=77457"}],"curies":[{"name":"wp","href":"https:\/\/api.w.org\/{rel}","templated":true}]}}