{"id":77779,"date":"2024-02-11T20:32:49","date_gmt":"2024-02-12T02:32:49","guid":{"rendered":"https:\/\/elmetropolitano.com.gt\/es\/?p=77779"},"modified":"2024-02-11T20:32:50","modified_gmt":"2024-02-12T02:32:50","slug":"travesia-10k-triunfo-que-dejo-huella-en-cada-kilometro-recorrido","status":"publish","type":"post","link":"https:\/\/elmetropolitano.com.gt\/es\/travesia-10k-triunfo-que-dejo-huella-en-cada-kilometro-recorrido\/","title":{"rendered":"Traves\u00eda 10K: Triunfo que dej\u00f3 huella en cada kil\u00f3metro recorrido"},"content":{"rendered":"\n<p>Este domingo, el Centro Deportivo Erick Barrondo fue escenario de La Traves\u00eda 10K, carrera que reuni\u00f3 a familias y amigos en una trepidante ma\u00f1ana deportiva, gracias a la organizaci\u00f3n y coordinaci\u00f3n de las autoridades del Ministerio de Cultura y Deportes (MCD), por medio del Viceministerio del Deporte y la Recreaci\u00f3n.<\/p>\n\n\n\n<p>Un <a><\/a>total de 430 personas se sumaron a esta iniciativa del MCD, que brind\u00f3 una opci\u00f3n segura y gratuita a la poblaci\u00f3n guatemalteca de poder hacer deporte.<\/p><div class=\"elmet-contenido\" id=\"elmet-191361401\"><div class=\"elmet-adlabel\">Anuncios<\/div><div style=\"margin-top: 20px;margin-right: 20px;margin-bottom: 20px;margin-left: 20px;\" id=\"elmet-276126\"><a href=\"https:\/\/www.facebook.com\/arrincuanantigua\/\" aria-label=\"cintillo-arrin-cual\"><img loading=\"lazy\" decoding=\"async\" src=\"https:\/\/elmetropolitano.com.gt\/es\/wp-content\/uploads\/2021\/11\/cintillo-arrin-cual-1.jpg\" alt=\"\"  srcset=\"https:\/\/elmetropolitano.com.gt\/es\/wp-content\/uploads\/2021\/11\/cintillo-arrin-cual-1.jpg 750w, https:\/\/elmetropolitano.com.gt\/es\/wp-content\/uploads\/2021\/11\/cintillo-arrin-cual-1-300x36.jpg 300w, https:\/\/elmetropolitano.com.gt\/es\/wp-content\/uploads\/2021\/11\/cintillo-arrin-cual-1-600x72.jpg 600w\" sizes=\"(max-width: 750px) 100vw, 750px\" width=\"750\" height=\"90\"   \/><\/a><\/div><\/div>\n\n\n\n<p>Al culminar la competencia, los corredores que ingresaron en la primera posici\u00f3n de las diferentes categor\u00edas recibieron un trofeo como fruto del esfuerzo realizado durante los 10 kil\u00f3metros.<\/p>\n\n\n\n<p>Traves\u00eda 10K<\/p>\n\n\n\n<p>Desde tempranas horas, el Centro Deportivo Erick Bernab\u00e9 Barrondo Garc\u00eda fue testigo de como los cientos de guatemaltecos comenzaban a colmar las instalaciones, listos para disfrutar de la carrera.<\/p>\n\n\n\n<p>Algunos comenzaban a calentar en las inmediaciones del estadio del Centro Deportivo. Otros, entre risas y bromas buscaban la l\u00ednea de salida junto a sus amigos. Algunas personas conocedoras del deporte optaron por ingerir alimentos altos en potasio, como bananos y pl\u00e1tanos, para no sentir molestias durante el recorrido.<\/p>\n\n\n\n<p>Cuando el reloj marc\u00f3 las 07:00 horas, se dio el banderazo de salida desde el estadio. El recorrido const\u00f3 de tres vueltas dentro de las instalaciones del Centro.<\/p>\n\n\n\n<p>En cada curva, se tuvo personal de apoyo en cada punto para ayudar a los corredores a no desviarse del camino.<\/p>\n\n\n\n<p>Poco m\u00e1s de media hora se tardaron algunos corredores en culminar el circuito. Mientras la m\u00fasica sonaba dentro del estadio, los corredores fueron ingresando uno a uno hasta completar los 430 atletas.<\/p>\n\n\n\n<p>Al terminar la carrera, a todos los corredores se les regal\u00f3 un kit patrocinado por parte del MCD. Asimismo, a los primeros lugares de cada categor\u00eda, se les entreg\u00f3 el trofeo respectivo<\/p>\n\n\n\n<p>Texto: Josue David Acevedo Rivas<\/p>\n\n\n\n<p>Fotos: \u00c1lvaro Interiano<\/p>\n\n\n\n<p><a href=\"https:\/\/www.facebook.com\/hashtag\/activategt?__eep__=6&amp;__cft__[0]=AZV5RXx9MqB0CY-6e_ARSmAftp5nM_SEn90LKoN-_tnP85qeMJotmLFaG4OhZMEv7Ncqzliyaj9Tqe-8g734_5AfDQSGpdkw7f1dFRwtb1-524THTMNnATY7rBaNUCN9t1OrYZa3HjH2eUmK_Eh_6iDsCEvv8TdJdK305B8OcEu26w8N8PYnu8BfZ8Dttpu6ivk&amp;__tn__=*NK-R\">#activategt<\/a><a href=\"https:\/\/www.facebook.com\/hashtag\/metroredes?__eep__=6&amp;__cft__[0]=AZV5RXx9MqB0CY-6e_ARSmAftp5nM_SEn90LKoN-_tnP85qeMJotmLFaG4OhZMEv7Ncqzliyaj9Tqe-8g734_5AfDQSGpdkw7f1dFRwtb1-524THTMNnATY7rBaNUCN9t1OrYZa3HjH2eUmK_Eh_6iDsCEvv8TdJdK305B8OcEu26w8N8PYnu8BfZ8Dttpu6ivk&amp;__tn__=*NK-R\">#metroredes<\/a><a href=\"https:\/\/www.facebook.com\/hashtag\/ministerioculturadeportesgt?__eep__=6&amp;__cft__[0]=AZV5RXx9MqB0CY-6e_ARSmAftp5nM_SEn90LKoN-_tnP85qeMJotmLFaG4OhZMEv7Ncqzliyaj9Tqe-8g734_5AfDQSGpdkw7f1dFRwtb1-524THTMNnATY7rBaNUCN9t1OrYZa3HjH2eUmK_Eh_6iDsCEvv8TdJdK305B8OcEu26w8N8PYnu8BfZ8Dttpu6ivk&amp;__tn__=*NK-R\">#ministerioculturadeportesgt<\/a><\/p>\n\n\n\n<figure class=\"wp-block-gallery has-nested-images columns-default is-cropped wp-block-gallery-1 is-layout-flex wp-block-gallery-is-layout-flex\">\n<figure class=\"wp-block-image size-large\"><img loading=\"lazy\" decoding=\"async\" width=\"728\" height=\"341\" data-id=\"77781\" src=\"https:\/\/elmetropolitano.com.gt\/es\/wp-content\/uploads\/2024\/02\/426764986_879817624144322_1280108346451106126_n.jpg\" alt=\"\" class=\"wp-image-77781\" srcset=\"https:\/\/elmetropolitano.com.gt\/es\/wp-content\/uploads\/2024\/02\/426764986_879817624144322_1280108346451106126_n.jpg 728w, https:\/\/elmetropolitano.com.gt\/es\/wp-content\/uploads\/2024\/02\/426764986_879817624144322_1280108346451106126_n-300x141.jpg 300w\" sizes=\"auto, (max-width: 728px) 100vw, 728px\" \/><\/figure>\n\n\n\n<figure class=\"wp-block-image size-large\"><img loading=\"lazy\" decoding=\"async\" width=\"941\" height=\"486\" data-id=\"77782\" src=\"https:\/\/elmetropolitano.com.gt\/es\/wp-content\/uploads\/2024\/02\/427426254_879817730810978_6553925005249282086_n.jpg\" alt=\"\" class=\"wp-image-77782\" srcset=\"https:\/\/elmetropolitano.com.gt\/es\/wp-content\/uploads\/2024\/02\/427426254_879817730810978_6553925005249282086_n.jpg 941w, https:\/\/elmetropolitano.com.gt\/es\/wp-content\/uploads\/2024\/02\/427426254_879817730810978_6553925005249282086_n-300x155.jpg 300w, https:\/\/elmetropolitano.com.gt\/es\/wp-content\/uploads\/2024\/02\/427426254_879817730810978_6553925005249282086_n-768x397.jpg 768w\" sizes=\"auto, (max-width: 941px) 100vw, 941px\" \/><\/figure>\n\n\n\n<figure class=\"wp-block-image size-large\"><img loading=\"lazy\" decoding=\"async\" width=\"360\" height=\"240\" data-id=\"77783\" src=\"https:\/\/elmetropolitano.com.gt\/es\/wp-content\/uploads\/2024\/02\/427805484_879817564144328_694149718510513430_n.jpg\" alt=\"\" class=\"wp-image-77783\" srcset=\"https:\/\/elmetropolitano.com.gt\/es\/wp-content\/uploads\/2024\/02\/427805484_879817564144328_694149718510513430_n.jpg 360w, https:\/\/elmetropolitano.com.gt\/es\/wp-content\/uploads\/2024\/02\/427805484_879817564144328_694149718510513430_n-300x200.jpg 300w\" sizes=\"auto, (max-width: 360px) 100vw, 360px\" \/><\/figure>\n\n\n\n<figure class=\"wp-block-image size-large\"><img loading=\"lazy\" decoding=\"async\" width=\"724\" height=\"415\" data-id=\"77785\" src=\"https:\/\/elmetropolitano.com.gt\/es\/wp-content\/uploads\/2024\/02\/427817894_879817670810984_319840403899633711_n.jpg\" alt=\"\" class=\"wp-image-77785\" srcset=\"https:\/\/elmetropolitano.com.gt\/es\/wp-content\/uploads\/2024\/02\/427817894_879817670810984_319840403899633711_n.jpg 724w, https:\/\/elmetropolitano.com.gt\/es\/wp-content\/uploads\/2024\/02\/427817894_879817670810984_319840403899633711_n-300x172.jpg 300w\" sizes=\"auto, (max-width: 724px) 100vw, 724px\" \/><\/figure>\n\n\n\n<figure class=\"wp-block-image size-large\"><img loading=\"lazy\" decoding=\"async\" width=\"680\" height=\"510\" data-id=\"77784\" src=\"https:\/\/elmetropolitano.com.gt\/es\/wp-content\/uploads\/2024\/02\/427839098_879817610810990_529649447823063838_n.jpg\" alt=\"\" class=\"wp-image-77784\" srcset=\"https:\/\/elmetropolitano.com.gt\/es\/wp-content\/uploads\/2024\/02\/427839098_879817610810990_529649447823063838_n.jpg 680w, https:\/\/elmetropolitano.com.gt\/es\/wp-content\/uploads\/2024\/02\/427839098_879817610810990_529649447823063838_n-300x225.jpg 300w\" sizes=\"auto, (max-width: 680px) 100vw, 680px\" \/><\/figure>\n<\/figure>\n","protected":false},"excerpt":{"rendered":"<p>Este domingo, el Centro Deportivo Erick Barrondo fue escenario de La Traves\u00eda 10K, carrera que reuni\u00f3 a familias y amigos en una trepidante ma\u00f1ana deportiva, gracias a la organizaci\u00f3n y coordinaci\u00f3n de las autoridades del Ministerio de Cultura y Deportes (MCD), por medio del Viceministerio del Deporte y la Recreaci\u00f3n. Un total de 430 personas <a class=\"read-more\" href=\"https:\/\/elmetropolitano.com.gt\/es\/travesia-10k-triunfo-que-dejo-huella-en-cada-kilometro-recorrido\/\">Leer m\u00e1s<\/a><\/p>\n","protected":false},"author":1,"featured_media":77780,"comment_status":"open","ping_status":"closed","sticky":false,"template":"","format":"standard","meta":{"footnotes":""},"categories":[43],"tags":[44],"class_list":["post-77779","post","type-post","status-publish","format-standard","has-post-thumbnail","hentry","category-deportes","tag-deportes"],"_links":{"self":[{"href":"https:\/\/elmetropolitano.com.gt\/es\/wp-json\/wp\/v2\/posts\/77779","targetHints":{"allow":["GET"]}}],"collection":[{"href":"https:\/\/elmetropolitano.com.gt\/es\/wp-json\/wp\/v2\/posts"}],"about":[{"href":"https:\/\/elmetropolitano.com.gt\/es\/wp-json\/wp\/v2\/types\/post"}],"author":[{"embeddable":true,"href":"https:\/\/elmetropolitano.com.gt\/es\/wp-json\/wp\/v2\/users\/1"}],"replies":[{"embeddable":true,"href":"https:\/\/elmetropolitano.com.gt\/es\/wp-json\/wp\/v2\/comments?post=77779"}],"version-history":[{"count":1,"href":"https:\/\/elmetropolitano.com.gt\/es\/wp-json\/wp\/v2\/posts\/77779\/revisions"}],"predecessor-version":[{"id":77786,"href":"https:\/\/elmetropolitano.com.gt\/es\/wp-json\/wp\/v2\/posts\/77779\/revisions\/77786"}],"wp:featuredmedia":[{"embeddable":true,"href":"https:\/\/elmetropolitano.com.gt\/es\/wp-json\/wp\/v2\/media\/77780"}],"wp:attachment":[{"href":"https:\/\/elmetropolitano.com.gt\/es\/wp-json\/wp\/v2\/media?parent=77779"}],"wp:term":[{"taxonomy":"category","embeddable":true,"href":"https:\/\/elmetropolitano.com.gt\/es\/wp-json\/wp\/v2\/categories?post=77779"},{"taxonomy":"post_tag","embeddable":true,"href":"https:\/\/elmetropolitano.com.gt\/es\/wp-json\/wp\/v2\/tags?post=77779"}],"curies":[{"name":"wp","href":"https:\/\/api.w.org\/{rel}","templated":true}]}}