{"id":78057,"date":"2024-02-15T12:27:37","date_gmt":"2024-02-15T18:27:37","guid":{"rendered":"https:\/\/elmetropolitano.com.gt\/es\/?p=78057"},"modified":"2024-02-15T12:27:38","modified_gmt":"2024-02-15T18:27:38","slug":"el-delantero-kylian-mbappe-comunica-al-psg-que-saldra-del-club-este-verano-segun-medios-franceses","status":"publish","type":"post","link":"https:\/\/elmetropolitano.com.gt\/es\/el-delantero-kylian-mbappe-comunica-al-psg-que-saldra-del-club-este-verano-segun-medios-franceses\/","title":{"rendered":"El delantero Kylian Mbapp\u00e9 comunica al PSG que saldr\u00e1 del club este verano, seg\u00fan medios franceses"},"content":{"rendered":"\n<p>El delantero franc\u00e9s Kylian Mbapp\u00e9 habr\u00eda comunicado este jueves al presidente del Paris Saint-Germain (PSG), Nasser Al-Khela\u00effi, que abandonar\u00e1 el conjunto parisino al final de la presente temporada, para comenzar este verano un nuevo proyecto en otro equipo, seg\u00fan publicaron varios medios galos.<\/p>\n\n\n\n<p>El deseado delantero cumplir\u00e1 su contrato y no activar\u00e1 la cl\u00e1usula que lo prorrogue otra temporada m\u00e1s, para poner as\u00ed fin al eterno culebr\u00f3n sobre su futuro, despu\u00e9s de anunciar a los dirigentes del PSG, con Al-Khela\u00effi a la cabeza, que se ha decantado por dejar el PSG este verano, tal y como informaron medios como RMC Sport, L&#8217;Equipe o The Athletic.<\/p><div class=\"elmet-contenido\" id=\"elmet-1243128453\"><div class=\"elmet-adlabel\">Anuncios<\/div><div style=\"margin-top: 20px;margin-right: 20px;margin-bottom: 20px;margin-left: 20px;\" id=\"elmet-1048263921\"><a href=\"https:\/\/www.facebook.com\/arrincuanantigua\/\" aria-label=\"cintillo-arrin-cual\"><img loading=\"lazy\" decoding=\"async\" src=\"https:\/\/elmetropolitano.com.gt\/es\/wp-content\/uploads\/2021\/11\/cintillo-arrin-cual-1.jpg\" alt=\"\"  srcset=\"https:\/\/elmetropolitano.com.gt\/es\/wp-content\/uploads\/2021\/11\/cintillo-arrin-cual-1.jpg 750w, https:\/\/elmetropolitano.com.gt\/es\/wp-content\/uploads\/2021\/11\/cintillo-arrin-cual-1-300x36.jpg 300w, https:\/\/elmetropolitano.com.gt\/es\/wp-content\/uploads\/2021\/11\/cintillo-arrin-cual-1-600x72.jpg 600w\" sizes=\"(max-width: 750px) 100vw, 750px\" width=\"750\" height=\"90\"   \/><\/a><\/div><\/div>\n\n\n\n<p>Mbapp\u00e9 mantiene as\u00ed la promesa de comunicar en primera instancia al club su decisi\u00f3n, antes de hacerlo p\u00fablicamente. Adem\u00e1s, el delantero insisti\u00f3 al presidente del club parisino que no contraataque con una oferta de renovaci\u00f3n que no aceptar\u00e1.<\/p>\n\n\n\n<p>No obstante, la oficialidad de del adi\u00f3s de Mbapp\u00e9 del PSG no llegar\u00e1 hasta pasado unos meses, seg\u00fan RMC Sport, ya que las condiciones de su salida todav\u00eda no se han concretado. Como tampoco se conoce cu\u00e1l ser\u00e1 el destino del jugador este verano.<\/p>\n\n\n\n<p>Su mayor pretendiente durante los \u00faltimos a\u00f1os ha sido un Real Madrid que parece el mejor colocado en la carrera por hacerse con el deseado jugador. A favor, un proyecto en el que encajar\u00eda, junto a otras estrellas como Vin\u00edcius J\u00fanior o Jude Bellingham. En contra, la negativa del club madridista a pagar un sueldo demasiado elevado que rompa con la pir\u00e1mide salarial de la plantilla, y los noes anteriores del delantero, que podr\u00edan haber generado rencor en la entidad.<\/p>\n\n\n\n<p>No obstante, los mismos medios franceses insistieron en que no hay acuerdo entre Mbapp\u00e9 y el Real Madrid, pese al optimismo que habr\u00eda por ambas partes. Aunque The Athletic inform\u00f3 de que el atacante conoce desde enero cu\u00e1l ser\u00eda su contrato en el club merengue, con el que podr\u00eda negociar desde comienzos de 2024 al finalizar su contrato en junio de este a\u00f1o.<\/p>\n\n\n\n<p>Por tanto, el delantero galo saldr\u00eda de un club al que lleg\u00f3 en 2017, cuando el PSG pag\u00f3 unos 180 millones de euros, y despu\u00e9s de reinar en Francia, pero no hacerlo en Europa, sin alzar la Liga de Campeones. El culebr\u00f3n de Mbapp\u00e9 estar\u00eda as\u00ed m\u00e1s cerca de resolverse.<\/p>\n\n\n\n<p>EUROPA PRESS <\/p>\n\n\n\n<p>#metroredes  www.metroredes.com  www.elescuintleco.com <\/p>\n\n\n\n<figure class=\"wp-block-gallery has-nested-images columns-default is-cropped wp-block-gallery-1 is-layout-flex wp-block-gallery-is-layout-flex\">\n<figure class=\"wp-block-image size-large\"><img loading=\"lazy\" decoding=\"async\" width=\"1024\" height=\"683\" data-id=\"78060\" src=\"https:\/\/elmetropolitano.com.gt\/es\/wp-content\/uploads\/2024\/02\/Fv2o6G3aIAMUtlH-1-1024x683.jpeg\" alt=\"\" class=\"wp-image-78060\" srcset=\"https:\/\/elmetropolitano.com.gt\/es\/wp-content\/uploads\/2024\/02\/Fv2o6G3aIAMUtlH-1-1024x683.jpeg 1024w, https:\/\/elmetropolitano.com.gt\/es\/wp-content\/uploads\/2024\/02\/Fv2o6G3aIAMUtlH-1-300x200.jpeg 300w, https:\/\/elmetropolitano.com.gt\/es\/wp-content\/uploads\/2024\/02\/Fv2o6G3aIAMUtlH-1-768x512.jpeg 768w, https:\/\/elmetropolitano.com.gt\/es\/wp-content\/uploads\/2024\/02\/Fv2o6G3aIAMUtlH-1-1536x1024.jpeg 1536w, https:\/\/elmetropolitano.com.gt\/es\/wp-content\/uploads\/2024\/02\/Fv2o6G3aIAMUtlH-1-2048x1366.jpeg 2048w\" sizes=\"auto, (max-width: 1024px) 100vw, 1024px\" \/><\/figure>\n\n\n\n<figure class=\"wp-block-image size-large\"><img loading=\"lazy\" decoding=\"async\" width=\"580\" height=\"330\" data-id=\"78059\" src=\"https:\/\/elmetropolitano.com.gt\/es\/wp-content\/uploads\/2024\/02\/M4MRJDKMWVF5ZNTL22NI5J3VHI.jpg\" alt=\"\" class=\"wp-image-78059\" srcset=\"https:\/\/elmetropolitano.com.gt\/es\/wp-content\/uploads\/2024\/02\/M4MRJDKMWVF5ZNTL22NI5J3VHI.jpg 580w, https:\/\/elmetropolitano.com.gt\/es\/wp-content\/uploads\/2024\/02\/M4MRJDKMWVF5ZNTL22NI5J3VHI-300x171.jpg 300w\" sizes=\"auto, (max-width: 580px) 100vw, 580px\" \/><\/figure>\n<\/figure>\n","protected":false},"excerpt":{"rendered":"<p>El delantero franc\u00e9s Kylian Mbapp\u00e9 habr\u00eda comunicado este jueves al presidente del Paris Saint-Germain (PSG), Nasser Al-Khela\u00effi, que abandonar\u00e1 el conjunto parisino al final de la presente temporada, para comenzar este verano un nuevo proyecto en otro equipo, seg\u00fan publicaron varios medios galos. El deseado delantero cumplir\u00e1 su contrato y no activar\u00e1 la cl\u00e1usula que <a class=\"read-more\" href=\"https:\/\/elmetropolitano.com.gt\/es\/el-delantero-kylian-mbappe-comunica-al-psg-que-saldra-del-club-este-verano-segun-medios-franceses\/\">Leer m\u00e1s<\/a><\/p>\n","protected":false},"author":1,"featured_media":78058,"comment_status":"open","ping_status":"closed","sticky":false,"template":"","format":"standard","meta":{"footnotes":""},"categories":[43],"tags":[44],"class_list":["post-78057","post","type-post","status-publish","format-standard","has-post-thumbnail","hentry","category-deportes","tag-deportes"],"_links":{"self":[{"href":"https:\/\/elmetropolitano.com.gt\/es\/wp-json\/wp\/v2\/posts\/78057","targetHints":{"allow":["GET"]}}],"collection":[{"href":"https:\/\/elmetropolitano.com.gt\/es\/wp-json\/wp\/v2\/posts"}],"about":[{"href":"https:\/\/elmetropolitano.com.gt\/es\/wp-json\/wp\/v2\/types\/post"}],"author":[{"embeddable":true,"href":"https:\/\/elmetropolitano.com.gt\/es\/wp-json\/wp\/v2\/users\/1"}],"replies":[{"embeddable":true,"href":"https:\/\/elmetropolitano.com.gt\/es\/wp-json\/wp\/v2\/comments?post=78057"}],"version-history":[{"count":1,"href":"https:\/\/elmetropolitano.com.gt\/es\/wp-json\/wp\/v2\/posts\/78057\/revisions"}],"predecessor-version":[{"id":78061,"href":"https:\/\/elmetropolitano.com.gt\/es\/wp-json\/wp\/v2\/posts\/78057\/revisions\/78061"}],"wp:featuredmedia":[{"embeddable":true,"href":"https:\/\/elmetropolitano.com.gt\/es\/wp-json\/wp\/v2\/media\/78058"}],"wp:attachment":[{"href":"https:\/\/elmetropolitano.com.gt\/es\/wp-json\/wp\/v2\/media?parent=78057"}],"wp:term":[{"taxonomy":"category","embeddable":true,"href":"https:\/\/elmetropolitano.com.gt\/es\/wp-json\/wp\/v2\/categories?post=78057"},{"taxonomy":"post_tag","embeddable":true,"href":"https:\/\/elmetropolitano.com.gt\/es\/wp-json\/wp\/v2\/tags?post=78057"}],"curies":[{"name":"wp","href":"https:\/\/api.w.org\/{rel}","templated":true}]}}