{"id":78148,"date":"2024-02-16T15:22:28","date_gmt":"2024-02-16T21:22:28","guid":{"rendered":"https:\/\/elmetropolitano.com.gt\/es\/?p=78148"},"modified":"2024-02-16T15:22:29","modified_gmt":"2024-02-16T21:22:29","slug":"salud-invita-a-protegerse-del-sol-durante-cuaresma-y-semana-santa","status":"publish","type":"post","link":"https:\/\/elmetropolitano.com.gt\/es\/salud-invita-a-protegerse-del-sol-durante-cuaresma-y-semana-santa\/","title":{"rendered":"Salud invita a protegerse del sol durante Cuaresma y Semana Santa"},"content":{"rendered":"\n<p>Con la llegada de la Cuaresma y las actividades religiosas que esta involucra, el Ministerio de Salud P\u00fablica y Asistencia Social (MSPAS) record\u00f3 la importancia de cuidar la salud y tomar algunas medidas de prevenci\u00f3n. Con el inicio de los recorridos procesionales, la cartera menciona que los guatemaltecos deben cuidarse del sol y detalla que permanecer expuestos a sus rayos podr\u00eda ocasionar deshidrataci\u00f3n e <a><\/a>insolaci\u00f3n.<\/p>\n\n\n\n<p>Adem\u00e1s, destaca que tambi\u00e9n es importante cuidar la alimentaci\u00f3n, especialmente de los ni\u00f1os y adultos mayores.<\/p><div class=\"elmet-contenido\" id=\"elmet-3129175399\"><div class=\"elmet-adlabel\">Anuncios<\/div><div style=\"margin-top: 20px;margin-right: 20px;margin-bottom: 20px;margin-left: 20px;\" id=\"elmet-3636661710\"><a href=\"https:\/\/www.facebook.com\/arrincuanantigua\/\" aria-label=\"cintillo-arrin-cual\"><img loading=\"lazy\" decoding=\"async\" src=\"https:\/\/elmetropolitano.com.gt\/es\/wp-content\/uploads\/2021\/11\/cintillo-arrin-cual-1.jpg\" alt=\"\"  srcset=\"https:\/\/elmetropolitano.com.gt\/es\/wp-content\/uploads\/2021\/11\/cintillo-arrin-cual-1.jpg 750w, https:\/\/elmetropolitano.com.gt\/es\/wp-content\/uploads\/2021\/11\/cintillo-arrin-cual-1-300x36.jpg 300w, https:\/\/elmetropolitano.com.gt\/es\/wp-content\/uploads\/2021\/11\/cintillo-arrin-cual-1-600x72.jpg 600w\" sizes=\"(max-width: 750px) 100vw, 750px\" width=\"750\" height=\"90\"   \/><\/a><\/div><\/div>\n\n\n\n<p>Recomendaciones<\/p>\n\n\n\n<p>El MSPAS recomienda a los guatemaltecos protegerse de los rayos ultravioletas utilizando bloqueador solar con nivel de protecci\u00f3n 50 y aplicarlo cada dos o tres horas. Asimismo, detalla que, si se tiene previsto acudir a centros tur\u00edsticos, playas o balnearios, es importante asegurarse de que el protector solar sea resistente al agua.<\/p>\n\n\n\n<p>Tambi\u00e9n se refiere a que se puede hacer uso de sombreros de ala ancha, ropa fresca, lentes para resguardar los ojos del sol o utilizar sombrilla, y buscar lugares con sombra.<\/p>\n\n\n\n<p>Adem\u00e1s, Salud Publica aconseja tomar en cuenta estas medidas para evitar quemaduras o enfermedades en la piel que pudieran agravarse por los niveles de radiaci\u00f3n solar. Por lo tanto, tambi\u00e9n es necesario aplicarse crema hidratante.<\/p>\n\n\n\n<p>Por su parte, el Instituto Guatemalteco de Seguridad Social IGSS tambi\u00e9n comparti\u00f3 las siguientes recomendaciones:<\/p>\n\n\n\n<p>-Mantenerse hidratado (tomar suficiente agua pura).<\/p>\n\n\n\n<p>-Utilizar gorras, sombreros o sombrillas.<\/p>\n\n\n\n<p>-Consumir alimentos en buen estado.<\/p>\n\n\n\n<p>-Cuidar la hidrataci\u00f3n de los ni\u00f1os.<\/p>\n\n\n\n<p>-Identificar a los ni\u00f1os con informaci\u00f3n clave para ubicar a los padres.<\/p>\n\n\n\n<p>-Evitar que los adultos mayores est\u00e9n expuestos al sol y hagan caminatas largas.<\/p>\n\n\n\n<p>-Cuidar que los adultos mayores consuman sus alimentos en las horas establecidas.<\/p>\n\n\n\n<p>-Velar por que quien debe tomar medicamentos, lo haga habitualmente<\/p>\n\n\n\n<p><a href=\"https:\/\/www.facebook.com\/hashtag\/cuaresma2024?__eep__=6&amp;__cft__[0]=AZUNmfrbnu4w9hlGaIEj6msrWIiHnbQudXZ1fQLqKJUx6WPBOhglBntG_OPRzI-HLA24snCgqKmtjFglaZvM16FeIujk3_QaiXzfbjh_gNjF77ZF93W2O1_ZEUV_jkBLNpoBSD2KrGffhk7LrfZfboQ2HeHfQmWrXEXqTZgIjPvYfgu_Bm6g7EsupolJi9mwOlU&amp;__tn__=*NK-R\">#Cuaresma2024<\/a><a href=\"https:\/\/www.facebook.com\/hashtag\/semanasanta2024?__eep__=6&amp;__cft__[0]=AZUNmfrbnu4w9hlGaIEj6msrWIiHnbQudXZ1fQLqKJUx6WPBOhglBntG_OPRzI-HLA24snCgqKmtjFglaZvM16FeIujk3_QaiXzfbjh_gNjF77ZF93W2O1_ZEUV_jkBLNpoBSD2KrGffhk7LrfZfboQ2HeHfQmWrXEXqTZgIjPvYfgu_Bm6g7EsupolJi9mwOlU&amp;__tn__=*NK-R\">#semanasanta2024<\/a><a href=\"https:\/\/www.facebook.com\/hashtag\/metroredes?__eep__=6&amp;__cft__[0]=AZUNmfrbnu4w9hlGaIEj6msrWIiHnbQudXZ1fQLqKJUx6WPBOhglBntG_OPRzI-HLA24snCgqKmtjFglaZvM16FeIujk3_QaiXzfbjh_gNjF77ZF93W2O1_ZEUV_jkBLNpoBSD2KrGffhk7LrfZfboQ2HeHfQmWrXEXqTZgIjPvYfgu_Bm6g7EsupolJi9mwOlU&amp;__tn__=*NK-R\">#metroredes<\/a><a href=\"https:\/\/www.facebook.com\/hashtag\/vacaciones?__eep__=6&amp;__cft__[0]=AZUNmfrbnu4w9hlGaIEj6msrWIiHnbQudXZ1fQLqKJUx6WPBOhglBntG_OPRzI-HLA24snCgqKmtjFglaZvM16FeIujk3_QaiXzfbjh_gNjF77ZF93W2O1_ZEUV_jkBLNpoBSD2KrGffhk7LrfZfboQ2HeHfQmWrXEXqTZgIjPvYfgu_Bm6g7EsupolJi9mwOlU&amp;__tn__=*NK-R\">#vacaciones<\/a>  www.metroredes.com  www.elescuintleco.com <\/p>\n","protected":false},"excerpt":{"rendered":"<p>Con la llegada de la Cuaresma y las actividades religiosas que esta involucra, el Ministerio de Salud P\u00fablica y Asistencia Social (MSPAS) record\u00f3 la importancia de cuidar la salud y tomar algunas medidas de prevenci\u00f3n. Con el inicio de los recorridos procesionales, la cartera menciona que los guatemaltecos deben cuidarse del sol y detalla que <a class=\"read-more\" href=\"https:\/\/elmetropolitano.com.gt\/es\/salud-invita-a-protegerse-del-sol-durante-cuaresma-y-semana-santa\/\">Leer m\u00e1s<\/a><\/p>\n","protected":false},"author":1,"featured_media":78149,"comment_status":"open","ping_status":"closed","sticky":false,"template":"","format":"standard","meta":{"footnotes":""},"categories":[46],"tags":[47],"class_list":["post-78148","post","type-post","status-publish","format-standard","has-post-thumbnail","hentry","category-metrosalud","tag-metrosalud"],"_links":{"self":[{"href":"https:\/\/elmetropolitano.com.gt\/es\/wp-json\/wp\/v2\/posts\/78148","targetHints":{"allow":["GET"]}}],"collection":[{"href":"https:\/\/elmetropolitano.com.gt\/es\/wp-json\/wp\/v2\/posts"}],"about":[{"href":"https:\/\/elmetropolitano.com.gt\/es\/wp-json\/wp\/v2\/types\/post"}],"author":[{"embeddable":true,"href":"https:\/\/elmetropolitano.com.gt\/es\/wp-json\/wp\/v2\/users\/1"}],"replies":[{"embeddable":true,"href":"https:\/\/elmetropolitano.com.gt\/es\/wp-json\/wp\/v2\/comments?post=78148"}],"version-history":[{"count":1,"href":"https:\/\/elmetropolitano.com.gt\/es\/wp-json\/wp\/v2\/posts\/78148\/revisions"}],"predecessor-version":[{"id":78150,"href":"https:\/\/elmetropolitano.com.gt\/es\/wp-json\/wp\/v2\/posts\/78148\/revisions\/78150"}],"wp:featuredmedia":[{"embeddable":true,"href":"https:\/\/elmetropolitano.com.gt\/es\/wp-json\/wp\/v2\/media\/78149"}],"wp:attachment":[{"href":"https:\/\/elmetropolitano.com.gt\/es\/wp-json\/wp\/v2\/media?parent=78148"}],"wp:term":[{"taxonomy":"category","embeddable":true,"href":"https:\/\/elmetropolitano.com.gt\/es\/wp-json\/wp\/v2\/categories?post=78148"},{"taxonomy":"post_tag","embeddable":true,"href":"https:\/\/elmetropolitano.com.gt\/es\/wp-json\/wp\/v2\/tags?post=78148"}],"curies":[{"name":"wp","href":"https:\/\/api.w.org\/{rel}","templated":true}]}}