{"id":78203,"date":"2024-02-17T12:26:17","date_gmt":"2024-02-17T18:26:17","guid":{"rendered":"https:\/\/elmetropolitano.com.gt\/es\/?p=78203"},"modified":"2024-02-17T12:26:18","modified_gmt":"2024-02-17T18:26:18","slug":"descubren-un-campamento-de-legion-romana-en-armagedon","status":"publish","type":"post","link":"https:\/\/elmetropolitano.com.gt\/es\/descubren-un-campamento-de-legion-romana-en-armagedon\/","title":{"rendered":"Descubren un campamento de legi\u00f3n romana en Armaged\u00f3n"},"content":{"rendered":"\n<p>Los restos de la VI Legi\u00f3n romana, de 1.800 a\u00f1os de antig\u00fcedad, fueron desenterrados por la Autoridad de Antig\u00fcedades de Israel al pie de Megido, el sitio asociado con la batalla b\u00edblica del final de la humanidad.<\/p>\n\n\n\n<p>Arque\u00f3logos de la Autoridad de Antig\u00fcedades de Israel (AAI) han descubierto las ruinas del campamento de la VI Legi\u00f3n de Hierro, la famosa unidad romana participante de muchos eventos hist\u00f3ricos del imperio, seg\u00fan un comunicado del portavoz.<\/p><div class=\"elmet-contenido\" id=\"elmet-1026922207\"><div class=\"elmet-adlabel\">Anuncios<\/div><div style=\"margin-top: 20px;margin-right: 20px;margin-bottom: 20px;margin-left: 20px;\" id=\"elmet-3670739989\"><a href=\"https:\/\/www.facebook.com\/arrincuanantigua\/\" aria-label=\"cintillo-arrin-cual\"><img loading=\"lazy\" decoding=\"async\" src=\"https:\/\/elmetropolitano.com.gt\/es\/wp-content\/uploads\/2021\/11\/cintillo-arrin-cual-1.jpg\" alt=\"\"  srcset=\"https:\/\/elmetropolitano.com.gt\/es\/wp-content\/uploads\/2021\/11\/cintillo-arrin-cual-1.jpg 750w, https:\/\/elmetropolitano.com.gt\/es\/wp-content\/uploads\/2021\/11\/cintillo-arrin-cual-1-300x36.jpg 300w, https:\/\/elmetropolitano.com.gt\/es\/wp-content\/uploads\/2021\/11\/cintillo-arrin-cual-1-600x72.jpg 600w\" sizes=\"(max-width: 750px) 100vw, 750px\" width=\"750\" height=\"90\"   \/><\/a><\/div><\/div>\n\n\n\n<p>Creada en el 52 a. C. por Cayo Julio C\u00e9sar, la legi\u00f3n ten\u00eda su base en Judea hace unos 1.800 a\u00f1os, al pie de la colina Megido, conocida por su importancia hist\u00f3rica, geogr\u00e1fica y teol\u00f3gica, bajo su nombre griego Armaged\u00f3n, el lugar asociado con la apocal\u00edptica batalla b\u00edblica del final de la humanidad.<\/p>\n\n\n\n<p>Es la \u00fanica base militar romana de esta escala que cuenta con una ciudad entera de legionarios, seg\u00fan el Instituto Armstrong de Arqueolog\u00eda B\u00edblica. La unidad fue trasladada para despliegue permanente en Judea a principios del siglo II d.C. para reprimir el levantamiento de los jud\u00edos contra la ocupaci\u00f3n romana. Posteriormente, permaneci\u00f3 all\u00ed durante casi dos siglos, asegurando el control de Roma sobre toda la regi\u00f3n.<\/p>\n\n\n\n<p>Durante mucho tiempo, se desconoc\u00eda d\u00f3nde estaba exactamente la base de la legi\u00f3n, aunque la mayor\u00eda de los historiadores asumieron que deber\u00eda encontrarse en la parte occidental del valle de Jezreel, en la zona de la colina Megido, situada cerca del kibutz de Meguido, a 80 km al norte de Jerusal\u00e9n.<\/p>\n\n\n\n<p>Las excavaciones revelaron \u00abextensos e impresionantes restos arquitect\u00f3nicos de la carretera principal Pretoria, as\u00ed como un podio de forma semicircular y \u00e1reas pavimentadas de piedra que formaban parte de un gran y monumental edificio p\u00fablico\u00bb, seg\u00fan el comunicado de AAI citado por el Instituto Armstrong.<\/p>\n\n\n\n<p>Dentro del campamento se descubrieron monedas, restos de armas, cer\u00e1mica, vidrio y muchas, muchas tejas. \u00abAlgunas de las tejas llevaban los sellos de la VI Legi\u00f3n, se utilizaban para diversos fines: techar edificios, pavimentar suelos y revestir paredes. La tecnolog\u00eda y los conocimientos, las t\u00e9cnicas de construcci\u00f3n y las armas que la legi\u00f3n trajo consigo desde su pa\u00eds de origen son exclusivos del Ej\u00e9rcito romano y reflejan huellas militares imperiales romanas espec\u00edficas\u00bb, se\u00f1al\u00f3 el comunicado.<\/p>\n\n\n\n<p>La base militar alberg\u00f3 a m\u00e1s de 5.000 soldados de la Legio VI Ferrata, conocida como la Sexta Legi\u00f3n Acorazada, durante m\u00e1s de 180 a\u00f1os, desde 117-120 hasta alrededor del 300 d.C.<\/p>\n\n\n\n<p>Hallan en Israel tesoros de la famosa Sexta Legi\u00f3n romana que combati\u00f3 con Julio C\u00e9sar<\/p>\n\n\n\n<p>Hallan en Israel tesoros de la famosa Sexta Legi\u00f3n romana que combati\u00f3 con Julio C\u00e9sar<\/p>\n\n\n\n<p>\u00abEn el centro del campamento, de 550 metros de largo y 350 de ancho, se cruzan dos carreteras principales y aqu\u00ed se construy\u00f3 su cuartel general\u00bb, detall\u00f3 el director de las excavaciones, Yotam Tepper.<\/p>\n\n\n\n<p>El arque\u00f3logo se\u00f1al\u00f3 que se est\u00e1 discutiendo la ampliaci\u00f3n del Parque Nacional Megido, declarado Patrimonio de la Humanidad por la Unesco, para incluir secciones de la base de los legionarios romanos.<\/p>\n\n\n\n<p>RT NOTICIAS<\/p>\n\n\n\n<p>#metroredes\u00a0 <a href=\"http:\/\/www.elmetropolitano.com.gt\">www.elmetropolitano.com.gt<\/a><\/p>\n\n\n\n<figure class=\"wp-block-gallery has-nested-images columns-default is-cropped wp-block-gallery-1 is-layout-flex wp-block-gallery-is-layout-flex\">\n<figure class=\"wp-block-image size-large\"><img loading=\"lazy\" decoding=\"async\" width=\"1024\" height=\"577\" data-id=\"78205\" src=\"https:\/\/elmetropolitano.com.gt\/es\/wp-content\/uploads\/2024\/02\/65cf8adfe9ff71217b396d95-1024x577.png\" alt=\"\" class=\"wp-image-78205\" srcset=\"https:\/\/elmetropolitano.com.gt\/es\/wp-content\/uploads\/2024\/02\/65cf8adfe9ff71217b396d95-1024x577.png 1024w, https:\/\/elmetropolitano.com.gt\/es\/wp-content\/uploads\/2024\/02\/65cf8adfe9ff71217b396d95-300x169.png 300w, https:\/\/elmetropolitano.com.gt\/es\/wp-content\/uploads\/2024\/02\/65cf8adfe9ff71217b396d95-768x433.png 768w, https:\/\/elmetropolitano.com.gt\/es\/wp-content\/uploads\/2024\/02\/65cf8adfe9ff71217b396d95.png 1104w\" sizes=\"auto, (max-width: 1024px) 100vw, 1024px\" \/><\/figure>\n\n\n\n<figure class=\"wp-block-image size-large\"><img loading=\"lazy\" decoding=\"async\" width=\"1024\" height=\"576\" data-id=\"78207\" src=\"https:\/\/elmetropolitano.com.gt\/es\/wp-content\/uploads\/2024\/02\/65cf8af7e9ff710f8130c79d-1024x576.png\" alt=\"\" class=\"wp-image-78207\" srcset=\"https:\/\/elmetropolitano.com.gt\/es\/wp-content\/uploads\/2024\/02\/65cf8af7e9ff710f8130c79d-1024x576.png 1024w, https:\/\/elmetropolitano.com.gt\/es\/wp-content\/uploads\/2024\/02\/65cf8af7e9ff710f8130c79d-300x169.png 300w, https:\/\/elmetropolitano.com.gt\/es\/wp-content\/uploads\/2024\/02\/65cf8af7e9ff710f8130c79d-768x432.png 768w, https:\/\/elmetropolitano.com.gt\/es\/wp-content\/uploads\/2024\/02\/65cf8af7e9ff710f8130c79d.png 1104w\" sizes=\"auto, (max-width: 1024px) 100vw, 1024px\" \/><\/figure>\n\n\n\n<figure class=\"wp-block-image size-large\"><img loading=\"lazy\" decoding=\"async\" width=\"1024\" height=\"576\" data-id=\"78206\" src=\"https:\/\/elmetropolitano.com.gt\/es\/wp-content\/uploads\/2024\/02\/65cf8b03e9ff7170d42cc054-1024x576.png\" alt=\"\" class=\"wp-image-78206\" srcset=\"https:\/\/elmetropolitano.com.gt\/es\/wp-content\/uploads\/2024\/02\/65cf8b03e9ff7170d42cc054-1024x576.png 1024w, https:\/\/elmetropolitano.com.gt\/es\/wp-content\/uploads\/2024\/02\/65cf8b03e9ff7170d42cc054-300x169.png 300w, https:\/\/elmetropolitano.com.gt\/es\/wp-content\/uploads\/2024\/02\/65cf8b03e9ff7170d42cc054-768x432.png 768w, https:\/\/elmetropolitano.com.gt\/es\/wp-content\/uploads\/2024\/02\/65cf8b03e9ff7170d42cc054.png 1104w\" sizes=\"auto, (max-width: 1024px) 100vw, 1024px\" \/><\/figure>\n<\/figure>\n","protected":false},"excerpt":{"rendered":"<p>Los restos de la VI Legi\u00f3n romana, de 1.800 a\u00f1os de antig\u00fcedad, fueron desenterrados por la Autoridad de Antig\u00fcedades de Israel al pie de Megido, el sitio asociado con la batalla b\u00edblica del final de la humanidad. Arque\u00f3logos de la Autoridad de Antig\u00fcedades de Israel (AAI) han descubierto las ruinas del campamento de la VI <a class=\"read-more\" href=\"https:\/\/elmetropolitano.com.gt\/es\/descubren-un-campamento-de-legion-romana-en-armagedon\/\">Leer m\u00e1s<\/a><\/p>\n","protected":false},"author":1,"featured_media":78204,"comment_status":"open","ping_status":"closed","sticky":false,"template":"","format":"standard","meta":{"footnotes":""},"categories":[14],"tags":[15],"class_list":["post-78203","post","type-post","status-publish","format-standard","has-post-thumbnail","hentry","category-internacionales","tag-internacionales"],"_links":{"self":[{"href":"https:\/\/elmetropolitano.com.gt\/es\/wp-json\/wp\/v2\/posts\/78203","targetHints":{"allow":["GET"]}}],"collection":[{"href":"https:\/\/elmetropolitano.com.gt\/es\/wp-json\/wp\/v2\/posts"}],"about":[{"href":"https:\/\/elmetropolitano.com.gt\/es\/wp-json\/wp\/v2\/types\/post"}],"author":[{"embeddable":true,"href":"https:\/\/elmetropolitano.com.gt\/es\/wp-json\/wp\/v2\/users\/1"}],"replies":[{"embeddable":true,"href":"https:\/\/elmetropolitano.com.gt\/es\/wp-json\/wp\/v2\/comments?post=78203"}],"version-history":[{"count":1,"href":"https:\/\/elmetropolitano.com.gt\/es\/wp-json\/wp\/v2\/posts\/78203\/revisions"}],"predecessor-version":[{"id":78208,"href":"https:\/\/elmetropolitano.com.gt\/es\/wp-json\/wp\/v2\/posts\/78203\/revisions\/78208"}],"wp:featuredmedia":[{"embeddable":true,"href":"https:\/\/elmetropolitano.com.gt\/es\/wp-json\/wp\/v2\/media\/78204"}],"wp:attachment":[{"href":"https:\/\/elmetropolitano.com.gt\/es\/wp-json\/wp\/v2\/media?parent=78203"}],"wp:term":[{"taxonomy":"category","embeddable":true,"href":"https:\/\/elmetropolitano.com.gt\/es\/wp-json\/wp\/v2\/categories?post=78203"},{"taxonomy":"post_tag","embeddable":true,"href":"https:\/\/elmetropolitano.com.gt\/es\/wp-json\/wp\/v2\/tags?post=78203"}],"curies":[{"name":"wp","href":"https:\/\/api.w.org\/{rel}","templated":true}]}}