{"id":78472,"date":"2024-02-21T12:19:59","date_gmt":"2024-02-21T18:19:59","guid":{"rendered":"https:\/\/elmetropolitano.com.gt\/es\/?p=78472"},"modified":"2024-02-21T12:19:59","modified_gmt":"2024-02-21T18:19:59","slug":"atletas-chapines-volveran-a-portar-la-bandera-nacional-en-juegos-olimpicos","status":"publish","type":"post","link":"https:\/\/elmetropolitano.com.gt\/es\/atletas-chapines-volveran-a-portar-la-bandera-nacional-en-juegos-olimpicos\/","title":{"rendered":"Atletas chapines volver\u00e1n a portar la bandera nacional en Juegos Ol\u00edmpicos"},"content":{"rendered":"\n<p>El Presidente de Guatemala Bernardo Ar\u00e9valo anunci\u00f3 este medio d\u00eda que el Comit\u00e9 Ol\u00edmpico Internacional levantar\u00e1 sanci\u00f3n al pa\u00eds para que se porte la bandera y el uniforme nacional en juegos ol\u00edmpicos<\/p>\n\n\n\n<p>\u201cCon <a><\/a>mucha alegr\u00eda les comparto que el Comit\u00e9 Ol\u00edmpico Internacional se ha comprometido a trabajar para levantar lo antes posible la suspensi\u00f3n.\u201d<\/p><div class=\"elmet-contenido\" id=\"elmet-3624172387\"><div class=\"elmet-adlabel\">Anuncios<\/div><div style=\"margin-top: 20px;margin-right: 20px;margin-bottom: 20px;margin-left: 20px;\" id=\"elmet-700048571\"><a href=\"https:\/\/www.facebook.com\/arrincuanantigua\/\" aria-label=\"cintillo-arrin-cual\"><img loading=\"lazy\" decoding=\"async\" src=\"https:\/\/elmetropolitano.com.gt\/es\/wp-content\/uploads\/2021\/11\/cintillo-arrin-cual-1.jpg\" alt=\"\"  srcset=\"https:\/\/elmetropolitano.com.gt\/es\/wp-content\/uploads\/2021\/11\/cintillo-arrin-cual-1.jpg 750w, https:\/\/elmetropolitano.com.gt\/es\/wp-content\/uploads\/2021\/11\/cintillo-arrin-cual-1-300x36.jpg 300w, https:\/\/elmetropolitano.com.gt\/es\/wp-content\/uploads\/2021\/11\/cintillo-arrin-cual-1-600x72.jpg 600w\" sizes=\"(max-width: 750px) 100vw, 750px\" width=\"750\" height=\"90\"   \/><\/a><\/div><\/div>\n\n\n\n<p>\u201cGracias, Se\u00f1or Tomas Bach, agradezco su apoyo y compromiso con nuestros atletas\u201d al concluir una reuni\u00f3n con el Presidente del comit\u00e9 ol\u00edmpico internacional<\/p>\n\n\n\n<p><a href=\"https:\/\/www.facebook.com\/hashtag\/metroredes?__eep__=6&amp;__cft__[0]=AZWMDcLtcciNUOy5Jdh9VHDmyOkoUBxlLqNMGZN1pzuDqBglvrV1TuYGjN1svsIwQjVVPZWY0joA9IchKhtaQUh3a_8mAz9mtpachnRUdcno318xP9wIqfjucAW7snsEd-U_q68BMq1nMig7IYCG-xZEjZiQo732jSadWARmFiPv4_3s8RL08DCd6m3UHJQQ31Y&amp;__tn__=*NK-R\">#metroredes<\/a><a href=\"https:\/\/www.facebook.com\/hashtag\/guatemalasaleadelante?__eep__=6&amp;__cft__[0]=AZWMDcLtcciNUOy5Jdh9VHDmyOkoUBxlLqNMGZN1pzuDqBglvrV1TuYGjN1svsIwQjVVPZWY0joA9IchKhtaQUh3a_8mAz9mtpachnRUdcno318xP9wIqfjucAW7snsEd-U_q68BMq1nMig7IYCG-xZEjZiQo732jSadWARmFiPv4_3s8RL08DCd6m3UHJQQ31Y&amp;__tn__=*NK-R\">#GuatemalaSaleAdelante<\/a><\/p>\n\n\n\n<p><a href=\"https:\/\/l.facebook.com\/l.php?u=http%3A%2F%2FWww.elmetropolitano.com.gt%2F%3Ffbclid%3DIwAR3LlENDjwAQ2oc-qYwLWhmfSJfv3R4UgpVTCQke2YzpmQZdR8PboOacc-U&amp;h=AT0NYNnaAomTcytWPthju-f1PRnPp3QpD97lGcp7gKj4h-2wNJf8LkUTgIzMbiusvED5r9sKcQrr7zOw9FaUT0JOvkz_f2XEnpe73xYLjNjKpVeXnOz0DZS8xFRzby12pJo_qJywS7QaU-GjIZoJ&amp;__tn__=-UK-R&amp;c[0]=AT1pVff21DS6O6BGrklS0G0p5rxAtCwyrZqrbL0_or2gF1BxVX-aZJhUsXfyHrHoxr1gRnCt3b3K63pn1jOzaIu0k66LUHT3aRuBU8bZSG5lpKE0D3fP-6thEoVF2EpLe8gegR8PK3zi3Bqwp9AmxnP8nWuHtX8UaubJKK5im-fuGsLKQhUanoSNpWx65Am5IRfBDTXGFaim\" target=\"_blank\" rel=\"noreferrer noopener\">Www.elmetropolitano.com.gt<\/a>  www.metroredes.com  www.elescuintleco.com <\/p>\n","protected":false},"excerpt":{"rendered":"<p>El Presidente de Guatemala Bernardo Ar\u00e9valo anunci\u00f3 este medio d\u00eda que el Comit\u00e9 Ol\u00edmpico Internacional levantar\u00e1 sanci\u00f3n al pa\u00eds para que se porte la bandera y el uniforme nacional en juegos ol\u00edmpicos \u201cCon mucha alegr\u00eda les comparto que el Comit\u00e9 Ol\u00edmpico Internacional se ha comprometido a trabajar para levantar lo antes posible la suspensi\u00f3n.\u201d \u201cGracias, <a class=\"read-more\" href=\"https:\/\/elmetropolitano.com.gt\/es\/atletas-chapines-volveran-a-portar-la-bandera-nacional-en-juegos-olimpicos\/\">Leer m\u00e1s<\/a><\/p>\n","protected":false},"author":1,"featured_media":78473,"comment_status":"open","ping_status":"closed","sticky":false,"template":"","format":"standard","meta":{"footnotes":""},"categories":[43],"tags":[44],"class_list":["post-78472","post","type-post","status-publish","format-standard","has-post-thumbnail","hentry","category-deportes","tag-deportes"],"_links":{"self":[{"href":"https:\/\/elmetropolitano.com.gt\/es\/wp-json\/wp\/v2\/posts\/78472","targetHints":{"allow":["GET"]}}],"collection":[{"href":"https:\/\/elmetropolitano.com.gt\/es\/wp-json\/wp\/v2\/posts"}],"about":[{"href":"https:\/\/elmetropolitano.com.gt\/es\/wp-json\/wp\/v2\/types\/post"}],"author":[{"embeddable":true,"href":"https:\/\/elmetropolitano.com.gt\/es\/wp-json\/wp\/v2\/users\/1"}],"replies":[{"embeddable":true,"href":"https:\/\/elmetropolitano.com.gt\/es\/wp-json\/wp\/v2\/comments?post=78472"}],"version-history":[{"count":1,"href":"https:\/\/elmetropolitano.com.gt\/es\/wp-json\/wp\/v2\/posts\/78472\/revisions"}],"predecessor-version":[{"id":78474,"href":"https:\/\/elmetropolitano.com.gt\/es\/wp-json\/wp\/v2\/posts\/78472\/revisions\/78474"}],"wp:featuredmedia":[{"embeddable":true,"href":"https:\/\/elmetropolitano.com.gt\/es\/wp-json\/wp\/v2\/media\/78473"}],"wp:attachment":[{"href":"https:\/\/elmetropolitano.com.gt\/es\/wp-json\/wp\/v2\/media?parent=78472"}],"wp:term":[{"taxonomy":"category","embeddable":true,"href":"https:\/\/elmetropolitano.com.gt\/es\/wp-json\/wp\/v2\/categories?post=78472"},{"taxonomy":"post_tag","embeddable":true,"href":"https:\/\/elmetropolitano.com.gt\/es\/wp-json\/wp\/v2\/tags?post=78472"}],"curies":[{"name":"wp","href":"https:\/\/api.w.org\/{rel}","templated":true}]}}