{"id":78507,"date":"2024-02-22T09:06:12","date_gmt":"2024-02-22T15:06:12","guid":{"rendered":"https:\/\/elmetropolitano.com.gt\/es\/?p=78507"},"modified":"2024-02-22T09:06:15","modified_gmt":"2024-02-22T15:06:15","slug":"gobernacion-crea-equipo-multidisciplinario-de-control-de-acceso-penitenciario","status":"publish","type":"post","link":"https:\/\/elmetropolitano.com.gt\/es\/gobernacion-crea-equipo-multidisciplinario-de-control-de-acceso-penitenciario\/","title":{"rendered":"Gobernaci\u00f3n crea Equipo Multidisciplinario de Control de Acceso Penitenciario"},"content":{"rendered":"\n<p>El ministro de Gobernaci\u00f3n, Francisco Jim\u00e9nez, anunci\u00f3 la creaci\u00f3n del Equipo Multidisciplinario de Control de Acceso Penitenciario (ECAP), con el fin de prevenir las extorsiones dentro de las c\u00e1rceles del pa\u00eds.<\/p>\n\n\n\n<p>\u201cEste equipo es un esfuerzo de continuidad del combate de las extorsiones. El objetivo fundamental es evitar el ingreso de objetos il\u00edcitos a los centros de privaci\u00f3n de libertad.<\/p><div class=\"elmet-contenido\" id=\"elmet-959014480\"><div class=\"elmet-adlabel\">Anuncios<\/div><div style=\"margin-top: 20px;margin-right: 20px;margin-bottom: 20px;margin-left: 20px;\" id=\"elmet-806399769\"><a href=\"https:\/\/www.facebook.com\/arrincuanantigua\/\" aria-label=\"cintillo-arrin-cual\"><img loading=\"lazy\" decoding=\"async\" src=\"https:\/\/elmetropolitano.com.gt\/es\/wp-content\/uploads\/2021\/11\/cintillo-arrin-cual-1.jpg\" alt=\"\"  srcset=\"https:\/\/elmetropolitano.com.gt\/es\/wp-content\/uploads\/2021\/11\/cintillo-arrin-cual-1.jpg 750w, https:\/\/elmetropolitano.com.gt\/es\/wp-content\/uploads\/2021\/11\/cintillo-arrin-cual-1-300x36.jpg 300w, https:\/\/elmetropolitano.com.gt\/es\/wp-content\/uploads\/2021\/11\/cintillo-arrin-cual-1-600x72.jpg 600w\" sizes=\"(max-width: 750px) 100vw, 750px\" width=\"750\" height=\"90\"   \/><\/a><\/div><\/div>\n\n\n\n<p>El <a><\/a>ECAP es un equipo interinstitucional conformado por 45 personas, quienes trabajar\u00e1n de manera din\u00e1mica y aleatoria en horarios de visita en distintos centros carcelarios del pa\u00eds\u201d indic\u00f3 el ministro Jim\u00e9nez<\/p>\n\n\n\n<p>Las acciones<\/p>\n\n\n\n<p>El ministro inform\u00f3 que este equipo multidisciplinario tendr\u00e1 como fin la revisi\u00f3n en el ingreso de los centros carcelarios del pa\u00eds. Actualmente existen 22 centros carcelarios de privaci\u00f3n de libertad en el pa\u00eds.<\/p>\n\n\n\n<p>Ellos van a tener la tarea de controlar el ingreso de personas, en especial, durante visitas. Vamos a fortalecer con equipo humano esta unidad.<\/p>\n\n\n\n<p>Adem\u00e1s, el ministro de Gobernaci\u00f3n inform\u00f3 que para fortalecer este control en el sistema penitenciario se adquirir\u00e1n esc\u00e1neres.<\/p>\n\n\n\n<p>Levantaremos un evento de compra<\/p>\n\n\n\n<p>ubicando el presupuesto para comprar esc\u00e1ner de rayos x, para poder tener un control para verificar cualquier tipo de (producto) il\u00edcito que alguien quiera introducir a trav\u00e9s de su cuerpo.<\/p>\n\n\n\n<p>Los mismos ser\u00e1n distribuidos en los centros carcelarios a nivel nacional. Este enfoque con adici\u00f3n de tecnolog\u00eda busca reforzar la seguridad en un marco de respeto a los derechos humanos de los visitantes, sin vulnerarlos.<\/p>\n\n\n\n<p>Los esc\u00e1neres tambi\u00e9n permitir\u00e1n incrementar la visibilidad dentro de cada objeto y posesi\u00f3n de los visitantes a la hora de ingresar a los centros carcelarios, que es el mayor problema en el ingreso de objetos prohibidos para los reos, como los tel\u00e9fonos celulares.<\/p>\n\n\n\n<p>Esta modalidad c\u00edclica de incautaci\u00f3n y nuevo ingreso de celulares es conocido por la ciudadan\u00eda debido a los resultados de las requisas. Por ello, el actual gobierno busca ahondar en el problema y cortar el suministro de celulares a los privados de libertad.<\/p>\n\n\n\n<p>Capturas<\/p>\n\n\n\n<p>El funcionario tambi\u00e9n destac\u00f3 que el combate a las extorsiones es uno de los objetivos del gobierno del presidente Bernardo Ar\u00e9valo.<\/p>\n\n\n\n<p>\u201cLa extorsi\u00f3n es el fen\u00f3meno criminal que m\u00e1s nos preocupa y es una de las prioridades de seguridad en esta administraci\u00f3n\u201d indic\u00f3 el ministro Jim\u00e9nez<\/p>\n\n\n\n<p>Una de estas acciones son los allanamientos que se efectuaron ayer donde se logr\u00f3 la captura de 45 personas que son integrantes de las maras Barrio 18 y Salvatrucha.<\/p>\n\n\n\n<p>Adem\u00e1s, se realizan operativos de seguridad para capturar a imitadores, personas que se hacen pasar por extorsionistas y que operan en muchos departamentos del pa\u00eds.<\/p>\n\n\n\n<p>Las acciones destinadas a erradicar el delito de la extorsi\u00f3n contin\u00faan. Actualmente, el Grupo Especial contra la Extorsiones se dedica a realizar operativos en el departamento de Guatemala, con el objetivo de proteger las actividades cotidianas de los ciudadanos. Esta fuerza operativa de la PNC inici\u00f3 operaciones recientemente y contin\u00faa con su labor para brindar seguridad<\/p>\n\n\n\n<p>Texto: Brenda Larios<\/p>\n\n\n\n<p><a href=\"https:\/\/www.facebook.com\/hashtag\/carceles?__eep__=6&amp;__cft__[0]=AZX6lZoMbg6Nny2RLhTAPhGqxLbkCTebnck93SW_lpGuu6bAy8uzzcA3qneQLxSfkwJcNyRu_jDLHOLitW-ZbmWAON24I-Qxhjl5fw7HWKrSqmkXn37qQDo0lE0xRIR2armL2Q38Hm8jtejjJwdKgfiTrtQmanlTdZ11NH30t3MBGWkX6y4NHgFPek1TbxS3YwU&amp;__tn__=*NK-R\">#carceles<\/a><a href=\"https:\/\/www.facebook.com\/hashtag\/metroredes?__eep__=6&amp;__cft__[0]=AZX6lZoMbg6Nny2RLhTAPhGqxLbkCTebnck93SW_lpGuu6bAy8uzzcA3qneQLxSfkwJcNyRu_jDLHOLitW-ZbmWAON24I-Qxhjl5fw7HWKrSqmkXn37qQDo0lE0xRIR2armL2Q38Hm8jtejjJwdKgfiTrtQmanlTdZ11NH30t3MBGWkX6y4NHgFPek1TbxS3YwU&amp;__tn__=*NK-R\">#metroredes<\/a>  www.metroredes.com  www.elescuintleco.com <\/p>\n\n\n\n<figure class=\"wp-block-gallery has-nested-images columns-default is-cropped wp-block-gallery-1 is-layout-flex wp-block-gallery-is-layout-flex\">\n<figure class=\"wp-block-image size-large\"><img loading=\"lazy\" decoding=\"async\" width=\"680\" height=\"453\" data-id=\"78509\" src=\"https:\/\/elmetropolitano.com.gt\/es\/wp-content\/uploads\/2024\/02\/428622312_886568376802580_2930488148835619206_n.jpg\" alt=\"\" class=\"wp-image-78509\" srcset=\"https:\/\/elmetropolitano.com.gt\/es\/wp-content\/uploads\/2024\/02\/428622312_886568376802580_2930488148835619206_n.jpg 680w, https:\/\/elmetropolitano.com.gt\/es\/wp-content\/uploads\/2024\/02\/428622312_886568376802580_2930488148835619206_n-300x200.jpg 300w\" sizes=\"auto, (max-width: 680px) 100vw, 680px\" \/><\/figure>\n\n\n\n<figure class=\"wp-block-image size-large\"><img loading=\"lazy\" decoding=\"async\" width=\"680\" height=\"453\" data-id=\"78510\" src=\"https:\/\/elmetropolitano.com.gt\/es\/wp-content\/uploads\/2024\/02\/428627736_886568320135919_7792020989302265631_n.jpg\" alt=\"\" class=\"wp-image-78510\" srcset=\"https:\/\/elmetropolitano.com.gt\/es\/wp-content\/uploads\/2024\/02\/428627736_886568320135919_7792020989302265631_n.jpg 680w, https:\/\/elmetropolitano.com.gt\/es\/wp-content\/uploads\/2024\/02\/428627736_886568320135919_7792020989302265631_n-300x200.jpg 300w\" sizes=\"auto, (max-width: 680px) 100vw, 680px\" \/><\/figure>\n\n\n\n<figure class=\"wp-block-image size-large\"><img loading=\"lazy\" decoding=\"async\" width=\"680\" height=\"453\" data-id=\"78511\" src=\"https:\/\/elmetropolitano.com.gt\/es\/wp-content\/uploads\/2024\/02\/428638100_886568386802579_1204916850435592321_n.jpg\" alt=\"\" class=\"wp-image-78511\" srcset=\"https:\/\/elmetropolitano.com.gt\/es\/wp-content\/uploads\/2024\/02\/428638100_886568386802579_1204916850435592321_n.jpg 680w, https:\/\/elmetropolitano.com.gt\/es\/wp-content\/uploads\/2024\/02\/428638100_886568386802579_1204916850435592321_n-300x200.jpg 300w\" sizes=\"auto, (max-width: 680px) 100vw, 680px\" \/><\/figure>\n<\/figure>\n","protected":false},"excerpt":{"rendered":"<p>El ministro de Gobernaci\u00f3n, Francisco Jim\u00e9nez, anunci\u00f3 la creaci\u00f3n del Equipo Multidisciplinario de Control de Acceso Penitenciario (ECAP), con el fin de prevenir las extorsiones dentro de las c\u00e1rceles del pa\u00eds. \u201cEste equipo es un esfuerzo de continuidad del combate de las extorsiones. El objetivo fundamental es evitar el ingreso de objetos il\u00edcitos a los <a class=\"read-more\" href=\"https:\/\/elmetropolitano.com.gt\/es\/gobernacion-crea-equipo-multidisciplinario-de-control-de-acceso-penitenciario\/\">Leer m\u00e1s<\/a><\/p>\n","protected":false},"author":1,"featured_media":78508,"comment_status":"open","ping_status":"closed","sticky":false,"template":"","format":"standard","meta":{"footnotes":""},"categories":[2],"tags":[12],"class_list":["post-78507","post","type-post","status-publish","format-standard","has-post-thumbnail","hentry","category-nacionales","tag-nacionales"],"_links":{"self":[{"href":"https:\/\/elmetropolitano.com.gt\/es\/wp-json\/wp\/v2\/posts\/78507","targetHints":{"allow":["GET"]}}],"collection":[{"href":"https:\/\/elmetropolitano.com.gt\/es\/wp-json\/wp\/v2\/posts"}],"about":[{"href":"https:\/\/elmetropolitano.com.gt\/es\/wp-json\/wp\/v2\/types\/post"}],"author":[{"embeddable":true,"href":"https:\/\/elmetropolitano.com.gt\/es\/wp-json\/wp\/v2\/users\/1"}],"replies":[{"embeddable":true,"href":"https:\/\/elmetropolitano.com.gt\/es\/wp-json\/wp\/v2\/comments?post=78507"}],"version-history":[{"count":1,"href":"https:\/\/elmetropolitano.com.gt\/es\/wp-json\/wp\/v2\/posts\/78507\/revisions"}],"predecessor-version":[{"id":78512,"href":"https:\/\/elmetropolitano.com.gt\/es\/wp-json\/wp\/v2\/posts\/78507\/revisions\/78512"}],"wp:featuredmedia":[{"embeddable":true,"href":"https:\/\/elmetropolitano.com.gt\/es\/wp-json\/wp\/v2\/media\/78508"}],"wp:attachment":[{"href":"https:\/\/elmetropolitano.com.gt\/es\/wp-json\/wp\/v2\/media?parent=78507"}],"wp:term":[{"taxonomy":"category","embeddable":true,"href":"https:\/\/elmetropolitano.com.gt\/es\/wp-json\/wp\/v2\/categories?post=78507"},{"taxonomy":"post_tag","embeddable":true,"href":"https:\/\/elmetropolitano.com.gt\/es\/wp-json\/wp\/v2\/tags?post=78507"}],"curies":[{"name":"wp","href":"https:\/\/api.w.org\/{rel}","templated":true}]}}