{"id":78530,"date":"2024-02-22T09:23:01","date_gmt":"2024-02-22T15:23:01","guid":{"rendered":"https:\/\/elmetropolitano.com.gt\/es\/?p=78530"},"modified":"2024-02-22T09:23:07","modified_gmt":"2024-02-22T15:23:07","slug":"el-rey-felipe-vi-recibe-al-presidente-bernardo-arevalo-en-madrid","status":"publish","type":"post","link":"https:\/\/elmetropolitano.com.gt\/es\/el-rey-felipe-vi-recibe-al-presidente-bernardo-arevalo-en-madrid\/","title":{"rendered":"El rey Felipe VI recibe al presidente Bernardo Ar\u00e9valo en Madrid"},"content":{"rendered":"\n<p>El rey Felipe VI de Espa\u00f1a recibi\u00f3 este jueves, en el palacio de la Zarzuela en Madrid, al presidente de Guatemala Bernardo Ar\u00e9valo, durante su visita a ese pa\u00eds, como parte de su primera gira de trabajo por Europa.<\/p>\n\n\n\n<p>Muchas gracias, majestad, le dijo el mandatario guatemalteco por el recibimiento mientras se estrechaban la mano.<\/p><div class=\"elmet-contenido\" id=\"elmet-3573989151\"><div class=\"elmet-adlabel\">Anuncios<\/div><div style=\"margin-top: 20px;margin-right: 20px;margin-bottom: 20px;margin-left: 20px;\" id=\"elmet-1353759442\"><a href=\"https:\/\/www.facebook.com\/arrincuanantigua\/\" aria-label=\"cintillo-arrin-cual\"><img loading=\"lazy\" decoding=\"async\" src=\"https:\/\/elmetropolitano.com.gt\/es\/wp-content\/uploads\/2021\/11\/cintillo-arrin-cual-1.jpg\" alt=\"\"  srcset=\"https:\/\/elmetropolitano.com.gt\/es\/wp-content\/uploads\/2021\/11\/cintillo-arrin-cual-1.jpg 750w, https:\/\/elmetropolitano.com.gt\/es\/wp-content\/uploads\/2021\/11\/cintillo-arrin-cual-1-300x36.jpg 300w, https:\/\/elmetropolitano.com.gt\/es\/wp-content\/uploads\/2021\/11\/cintillo-arrin-cual-1-600x72.jpg 600w\" sizes=\"(max-width: 750px) 100vw, 750px\" width=\"750\" height=\"90\"   \/><\/a><\/div><\/div>\n\n\n\n<p><a><\/a>Durante la audiencia con el monarca espa\u00f1ol, el gobernante estuvo acompa\u00f1ado del canciller Carlos Ramiro Mart\u00ednez y la ministra de Econom\u00eda Gabriela Garc\u00eda.<\/p>\n\n\n\n<p>Asimismo, estuvo presente el embajador de Espa\u00f1a en Guatemala, Jos\u00e9 Mar\u00eda Lavi\u00f1a, y Susana Sumelzo, secretaria de Estado para Iboram\u00e9rica y el Caribe y el Espa\u00f1ol en el Mundo.<\/p>\n\n\n\n<p>Atiende invitaci\u00f3n<\/p>\n\n\n\n<p>La visita oficial del presidente Ar\u00e9valo a Espa\u00f1a responde a una invitaci\u00f3n que el monarca le hizo en enero, cuando asisti\u00f3 a la toma de posesi\u00f3n.<\/p>\n\n\n\n<p>Posteriormente, el jefe de Estado guatemalteco asistir\u00e1 a un almuerzo que ofrecer\u00e1 Felipe VI en su honor. Esta vez lo acompa\u00f1ar\u00e1 la primera dama, doctora Lucrecia Pinado.<\/p>\n\n\n\n<p>De acuerdo con informaci\u00f3n de la Casa Real, al almuerzo tambi\u00e9n acudir\u00e1n integrantes del gobierno espa\u00f1ol y representantes de otras instituciones relacionadas con el pa\u00eds.<\/p>\n\n\n\n<p>Otras actividades<\/p>\n\n\n\n<p>El gobernante fue recibido tambi\u00e9n en el Palacio de Cibles por el alcalde de Madrid, Jos\u00e9 Luis Mart\u00ednez-Almeida.<\/p>\n\n\n\n<p>A su llegada, el ayuntamiento comparti\u00f3 este mensaje en su cuenta de X \u201cHoy lo hemos recibido en el Ayuntamiento de Madrid, lo saludamos y le trasladamos nuestro apoyo para fortalecer la democracia.<\/p>\n\n\n\n<p>Asimismo, con motivo de la llegada de Ar\u00e9valo a Espa\u00f1a, junto a su esposa, el Partido Socialista Obrero Espa\u00f1ol (PSOE) les dio la bienvenida al gobernante en un mensaje en su cuenta de X:\u201dDamos la bienvenida a Madrid al presidente de Guatemala, Bernardo Ar\u00e9valo, y a su mujer Lucrecia Peinado. Apoyamos su agenda para fortalecer el Estado de bienestar y hacer crecer el pa\u00eds centroamericano en un marco de libertades civiles \u00a1Bienvenido a Espa\u00f1a\u201d<\/p>\n\n\n\n<p>La gira<\/p>\n\n\n\n<p>La visita oficial a Espa\u00f1a es parte de la gira de trabajo que el presidente guatemalteco lleva a cabo por Europa. Este periplo tiene el objetivo de fortalecer los lazos de amistad y cooperaci\u00f3n con las naciones europeas. Asimismo, tiene el prop\u00f3sito de agradecer el apoyo que esa regi\u00f3n ha bridado al pa\u00eds.<\/p>\n\n\n\n<p>En los d\u00edas anteriores, Ar\u00e9valo a acudido a diferentes actividades y se ha reunido con gobernantes y representantes de instituciones y organismos internacionales.<\/p>\n\n\n\n<p>Con ello, el Presidente busca que el respaldo pol\u00edtico de parte de la Uni\u00f3n Europea se concrete en acciones de cooperaci\u00f3n para el desarrollo del pa\u00eds.<\/p>\n\n\n\n<p>Antes de visitar Bruselas, capital de B\u00e9lgica, Ar\u00e9valo estuvo en Par\u00eds, donde se reuni\u00f3 con el presidente Emmanuel Macron. Tambi\u00e9n estuvo en M\u00fanich, Alemania, donde particip\u00f3 en la Conferencia de Seguridad y sostuvo un encuentro con el mandatario de Ucrania, Volod\u00edmir Zelenski.<\/p>\n\n\n\n<p>Entre tanto, el mi\u00e9rcoles, el gobernante se reuni\u00f3 en Ginebra, Zuiza, con los altos comisionados de la ONU para los Derechos Humanos, Volker T\u00fcrk y para los Refugiados Filippo Grandi. Por \u00faltimo se encontr\u00f3 con el presidente del Comit\u00e9 Ol\u00edmpico Internacional<\/p>\n\n\n\n<p>Bernardo Ar\u00e9valo, presidente de Guatemala, busca que el respaldo pol\u00edtico recibido de la Uni\u00f3n Europea se transforme en medidas concretas de cooperaci\u00f3n para el desarrollo econ\u00f3mico del pa\u00eds.<\/p>\n\n\n\n<p><a href=\"https:\/\/www.facebook.com\/hashtag\/girapresidencialeuropa?__eep__=6&amp;__cft__[0]=AZWlIY5jVXSe4UIhFX1_AajRO5XDgwZDzFcbryQru7QGM_yIxGlATfxSiCz-QlRIRk-nYKLS7-Whwbg6zfdLf8oXP_l3rH0JbvT8Dnp0LVKQRoSUtvG9X09D2qT9j9FWQGL7PcbX8ZP0kQDNehAunk-7smJ40dIXIxACdzpP8txgWpqSSHCh5R_Lic5WRyqBjws&amp;__tn__=*NK-R\">#girapresidencialeuropa<\/a><a href=\"https:\/\/www.facebook.com\/hashtag\/metroredes?__eep__=6&amp;__cft__[0]=AZWlIY5jVXSe4UIhFX1_AajRO5XDgwZDzFcbryQru7QGM_yIxGlATfxSiCz-QlRIRk-nYKLS7-Whwbg6zfdLf8oXP_l3rH0JbvT8Dnp0LVKQRoSUtvG9X09D2qT9j9FWQGL7PcbX8ZP0kQDNehAunk-7smJ40dIXIxACdzpP8txgWpqSSHCh5R_Lic5WRyqBjws&amp;__tn__=*NK-R\">#metroredes<\/a>  www.metroredes.com  www.elescuintleco.com <\/p>\n\n\n\n<figure class=\"wp-block-gallery has-nested-images columns-default is-cropped wp-block-gallery-1 is-layout-flex wp-block-gallery-is-layout-flex\">\n<figure class=\"wp-block-image size-large\"><img loading=\"lazy\" decoding=\"async\" width=\"1024\" height=\"577\" data-id=\"78532\" src=\"https:\/\/elmetropolitano.com.gt\/es\/wp-content\/uploads\/2024\/02\/409025664_886829736776444_2520858345627883561_n-1024x577.jpg\" alt=\"\" class=\"wp-image-78532\" srcset=\"https:\/\/elmetropolitano.com.gt\/es\/wp-content\/uploads\/2024\/02\/409025664_886829736776444_2520858345627883561_n-1024x577.jpg 1024w, https:\/\/elmetropolitano.com.gt\/es\/wp-content\/uploads\/2024\/02\/409025664_886829736776444_2520858345627883561_n-300x169.jpg 300w, https:\/\/elmetropolitano.com.gt\/es\/wp-content\/uploads\/2024\/02\/409025664_886829736776444_2520858345627883561_n-768x432.jpg 768w, https:\/\/elmetropolitano.com.gt\/es\/wp-content\/uploads\/2024\/02\/409025664_886829736776444_2520858345627883561_n-1536x865.jpg 1536w, https:\/\/elmetropolitano.com.gt\/es\/wp-content\/uploads\/2024\/02\/409025664_886829736776444_2520858345627883561_n.jpg 2048w\" sizes=\"auto, (max-width: 1024px) 100vw, 1024px\" \/><\/figure>\n\n\n\n<figure class=\"wp-block-image size-large\"><img loading=\"lazy\" decoding=\"async\" width=\"1024\" height=\"701\" data-id=\"78533\" src=\"https:\/\/elmetropolitano.com.gt\/es\/wp-content\/uploads\/2024\/02\/409057366_886829216776496_7713979338423523709_n-1024x701.jpg\" alt=\"\" class=\"wp-image-78533\" srcset=\"https:\/\/elmetropolitano.com.gt\/es\/wp-content\/uploads\/2024\/02\/409057366_886829216776496_7713979338423523709_n-1024x701.jpg 1024w, https:\/\/elmetropolitano.com.gt\/es\/wp-content\/uploads\/2024\/02\/409057366_886829216776496_7713979338423523709_n-300x205.jpg 300w, https:\/\/elmetropolitano.com.gt\/es\/wp-content\/uploads\/2024\/02\/409057366_886829216776496_7713979338423523709_n-768x526.jpg 768w, https:\/\/elmetropolitano.com.gt\/es\/wp-content\/uploads\/2024\/02\/409057366_886829216776496_7713979338423523709_n-1536x1052.jpg 1536w, https:\/\/elmetropolitano.com.gt\/es\/wp-content\/uploads\/2024\/02\/409057366_886829216776496_7713979338423523709_n.jpg 2048w\" sizes=\"auto, (max-width: 1024px) 100vw, 1024px\" \/><\/figure>\n\n\n\n<figure class=\"wp-block-image size-large\"><img loading=\"lazy\" decoding=\"async\" width=\"1024\" height=\"682\" data-id=\"78535\" src=\"https:\/\/elmetropolitano.com.gt\/es\/wp-content\/uploads\/2024\/02\/428640318_886829763443108_4237723895002588458_n-1024x682.jpg\" alt=\"\" class=\"wp-image-78535\" srcset=\"https:\/\/elmetropolitano.com.gt\/es\/wp-content\/uploads\/2024\/02\/428640318_886829763443108_4237723895002588458_n-1024x682.jpg 1024w, https:\/\/elmetropolitano.com.gt\/es\/wp-content\/uploads\/2024\/02\/428640318_886829763443108_4237723895002588458_n-300x200.jpg 300w, https:\/\/elmetropolitano.com.gt\/es\/wp-content\/uploads\/2024\/02\/428640318_886829763443108_4237723895002588458_n-768x512.jpg 768w, https:\/\/elmetropolitano.com.gt\/es\/wp-content\/uploads\/2024\/02\/428640318_886829763443108_4237723895002588458_n-1536x1023.jpg 1536w, https:\/\/elmetropolitano.com.gt\/es\/wp-content\/uploads\/2024\/02\/428640318_886829763443108_4237723895002588458_n.jpg 2048w\" sizes=\"auto, (max-width: 1024px) 100vw, 1024px\" \/><\/figure>\n\n\n\n<figure class=\"wp-block-image size-large\"><img loading=\"lazy\" decoding=\"async\" width=\"1024\" height=\"683\" data-id=\"78534\" src=\"https:\/\/elmetropolitano.com.gt\/es\/wp-content\/uploads\/2024\/02\/428640923_886829243443160_5059440906624338955_n-1024x683.jpg\" alt=\"\" class=\"wp-image-78534\" srcset=\"https:\/\/elmetropolitano.com.gt\/es\/wp-content\/uploads\/2024\/02\/428640923_886829243443160_5059440906624338955_n-1024x683.jpg 1024w, https:\/\/elmetropolitano.com.gt\/es\/wp-content\/uploads\/2024\/02\/428640923_886829243443160_5059440906624338955_n-300x200.jpg 300w, https:\/\/elmetropolitano.com.gt\/es\/wp-content\/uploads\/2024\/02\/428640923_886829243443160_5059440906624338955_n-768x512.jpg 768w, https:\/\/elmetropolitano.com.gt\/es\/wp-content\/uploads\/2024\/02\/428640923_886829243443160_5059440906624338955_n-1536x1025.jpg 1536w, https:\/\/elmetropolitano.com.gt\/es\/wp-content\/uploads\/2024\/02\/428640923_886829243443160_5059440906624338955_n.jpg 2048w\" sizes=\"auto, (max-width: 1024px) 100vw, 1024px\" \/><\/figure>\n<\/figure>\n","protected":false},"excerpt":{"rendered":"<p>El rey Felipe VI de Espa\u00f1a recibi\u00f3 este jueves, en el palacio de la Zarzuela en Madrid, al presidente de Guatemala Bernardo Ar\u00e9valo, durante su visita a ese pa\u00eds, como parte de su primera gira de trabajo por Europa. Muchas gracias, majestad, le dijo el mandatario guatemalteco por el recibimiento mientras se estrechaban la mano. <a class=\"read-more\" href=\"https:\/\/elmetropolitano.com.gt\/es\/el-rey-felipe-vi-recibe-al-presidente-bernardo-arevalo-en-madrid\/\">Leer m\u00e1s<\/a><\/p>\n","protected":false},"author":1,"featured_media":78531,"comment_status":"open","ping_status":"closed","sticky":false,"template":"","format":"standard","meta":{"footnotes":""},"categories":[2],"tags":[12],"class_list":["post-78530","post","type-post","status-publish","format-standard","has-post-thumbnail","hentry","category-nacionales","tag-nacionales"],"_links":{"self":[{"href":"https:\/\/elmetropolitano.com.gt\/es\/wp-json\/wp\/v2\/posts\/78530","targetHints":{"allow":["GET"]}}],"collection":[{"href":"https:\/\/elmetropolitano.com.gt\/es\/wp-json\/wp\/v2\/posts"}],"about":[{"href":"https:\/\/elmetropolitano.com.gt\/es\/wp-json\/wp\/v2\/types\/post"}],"author":[{"embeddable":true,"href":"https:\/\/elmetropolitano.com.gt\/es\/wp-json\/wp\/v2\/users\/1"}],"replies":[{"embeddable":true,"href":"https:\/\/elmetropolitano.com.gt\/es\/wp-json\/wp\/v2\/comments?post=78530"}],"version-history":[{"count":1,"href":"https:\/\/elmetropolitano.com.gt\/es\/wp-json\/wp\/v2\/posts\/78530\/revisions"}],"predecessor-version":[{"id":78536,"href":"https:\/\/elmetropolitano.com.gt\/es\/wp-json\/wp\/v2\/posts\/78530\/revisions\/78536"}],"wp:featuredmedia":[{"embeddable":true,"href":"https:\/\/elmetropolitano.com.gt\/es\/wp-json\/wp\/v2\/media\/78531"}],"wp:attachment":[{"href":"https:\/\/elmetropolitano.com.gt\/es\/wp-json\/wp\/v2\/media?parent=78530"}],"wp:term":[{"taxonomy":"category","embeddable":true,"href":"https:\/\/elmetropolitano.com.gt\/es\/wp-json\/wp\/v2\/categories?post=78530"},{"taxonomy":"post_tag","embeddable":true,"href":"https:\/\/elmetropolitano.com.gt\/es\/wp-json\/wp\/v2\/tags?post=78530"}],"curies":[{"name":"wp","href":"https:\/\/api.w.org\/{rel}","templated":true}]}}