{"id":78537,"date":"2024-02-22T12:48:34","date_gmt":"2024-02-22T18:48:34","guid":{"rendered":"https:\/\/elmetropolitano.com.gt\/es\/?p=78537"},"modified":"2024-02-22T12:48:35","modified_gmt":"2024-02-22T18:48:35","slug":"inguat-e-iberia-firman-carta-de-entendimiento-en-presencia-del-presidente-bernardo-arevalo","status":"publish","type":"post","link":"https:\/\/elmetropolitano.com.gt\/es\/inguat-e-iberia-firman-carta-de-entendimiento-en-presencia-del-presidente-bernardo-arevalo\/","title":{"rendered":"Inguat e Iberia firman carta de entendimiento en presencia del presidente Bernardo Ar\u00e9valo"},"content":{"rendered":"\n<p>En presencia del presidente Bernardo Ar\u00e9valo, en calidad de testigo de honor, el Instituto Guatemalteco de Turismos (Inguat) y la compa\u00f1\u00eda L\u00edneas A\u00e9reas de Espa\u00f1a, S.A. (Iberia), firmaron una carta de entendimiento con el objetivo de fortalecer y fomentar los v\u00ednculos entre Guatemala y Europa, en especial en t\u00e9rminos de turismo.<\/p>\n\n\n\n<p>Con <a><\/a>este acuerdo se facilita la conectividad a\u00e9rea y la promoci\u00f3n de la diversidad de sitios tur\u00edsticos del pa\u00eds en el mercado europeo.<\/p><div class=\"elmet-contenido\" id=\"elmet-2825558728\"><div class=\"elmet-adlabel\">Anuncios<\/div><div style=\"margin-top: 20px;margin-right: 20px;margin-bottom: 20px;margin-left: 20px;\" id=\"elmet-383732130\"><a href=\"https:\/\/www.facebook.com\/arrincuanantigua\/\" aria-label=\"cintillo-arrin-cual\"><img loading=\"lazy\" decoding=\"async\" src=\"https:\/\/elmetropolitano.com.gt\/es\/wp-content\/uploads\/2021\/11\/cintillo-arrin-cual-1.jpg\" alt=\"\"  srcset=\"https:\/\/elmetropolitano.com.gt\/es\/wp-content\/uploads\/2021\/11\/cintillo-arrin-cual-1.jpg 750w, https:\/\/elmetropolitano.com.gt\/es\/wp-content\/uploads\/2021\/11\/cintillo-arrin-cual-1-300x36.jpg 300w, https:\/\/elmetropolitano.com.gt\/es\/wp-content\/uploads\/2021\/11\/cintillo-arrin-cual-1-600x72.jpg 600w\" sizes=\"(max-width: 750px) 100vw, 750px\" width=\"750\" height=\"90\"   \/><\/a><\/div><\/div>\n\n\n\n<p>El acuerdo fue firmado por el director del Inguat, Harris Whitbeck, y Fernando Candela, presidente de Iberia.<\/p>\n\n\n\n<p>Alianza estrat\u00e9gica<\/p>\n\n\n\n<p>Whitbeck destac\u00f3 la importancia estrat\u00e9gica del acuerdo, ya que ampl\u00eda la visibilidad de Guatemala como un destino tur\u00edstico de primer nivel. Asimismo, se aprovechan los canales de promoci\u00f3n y las redes de venta de Iberia.<\/p>\n\n\n\n<p>\u00abEn la actualidad, Iberia sirve como el enlace directo entre Guatemala y Europa, con vuelos diarios entre ambos pa\u00edses. Esta alianza tiene como objetivo incrementar la cantidad de pasajeros procedentes de Espa\u00f1a y de los conexiones que la aerol\u00ednea tiene con otros destinos\u00bbExpreso Whitbeck<\/p>\n\n\n\n<p>En ese sentido, Whitbeck enfatiz\u00f3 que la carta de entendimiento con Iberia representa un avance significativo en el esfuerzo por posicionar a Guatemala como uno de los destinos m\u00e1s destacados de Am\u00e9rica Latina.<\/p>\n\n\n\n<p>Igualmente, el acuerdo cumple con el objetivo de la pol\u00edtica de gobierno del presidente Ar\u00e9valo y la vicepresidenta, Karin Herrera, por fortalecer la cooperaci\u00f3n entre naciones. Asimismo, se potencia la atracci\u00f3n de inversiones y la consolidaci\u00f3n de la industria tur\u00edstica como un motor fundamental para el progreso del pa\u00eds.<\/p>\n\n\n\n<p>El presidente Ar\u00e9valo inici\u00f3 la semana pasada una gira oficial por varios pa\u00edses de Europa que incluy\u00f3 Alemania, Par\u00eds, Francia, B\u00e9lgica y Suiza.<\/p>\n\n\n\n<p>Este jueves, en Madrid, Espa\u00f1a, el Presidente se re\u00fanio tambi\u00e9n con el rey Felipe VI y con el presidente del Gobierno espa\u00f1ol, Pedro S\u00e1nchez. Adem\u00e1s, se prev\u00e9 que el gobernante sostenga reuniones con empresarios espa\u00f1oles.<\/p>\n\n\n\n<p>Durante su gira, Ar\u00e9valo ha estado acompa\u00f1ado del canciller Carlos Ramiro Mart\u00ednez, la viceministra de relaciones Exteriores, M\u00f3nica Bola\u00f1os y la secretaria Privada de la Presidencia, Ana Glenda Tager. Tambi\u00e9n acompa\u00f1a al gobernante su esposa, la doctora Lucrecia Peinado. Este jueves se les une, en Madrid, la ministra de Econom\u00eda Gabriela Garc\u00eda Quinn.<\/p>\n\n\n\n<p><a href=\"https:\/\/www.facebook.com\/hashtag\/girapresidencialeuropa?__eep__=6&amp;__cft__[0]=AZVTH2p1SwpAOlQQJZv1I6T87Ka8l1aPl8hueh0aO8R_JihUQk6GI6Lw60Yz9Yf7LF1excs-RjaNVFl1SFX_aoMRpOZgQbnaLgXjZHqccZ1eg70Gk55qGzGmSOzwKqVfijeWhYxxKRhFO3Y3kq9VrkpQ0j3X96waBm4xhE292zVivEUwDFQTJo5p0B4N6z5ALPA&amp;__tn__=*NK-R\">#girapresidencialeuropa<\/a><a href=\"https:\/\/www.facebook.com\/hashtag\/metroredes?__eep__=6&amp;__cft__[0]=AZVTH2p1SwpAOlQQJZv1I6T87Ka8l1aPl8hueh0aO8R_JihUQk6GI6Lw60Yz9Yf7LF1excs-RjaNVFl1SFX_aoMRpOZgQbnaLgXjZHqccZ1eg70Gk55qGzGmSOzwKqVfijeWhYxxKRhFO3Y3kq9VrkpQ0j3X96waBm4xhE292zVivEUwDFQTJo5p0B4N6z5ALPA&amp;__tn__=*NK-R\">#metroredes<\/a><a href=\"https:\/\/www.facebook.com\/hashtag\/bernardoarevalo?__eep__=6&amp;__cft__[0]=AZVTH2p1SwpAOlQQJZv1I6T87Ka8l1aPl8hueh0aO8R_JihUQk6GI6Lw60Yz9Yf7LF1excs-RjaNVFl1SFX_aoMRpOZgQbnaLgXjZHqccZ1eg70Gk55qGzGmSOzwKqVfijeWhYxxKRhFO3Y3kq9VrkpQ0j3X96waBm4xhE292zVivEUwDFQTJo5p0B4N6z5ALPA&amp;__tn__=*NK-R\">#bernardoarevalo<\/a><\/p>\n\n\n\n<figure class=\"wp-block-gallery has-nested-images columns-default is-cropped wp-block-gallery-1 is-layout-flex wp-block-gallery-is-layout-flex\">\n<figure class=\"wp-block-image size-large\"><img loading=\"lazy\" decoding=\"async\" width=\"1024\" height=\"512\" data-id=\"78539\" src=\"https:\/\/elmetropolitano.com.gt\/es\/wp-content\/uploads\/2024\/02\/428681254_886979763428108_1088931687812946417_n-1-1024x512.jpg\" alt=\"\" class=\"wp-image-78539\" srcset=\"https:\/\/elmetropolitano.com.gt\/es\/wp-content\/uploads\/2024\/02\/428681254_886979763428108_1088931687812946417_n-1-1024x512.jpg 1024w, https:\/\/elmetropolitano.com.gt\/es\/wp-content\/uploads\/2024\/02\/428681254_886979763428108_1088931687812946417_n-1-300x150.jpg 300w, https:\/\/elmetropolitano.com.gt\/es\/wp-content\/uploads\/2024\/02\/428681254_886979763428108_1088931687812946417_n-1-768x384.jpg 768w, https:\/\/elmetropolitano.com.gt\/es\/wp-content\/uploads\/2024\/02\/428681254_886979763428108_1088931687812946417_n-1.jpg 1140w\" sizes=\"auto, (max-width: 1024px) 100vw, 1024px\" \/><\/figure>\n\n\n\n<figure class=\"wp-block-image size-large\"><img loading=\"lazy\" decoding=\"async\" width=\"1024\" height=\"512\" data-id=\"78540\" src=\"https:\/\/elmetropolitano.com.gt\/es\/wp-content\/uploads\/2024\/02\/428707621_886979773428107_2680093508695567997_n-1024x512.jpg\" alt=\"\" class=\"wp-image-78540\" srcset=\"https:\/\/elmetropolitano.com.gt\/es\/wp-content\/uploads\/2024\/02\/428707621_886979773428107_2680093508695567997_n-1024x512.jpg 1024w, https:\/\/elmetropolitano.com.gt\/es\/wp-content\/uploads\/2024\/02\/428707621_886979773428107_2680093508695567997_n-300x150.jpg 300w, https:\/\/elmetropolitano.com.gt\/es\/wp-content\/uploads\/2024\/02\/428707621_886979773428107_2680093508695567997_n-768x384.jpg 768w, https:\/\/elmetropolitano.com.gt\/es\/wp-content\/uploads\/2024\/02\/428707621_886979773428107_2680093508695567997_n.jpg 1140w\" sizes=\"auto, (max-width: 1024px) 100vw, 1024px\" \/><\/figure>\n<\/figure>\n","protected":false},"excerpt":{"rendered":"<p>En presencia del presidente Bernardo Ar\u00e9valo, en calidad de testigo de honor, el Instituto Guatemalteco de Turismos (Inguat) y la compa\u00f1\u00eda L\u00edneas A\u00e9reas de Espa\u00f1a, S.A. (Iberia), firmaron una carta de entendimiento con el objetivo de fortalecer y fomentar los v\u00ednculos entre Guatemala y Europa, en especial en t\u00e9rminos de turismo. Con este acuerdo se <a class=\"read-more\" href=\"https:\/\/elmetropolitano.com.gt\/es\/inguat-e-iberia-firman-carta-de-entendimiento-en-presencia-del-presidente-bernardo-arevalo\/\">Leer m\u00e1s<\/a><\/p>\n","protected":false},"author":1,"featured_media":78538,"comment_status":"open","ping_status":"closed","sticky":false,"template":"","format":"standard","meta":{"footnotes":""},"categories":[2],"tags":[12],"class_list":["post-78537","post","type-post","status-publish","format-standard","has-post-thumbnail","hentry","category-nacionales","tag-nacionales"],"_links":{"self":[{"href":"https:\/\/elmetropolitano.com.gt\/es\/wp-json\/wp\/v2\/posts\/78537","targetHints":{"allow":["GET"]}}],"collection":[{"href":"https:\/\/elmetropolitano.com.gt\/es\/wp-json\/wp\/v2\/posts"}],"about":[{"href":"https:\/\/elmetropolitano.com.gt\/es\/wp-json\/wp\/v2\/types\/post"}],"author":[{"embeddable":true,"href":"https:\/\/elmetropolitano.com.gt\/es\/wp-json\/wp\/v2\/users\/1"}],"replies":[{"embeddable":true,"href":"https:\/\/elmetropolitano.com.gt\/es\/wp-json\/wp\/v2\/comments?post=78537"}],"version-history":[{"count":1,"href":"https:\/\/elmetropolitano.com.gt\/es\/wp-json\/wp\/v2\/posts\/78537\/revisions"}],"predecessor-version":[{"id":78541,"href":"https:\/\/elmetropolitano.com.gt\/es\/wp-json\/wp\/v2\/posts\/78537\/revisions\/78541"}],"wp:featuredmedia":[{"embeddable":true,"href":"https:\/\/elmetropolitano.com.gt\/es\/wp-json\/wp\/v2\/media\/78538"}],"wp:attachment":[{"href":"https:\/\/elmetropolitano.com.gt\/es\/wp-json\/wp\/v2\/media?parent=78537"}],"wp:term":[{"taxonomy":"category","embeddable":true,"href":"https:\/\/elmetropolitano.com.gt\/es\/wp-json\/wp\/v2\/categories?post=78537"},{"taxonomy":"post_tag","embeddable":true,"href":"https:\/\/elmetropolitano.com.gt\/es\/wp-json\/wp\/v2\/tags?post=78537"}],"curies":[{"name":"wp","href":"https:\/\/api.w.org\/{rel}","templated":true}]}}