{"id":78542,"date":"2024-02-22T12:49:59","date_gmt":"2024-02-22T18:49:59","guid":{"rendered":"https:\/\/elmetropolitano.com.gt\/es\/?p=78542"},"modified":"2024-02-22T12:49:59","modified_gmt":"2024-02-22T18:49:59","slug":"jefe-del-gobierno-espanol-ratifica-compromiso-de-espana-con-la-democracia","status":"publish","type":"post","link":"https:\/\/elmetropolitano.com.gt\/es\/jefe-del-gobierno-espanol-ratifica-compromiso-de-espana-con-la-democracia\/","title":{"rendered":"Jefe del Gobierno espa\u00f1ol ratifica compromiso de Espa\u00f1a con la democracia"},"content":{"rendered":"\n<p>El jefe del Gobierno espa\u00f1ol, Pedro S\u00e1nchez, garantiz\u00f3 este jueves al presidente de Guatemala, Bernardo Ar\u00e9valo, el pleno compromiso de Espa\u00f1a con la democracia de su pa\u00eds.<\/p>\n\n\n\n<p><a><\/a>Ello, tras los problemas que tuvo que sortear para hacer efectivo el relevo en la presidencia guatemalteca.<\/p><div class=\"elmet-contenido\" id=\"elmet-871108467\"><div class=\"elmet-adlabel\">Anuncios<\/div><div style=\"margin-top: 20px;margin-right: 20px;margin-bottom: 20px;margin-left: 20px;\" id=\"elmet-3390809992\"><a href=\"https:\/\/www.facebook.com\/arrincuanantigua\/\" aria-label=\"cintillo-arrin-cual\"><img loading=\"lazy\" decoding=\"async\" src=\"https:\/\/elmetropolitano.com.gt\/es\/wp-content\/uploads\/2021\/11\/cintillo-arrin-cual-1.jpg\" alt=\"\"  srcset=\"https:\/\/elmetropolitano.com.gt\/es\/wp-content\/uploads\/2021\/11\/cintillo-arrin-cual-1.jpg 750w, https:\/\/elmetropolitano.com.gt\/es\/wp-content\/uploads\/2021\/11\/cintillo-arrin-cual-1-300x36.jpg 300w, https:\/\/elmetropolitano.com.gt\/es\/wp-content\/uploads\/2021\/11\/cintillo-arrin-cual-1-600x72.jpg 600w\" sizes=\"(max-width: 750px) 100vw, 750px\" width=\"750\" height=\"90\"   \/><\/a><\/div><\/div>\n\n\n\n<p>Ar\u00e9valo, que se reuni\u00f3 con S\u00e1nchez en Madrid, asumi\u00f3 la presidencia de Guatemala el pasado 14 de enero.<\/p>\n\n\n\n<p>El jefe del Ejecutivo espa\u00f1ol ya le hab\u00eda trasladado su pleno apoyo ante las dificultades que estaba sufriendo Ar\u00e9valo para tomar posesi\u00f3n y en esta jornada se lo ratific\u00f3.<\/p>\n\n\n\n<p>Compromiso con la democracia<\/p>\n\n\n\n<p>S\u00e1nchez le reafirm\u00f3 el compromiso de Espa\u00f1a con la democracia, el Estado de Derecho y los derechos humanos en Guatemala.<\/p>\n\n\n\n<p>Asimismo, reiter\u00f3 su firme rechazo a las constantes e injustificadas interferencias judiciales, inform\u00f3 el Gobierno espa\u00f1ol.<\/p>\n\n\n\n<p>S\u00e1nchez escribi\u00f3 en redes sociales tras su reuni\u00f3n con Ar\u00e9valo:<\/p>\n\n\n\n<p>Gracias por tu ejemplo, liderazgo y compromiso con la democracia y los derechos humanos.<\/p>\n\n\n\n<p>Ambos coincidieron en calificar de excelentes las relaciones bilaterales y S\u00e1nchez expres\u00f3 su deseo de seguir profundizando en ellas. Adem\u00e1s, de que Espa\u00f1a se mantenga como el principal inversor europeo en Guatemala y con mayor presencia empresarial.<\/p>\n\n\n\n<p>Tambi\u00e9n puso en valor el compromiso de la cooperaci\u00f3n espa\u00f1ola en Guatemala, que se inici\u00f3 en 1990.<\/p>\n\n\n\n<p>Al respecto, mostr\u00f3 la voluntad de negociar un nuevo programa de cooperaci\u00f3n para 2025-2028 en el que se reflejen las prioridades del nuevo Gobierno de Guatemala para avanzar en el desarrollo del pa\u00eds.<\/p>\n\n\n\n<p>Firma de declaraci\u00f3n conjunta<\/p>\n\n\n\n<p>Con motivo de la reuni\u00f3n, se firm\u00f3 una declaraci\u00f3n conjunta en la que se explicita el compromiso mutuo con la democracia y los derechos humanos. En esta tambi\u00e9n se recogen las principales prioridades de la relaci\u00f3n bilateral.<\/p>\n\n\n\n<p>Resalta asimismo el objetivo com\u00fan de lograr la igualdad de g\u00e9nero. Lo anterior, mediante medidas de acci\u00f3n positiva que permitan a las mujeres acceder a espacios de decisi\u00f3n y luchar contra toda forma de violencia machista.<\/p>\n\n\n\n<p>Hay igualmente un reconocimiento al papel de los pueblos ind\u00edgenas en la defensa y construcci\u00f3n de la democracia, as\u00ed como del medio ambiente.<\/p>\n\n\n\n<p>Destaca tambi\u00e9n la importancia de impulsar la cooperaci\u00f3n en materia de cultura para promover el desarrollo sostenible y la preservaci\u00f3n del patrimonio. Asimismo, del acuerdo para la ordenaci\u00f3n de los flujos migratorios laborales firmado el a\u00f1o pasado para favorecer una migraci\u00f3n regular y segura.<\/p>\n\n\n\n<p>Los dos pa\u00edses expresan su preocupaci\u00f3n por los efectos adversos del cambio clim\u00e1tico en una regi\u00f3n especialmente vulnerable como es Centroam\u00e9rica y en especial Guatemala.<\/p>\n\n\n\n<p>Agenda institucional y empresarial<\/p>\n\n\n\n<p>Ar\u00e9valo se reuni\u00f3 con S\u00e1nchez tras haber sido recibido por el rey de Espa\u00f1a, Felipe VI, al inicio de su primera visita oficial a Espa\u00f1a.<\/p>\n\n\n\n<p>El mandatario guatemalteco expuso al monarca espa\u00f1ol la situaci\u00f3n en el pa\u00eds centroamericano despu\u00e9s de su primer mes de mandato. El jefe de Estado de Espa\u00f1a asisti\u00f3 en Guatemala a la toma de posesi\u00f3n de Ar\u00e9valo.<\/p>\n\n\n\n<p>Felipe VI dio la bienvenida a Ar\u00e9valo, que iba acompa\u00f1ado del ministro de Relaciones Exteriores, Carlos Ramiro Mart\u00ednez, y de la ministra de Econom\u00eda, Gabriela Garc\u00eda.<\/p>\n\n\n\n<p>Tras las reuniones, los reyes de Espa\u00f1a ofrecieron un almuerzo a Ar\u00e9valo.<\/p>\n\n\n\n<p>Encuentro empresarial<\/p>\n\n\n\n<p>En su segunda jornada en Espa\u00f1a, el viernes Ar\u00e9valo mantendr\u00e1 un encuentro con empresarios espa\u00f1oles en la Confederaci\u00f3n Espa\u00f1ola de Organizaciones Empresariales (CEOE).<\/p>\n\n\n\n<p>Luego, participar\u00e1 en la Tribuna EFE-Casa de Am\u00e9rica, en la que ser\u00e1 entrevistado por el presidente de la Agencia EFE, Miguel \u00c1ngel Oliver.<\/p>\n\n\n\n<p>Ar\u00e9valo llega a Espa\u00f1a despu\u00e9s de una gira europea por M\u00fanich (Alemania), donde particip\u00f3 en la Conferencia de Seguridad que anualmente acoge la ciudad alemana. Tambi\u00e9n mantuvo encuentros bilaterales con los presidentes de Ucrania, Volod\u00edmir Zelenski, e Israel, Isaac Herzog.<\/p>\n\n\n\n<p>A continuaci\u00f3n, el presidente guatemalteco se reuni\u00f3 en Par\u00eds con su hom\u00f3logo franc\u00e9s Emmanuel Macron. En Bruselas mantuvo un encuentro con el presidente del Consejo Europeo, Charles Michel.<\/p>\n\n\n\n<p><a href=\"https:\/\/www.facebook.com\/hashtag\/girapresidencialeuropa?__eep__=6&amp;__cft__[0]=AZWvUhDtTfA5rAA_axWMKOWI2gh9mmfWOyeHQxkMH9aQQ-AL08ZmrHnG3dWKqQ0O6NWF5fecpkFkDzhvzFKDj4gQ8q7mzqV02IgJVZIn0usmgKwE2QoBIyQ5rqzO4_Vf1S8mJEN1ICO2y2jc0RzydsFOqYUI-c-vwPKsJLLniayMg5vJW2SJULX8HbbFuZqyulA&amp;__tn__=*NK-R\">#girapresidencialeuropa<\/a><a href=\"https:\/\/www.facebook.com\/hashtag\/metroredes?__eep__=6&amp;__cft__[0]=AZWvUhDtTfA5rAA_axWMKOWI2gh9mmfWOyeHQxkMH9aQQ-AL08ZmrHnG3dWKqQ0O6NWF5fecpkFkDzhvzFKDj4gQ8q7mzqV02IgJVZIn0usmgKwE2QoBIyQ5rqzO4_Vf1S8mJEN1ICO2y2jc0RzydsFOqYUI-c-vwPKsJLLniayMg5vJW2SJULX8HbbFuZqyulA&amp;__tn__=*NK-R\">#metroredes<\/a><a href=\"https:\/\/www.facebook.com\/hashtag\/bernardoarevalo?__eep__=6&amp;__cft__[0]=AZWvUhDtTfA5rAA_axWMKOWI2gh9mmfWOyeHQxkMH9aQQ-AL08ZmrHnG3dWKqQ0O6NWF5fecpkFkDzhvzFKDj4gQ8q7mzqV02IgJVZIn0usmgKwE2QoBIyQ5rqzO4_Vf1S8mJEN1ICO2y2jc0RzydsFOqYUI-c-vwPKsJLLniayMg5vJW2SJULX8HbbFuZqyulA&amp;__tn__=*NK-R\">#bernardoarevalo<\/a><\/p>\n\n\n\n<p><a href=\"https:\/\/l.facebook.com\/l.php?u=http%3A%2F%2Fwww.elmetropolitano.com.gt%2F%3Ffbclid%3DIwAR1Wd75S5t5y3wgo1V7yQ4xXW3sAuRfkP9TYuTIJZHToNBxjQ6GJCr0nN_I&amp;h=AT053HnO0X12ilyfpFnSE_In30PMpXFfmJWXslyKln7GxKxPKWmXSz6vQgb9ufAfie-AVCvibwSQ6yHDpWcLoQkHaKJwlEy73EfdbdB95cXrBLTbP8kedr14c1nGiNixNjM7pdMuuaEWqGWTJxrt&amp;__tn__=-UK-R&amp;c[0]=AT1gj0MPY3FTzZM-0iEnnjHZMGYrIhRU-B_fsVYJMMrS6rEMGLicSbnf9_B8wYgl4rpuzFBKU9stEcVfZeZrBoWpSViPvMM8GqvQN_v5Vzqq6nje7mYLGAJO5gY2VcmrKf-RqHzLPzmBLNHx--0Ijjx0JW9Ffs4hLAzQNRPRyFCBawRseIaAyPfQimIhXCYRTA6_nsjNdip3\" target=\"_blank\" rel=\"noreferrer noopener\">www.elmetropolitano.com.gt<\/a><\/p>\n\n\n\n<p><\/p>\n","protected":false},"excerpt":{"rendered":"<p>El jefe del Gobierno espa\u00f1ol, Pedro S\u00e1nchez, garantiz\u00f3 este jueves al presidente de Guatemala, Bernardo Ar\u00e9valo, el pleno compromiso de Espa\u00f1a con la democracia de su pa\u00eds. Ello, tras los problemas que tuvo que sortear para hacer efectivo el relevo en la presidencia guatemalteca. Ar\u00e9valo, que se reuni\u00f3 con S\u00e1nchez en Madrid, asumi\u00f3 la presidencia <a class=\"read-more\" href=\"https:\/\/elmetropolitano.com.gt\/es\/jefe-del-gobierno-espanol-ratifica-compromiso-de-espana-con-la-democracia\/\">Leer m\u00e1s<\/a><\/p>\n","protected":false},"author":1,"featured_media":78543,"comment_status":"open","ping_status":"closed","sticky":false,"template":"","format":"standard","meta":{"footnotes":""},"categories":[2],"tags":[12],"class_list":["post-78542","post","type-post","status-publish","format-standard","has-post-thumbnail","hentry","category-nacionales","tag-nacionales"],"_links":{"self":[{"href":"https:\/\/elmetropolitano.com.gt\/es\/wp-json\/wp\/v2\/posts\/78542","targetHints":{"allow":["GET"]}}],"collection":[{"href":"https:\/\/elmetropolitano.com.gt\/es\/wp-json\/wp\/v2\/posts"}],"about":[{"href":"https:\/\/elmetropolitano.com.gt\/es\/wp-json\/wp\/v2\/types\/post"}],"author":[{"embeddable":true,"href":"https:\/\/elmetropolitano.com.gt\/es\/wp-json\/wp\/v2\/users\/1"}],"replies":[{"embeddable":true,"href":"https:\/\/elmetropolitano.com.gt\/es\/wp-json\/wp\/v2\/comments?post=78542"}],"version-history":[{"count":1,"href":"https:\/\/elmetropolitano.com.gt\/es\/wp-json\/wp\/v2\/posts\/78542\/revisions"}],"predecessor-version":[{"id":78544,"href":"https:\/\/elmetropolitano.com.gt\/es\/wp-json\/wp\/v2\/posts\/78542\/revisions\/78544"}],"wp:featuredmedia":[{"embeddable":true,"href":"https:\/\/elmetropolitano.com.gt\/es\/wp-json\/wp\/v2\/media\/78543"}],"wp:attachment":[{"href":"https:\/\/elmetropolitano.com.gt\/es\/wp-json\/wp\/v2\/media?parent=78542"}],"wp:term":[{"taxonomy":"category","embeddable":true,"href":"https:\/\/elmetropolitano.com.gt\/es\/wp-json\/wp\/v2\/categories?post=78542"},{"taxonomy":"post_tag","embeddable":true,"href":"https:\/\/elmetropolitano.com.gt\/es\/wp-json\/wp\/v2\/tags?post=78542"}],"curies":[{"name":"wp","href":"https:\/\/api.w.org\/{rel}","templated":true}]}}